{"id":21269,"date":"2019-04-15T07:25:33","date_gmt":"2019-04-15T07:25:33","guid":{"rendered":"http:\/\/www.starsislandlapalma.es\/palma-apago-luz-ver-estrellas\/"},"modified":"2019-04-15T09:54:31","modified_gmt":"2019-04-15T09:54:31","slug":"palma-apago-luz-ver-estrellas","status":"publish","type":"post","link":"https:\/\/www.starsislandlapalma.es\/en\/palma-apago-luz-ver-estrellas\/","title":{"rendered":"La Palma \u2018apag\u00f3 la luz\u2019 para ver las estrellas"},"content":{"rendered":"<p style=\"text-align: justify;\">La isla de La Palma \u201capag\u00f3 la luz\u201d entre las 22:00 y las 23:00 horas el pasado s\u00e1bado, 13 de abril, en la convocatoria de una nueva edici\u00f3n de la iniciativa &#8216;Apaga la luz y enciende las estrellas&#8217; con la que se rinde tributo al patrimonio natural de los cielos de La Palma, a la vez que se conmemora el aniversario de la Declaraci\u00f3n Starlight que se promulg\u00f3 en la isla<\/p>\n<p>&#8216;Apaga la luz y enciende las estrellas&#8217; es una actividad impulsada y financiado por la Consejeria de Turismo del Cabildo Insular de La Palma y cuenta con la organizaci\u00f3n de cada uno de los ayuntamientos de la isla. Adem\u00e1s, en esta iniciativa colaboran entidades como la Fundaci\u00f3n Starlight, el programa de desarrollo europeo Interreg Night Light y las empresas emprendedoras de astroturismo de la isla. Este a\u00f1o tambi\u00e9n han participado en la convocatoria las casi 100 personas que se han formado en los cursos de gu\u00edas y monitores Starlight que han organizado y desarrollado en la isla la Consejer\u00eda de Turismo y la Fundaci\u00f3n Starlight.<\/p>\n<p>Espacios emblem\u00e1ticos de cada uno de los 14 pueblos de la isla acogieron esta iniciativa consistente en una propuesta cultural -en la mayor\u00eda de los casos, conciertos- seguida de una observaci\u00f3n de los astros con telescopios, en la mayor\u00eda de los casos guiadas y comentadas por profesionales del astroturismo y gu\u00edas o monitores starlight.<\/p>\n","protected":false},"excerpt":{"rendered":"<p>La isla de La Palma \u201capag\u00f3 la luz\u201d entre las 22:00 y las 23:00 horas el pasado s\u00e1bado, 13 de abril, en la convocatoria de una nueva edici\u00f3n de la iniciativa &#8216;Apaga la luz y enciende las estrellas&#8217; con la que se rinde tributo al&#8230;<\/p>\n","protected":false},"author":2,"featured_media":21276,"comment_status":"open","ping_status":"open","sticky":false,"template":"","format":"standard","meta":{"footnotes":""},"categories":[136],"tags":[175,109],"yoast_head":"<!-- This site is optimized with the Yoast SEO plugin v24.5 - https:\/\/yoast.com\/wordpress\/plugins\/seo\/ -->\n<title>La Palma \u2018apag\u00f3 la luz\u2019 para ver las estrellas &#8902; Stars Island La Palma<\/title>\n<meta name=\"robots\" content=\"index, follow, max-snippet:-1, max-image-preview:large, max-video-preview:-1\" \/>\n<link rel=\"canonical\" href=\"https:\/\/www.starsislandlapalma.es\/en\/palma-apago-luz-ver-estrellas\/\" \/>\n<meta property=\"og:locale\" content=\"en_US\" \/>\n<meta property=\"og:type\" content=\"article\" \/>\n<meta property=\"og:title\" content=\"La Palma \u2018apag\u00f3 la luz\u2019 para ver las estrellas &#8902; Stars Island La Palma\" \/>\n<meta property=\"og:description\" content=\"La isla de La Palma \u201capag\u00f3 la luz\u201d entre las 22:00 y las 23:00 horas el pasado s\u00e1bado, 13 de abril, en la convocatoria de una nueva edici\u00f3n de la iniciativa &#8216;Apaga la luz y enciende las estrellas&#8217; con la que se rinde tributo al...\" \/>\n<meta property=\"og:url\" content=\"https:\/\/www.starsislandlapalma.es\/en\/palma-apago-luz-ver-estrellas\/\" \/>\n<meta property=\"og:site_name\" content=\"Stars Island La Palma\" \/>\n<meta property=\"article:publisher\" content=\"https:\/\/www.facebook.com\/pages\/Starsisland-La-Palma\/210888162375006?ref=hl\" \/>\n<meta property=\"article:published_time\" content=\"2019-04-15T07:25:33+00:00\" \/>\n<meta property=\"article:modified_time\" content=\"2019-04-15T09:54:31+00:00\" \/>\n<meta property=\"og:image\" content=\"https:\/\/www.starsislandlapalma.es\/wp-content\/uploads\/2019\/04\/130419-Apaga-la-luz-y-enciende-las-estrellas-2019-0.jpg\" \/>\n\t<meta property=\"og:image:width\" content=\"1300\" \/>\n\t<meta property=\"og:image:height\" content=\"900\" \/>\n\t<meta property=\"og:image:type\" content=\"image\/jpeg\" \/>\n<meta name=\"author\" content=\"StarIsland\" \/>\n<meta name=\"twitter:label1\" content=\"Written by\" \/>\n\t<meta name=\"twitter:data1\" content=\"StarIsland\" \/>\n\t<meta name=\"twitter:label2\" content=\"Est. reading time\" \/>\n\t<meta name=\"twitter:data2\" content=\"1 minute\" \/>\n<script type=\"application\/ld+json\" class=\"yoast-schema-graph\">{\"@context\":\"https:\/\/schema.org\",\"@graph\":[{\"@type\":\"Article\",\"@id\":\"https:\/\/www.starsislandlapalma.es\/en\/palma-apago-luz-ver-estrellas\/#article\",\"isPartOf\":{\"@id\":\"https:\/\/www.starsislandlapalma.es\/en\/palma-apago-luz-ver-estrellas\/\"},\"author\":{\"name\":\"StarIsland\",\"@id\":\"https:\/\/www.starsislandlapalma.es\/#\/schema\/person\/f13229a3b841af335ecd3f1dbd12ac3a\"},\"headline\":\"La Palma \u2018apag\u00f3 la luz\u2019 para ver las estrellas\",\"datePublished\":\"2019-04-15T07:25:33+00:00\",\"dateModified\":\"2019-04-15T09:54:31+00:00\",\"mainEntityOfPage\":{\"@id\":\"https:\/\/www.starsislandlapalma.es\/en\/palma-apago-luz-ver-estrellas\/\"},\"wordCount\":250,\"commentCount\":0,\"publisher\":{\"@id\":\"https:\/\/www.starsislandlapalma.es\/#organization\"},\"image\":{\"@id\":\"https:\/\/www.starsislandlapalma.es\/en\/palma-apago-luz-ver-estrellas\/#primaryimage\"},\"thumbnailUrl\":\"https:\/\/www.starsislandlapalma.es\/wp-content\/uploads\/2019\/04\/130419-Apaga-la-luz-y-enciende-las-estrellas-2019-0.jpg\",\"keywords\":[\"astroturismo\",\"starlight\"],\"articleSection\":[\"News\"],\"inLanguage\":\"en-US\",\"potentialAction\":[{\"@type\":\"CommentAction\",\"name\":\"Comment\",\"target\":[\"https:\/\/www.starsislandlapalma.es\/en\/palma-apago-luz-ver-estrellas\/#respond\"]}]},{\"@type\":\"WebPage\",\"@id\":\"https:\/\/www.starsislandlapalma.es\/en\/palma-apago-luz-ver-estrellas\/\",\"url\":\"https:\/\/www.starsislandlapalma.es\/en\/palma-apago-luz-ver-estrellas\/\",\"name\":\"La Palma \u2018apag\u00f3 la luz\u2019 para ver las estrellas &#8902; Stars Island La Palma\",\"isPartOf\":{\"@id\":\"https:\/\/www.starsislandlapalma.es\/#website\"},\"primaryImageOfPage\":{\"@id\":\"https:\/\/www.starsislandlapalma.es\/en\/palma-apago-luz-ver-estrellas\/#primaryimage\"},\"image\":{\"@id\":\"https:\/\/www.starsislandlapalma.es\/en\/palma-apago-luz-ver-estrellas\/#primaryimage\"},\"thumbnailUrl\":\"https:\/\/www.starsislandlapalma.es\/wp-content\/uploads\/2019\/04\/130419-Apaga-la-luz-y-enciende-las-estrellas-2019-0.jpg\",\"datePublished\":\"2019-04-15T07:25:33+00:00\",\"dateModified\":\"2019-04-15T09:54:31+00:00\",\"breadcrumb\":{\"@id\":\"https:\/\/www.starsislandlapalma.es\/en\/palma-apago-luz-ver-estrellas\/#breadcrumb\"},\"inLanguage\":\"en-US\",\"potentialAction\":[{\"@type\":\"ReadAction\",\"target\":[\"https:\/\/www.starsislandlapalma.es\/en\/palma-apago-luz-ver-estrellas\/\"]}]},{\"@type\":\"ImageObject\",\"inLanguage\":\"en-US\",\"@id\":\"https:\/\/www.starsislandlapalma.es\/en\/palma-apago-luz-ver-estrellas\/#primaryimage\",\"url\":\"https:\/\/www.starsislandlapalma.es\/wp-content\/uploads\/2019\/04\/130419-Apaga-la-luz-y-enciende-las-estrellas-2019-0.jpg\",\"contentUrl\":\"https:\/\/www.starsislandlapalma.es\/wp-content\/uploads\/2019\/04\/130419-Apaga-la-luz-y-enciende-las-estrellas-2019-0.jpg\",\"width\":1300,\"height\":900},{\"@type\":\"BreadcrumbList\",\"@id\":\"https:\/\/www.starsislandlapalma.es\/en\/palma-apago-luz-ver-estrellas\/#breadcrumb\",\"itemListElement\":[{\"@type\":\"ListItem\",\"position\":1,\"name\":\"Portada\",\"item\":\"https:\/\/www.starsislandlapalma.es\/en\/\"},{\"@type\":\"ListItem\",\"position\":2,\"name\":\"La Palma \u2018apag\u00f3 la luz\u2019 para ver las estrellas\"}]},{\"@type\":\"WebSite\",\"@id\":\"https:\/\/www.starsislandlapalma.es\/#website\",\"url\":\"https:\/\/www.starsislandlapalma.es\/\",\"name\":\"Stars Island La Palma\",\"description\":\"La Palma, el lugar perfecto para disfrutar del universo. Primera Reserva Starlight del mundo, en 2012 se reconoce como Destino Tur\u00edstico Starlight\",\"publisher\":{\"@id\":\"https:\/\/www.starsislandlapalma.es\/#organization\"},\"potentialAction\":[{\"@type\":\"SearchAction\",\"target\":{\"@type\":\"EntryPoint\",\"urlTemplate\":\"https:\/\/www.starsislandlapalma.es\/?s={search_term_string}\"},\"query-input\":{\"@type\":\"PropertyValueSpecification\",\"valueRequired\":true,\"valueName\":\"search_term_string\"}}],\"inLanguage\":\"en-US\"},{\"@type\":\"Organization\",\"@id\":\"https:\/\/www.starsislandlapalma.es\/#organization\",\"name\":\"Star Island La Palma\",\"url\":\"https:\/\/www.starsislandlapalma.es\/\",\"logo\":{\"@type\":\"ImageObject\",\"inLanguage\":\"en-US\",\"@id\":\"https:\/\/www.starsislandlapalma.es\/#\/schema\/logo\/image\/\",\"url\":\"https:\/\/www.starsislandlapalma.es\/wp-content\/uploads\/2022\/01\/logo_starisland.png\",\"contentUrl\":\"https:\/\/www.starsislandlapalma.es\/wp-content\/uploads\/2022\/01\/logo_starisland.png\",\"width\":172,\"height\":139,\"caption\":\"Star Island La Palma\"},\"image\":{\"@id\":\"https:\/\/www.starsislandlapalma.es\/#\/schema\/logo\/image\/\"},\"sameAs\":[\"https:\/\/www.facebook.com\/pages\/Starsisland-La-Palma\/210888162375006?ref=hl\",\"https:\/\/x.com\/starsislandlapa\",\"https:\/\/www.pinterest.com\/astroturismo\/\",\"https:\/\/www.youtube.com\/channel\/UCV7sju1ggcBpJG39HQCBtsA\"]},{\"@type\":\"Person\",\"@id\":\"https:\/\/www.starsislandlapalma.es\/#\/schema\/person\/f13229a3b841af335ecd3f1dbd12ac3a\",\"name\":\"StarIsland\",\"image\":{\"@type\":\"ImageObject\",\"inLanguage\":\"en-US\",\"@id\":\"https:\/\/www.starsislandlapalma.es\/#\/schema\/person\/image\/\",\"url\":\"https:\/\/secure.gravatar.com\/avatar\/3cfee98e8471f9b7d33d9e257374fe5d?s=96&d=mm&r=g\",\"contentUrl\":\"https:\/\/secure.gravatar.com\/avatar\/3cfee98e8471f9b7d33d9e257374fe5d?s=96&d=mm&r=g\",\"caption\":\"StarIsland\"},\"url\":\"https:\/\/www.starsislandlapalma.es\/en\/author\/starisland\/\"}]}<\/script>\n<!-- \/ Yoast SEO plugin. -->","yoast_head_json":{"title":"La Palma \u2018apag\u00f3 la luz\u2019 para ver las estrellas &#8902; Stars Island La Palma","robots":{"index":"index","follow":"follow","max-snippet":"max-snippet:-1","max-image-preview":"max-image-preview:large","max-video-preview":"max-video-preview:-1"},"canonical":"https:\/\/www.starsislandlapalma.es\/en\/palma-apago-luz-ver-estrellas\/","og_locale":"en_US","og_type":"article","og_title":"La Palma \u2018apag\u00f3 la luz\u2019 para ver las estrellas &#8902; Stars Island La Palma","og_description":"La isla de La Palma \u201capag\u00f3 la luz\u201d entre las 22:00 y las 23:00 horas el pasado s\u00e1bado, 13 de abril, en la convocatoria de una nueva edici\u00f3n de la iniciativa &#8216;Apaga la luz y enciende las estrellas&#8217; con la que se rinde tributo al...","og_url":"https:\/\/www.starsislandlapalma.es\/en\/palma-apago-luz-ver-estrellas\/","og_site_name":"Stars Island La Palma","article_publisher":"https:\/\/www.facebook.com\/pages\/Starsisland-La-Palma\/210888162375006?ref=hl","article_published_time":"2019-04-15T07:25:33+00:00","article_modified_time":"2019-04-15T09:54:31+00:00","og_image":[{"width":1300,"height":900,"url":"https:\/\/www.starsislandlapalma.es\/wp-content\/uploads\/2019\/04\/130419-Apaga-la-luz-y-enciende-las-estrellas-2019-0.jpg","type":"image\/jpeg"}],"author":"StarIsland","twitter_misc":{"Written by":"StarIsland","Est. reading time":"1 minute"},"schema":{"@context":"https:\/\/schema.org","@graph":[{"@type":"Article","@id":"https:\/\/www.starsislandlapalma.es\/en\/palma-apago-luz-ver-estrellas\/#article","isPartOf":{"@id":"https:\/\/www.starsislandlapalma.es\/en\/palma-apago-luz-ver-estrellas\/"},"author":{"name":"StarIsland","@id":"https:\/\/www.starsislandlapalma.es\/#\/schema\/person\/f13229a3b841af335ecd3f1dbd12ac3a"},"headline":"La Palma \u2018apag\u00f3 la luz\u2019 para ver las estrellas","datePublished":"2019-04-15T07:25:33+00:00","dateModified":"2019-04-15T09:54:31+00:00","mainEntityOfPage":{"@id":"https:\/\/www.starsislandlapalma.es\/en\/palma-apago-luz-ver-estrellas\/"},"wordCount":250,"commentCount":0,"publisher":{"@id":"https:\/\/www.starsislandlapalma.es\/#organization"},"image":{"@id":"https:\/\/www.starsislandlapalma.es\/en\/palma-apago-luz-ver-estrellas\/#primaryimage"},"thumbnailUrl":"https:\/\/www.starsislandlapalma.es\/wp-content\/uploads\/2019\/04\/130419-Apaga-la-luz-y-enciende-las-estrellas-2019-0.jpg","keywords":["astroturismo","starlight"],"articleSection":["News"],"inLanguage":"en-US","potentialAction":[{"@type":"CommentAction","name":"Comment","target":["https:\/\/www.starsislandlapalma.es\/en\/palma-apago-luz-ver-estrellas\/#respond"]}]},{"@type":"WebPage","@id":"https:\/\/www.starsislandlapalma.es\/en\/palma-apago-luz-ver-estrellas\/","url":"https:\/\/www.starsislandlapalma.es\/en\/palma-apago-luz-ver-estrellas\/","name":"La Palma \u2018apag\u00f3 la luz\u2019 para ver las estrellas &#8902; Stars Island La Palma","isPartOf":{"@id":"https:\/\/www.starsislandlapalma.es\/#website"},"primaryImageOfPage":{"@id":"https:\/\/www.starsislandlapalma.es\/en\/palma-apago-luz-ver-estrellas\/#primaryimage"},"image":{"@id":"https:\/\/www.starsislandlapalma.es\/en\/palma-apago-luz-ver-estrellas\/#primaryimage"},"thumbnailUrl":"https:\/\/www.starsislandlapalma.es\/wp-content\/uploads\/2019\/04\/130419-Apaga-la-luz-y-enciende-las-estrellas-2019-0.jpg","datePublished":"2019-04-15T07:25:33+00:00","dateModified":"2019-04-15T09:54:31+00:00","breadcrumb":{"@id":"https:\/\/www.starsislandlapalma.es\/en\/palma-apago-luz-ver-estrellas\/#breadcrumb"},"inLanguage":"en-US","potentialAction":[{"@type":"ReadAction","target":["https:\/\/www.starsislandlapalma.es\/en\/palma-apago-luz-ver-estrellas\/"]}]},{"@type":"ImageObject","inLanguage":"en-US","@id":"https:\/\/www.starsislandlapalma.es\/en\/palma-apago-luz-ver-estrellas\/#primaryimage","url":"https:\/\/www.starsislandlapalma.es\/wp-content\/uploads\/2019\/04\/130419-Apaga-la-luz-y-enciende-las-estrellas-2019-0.jpg","contentUrl":"https:\/\/www.starsislandlapalma.es\/wp-content\/uploads\/2019\/04\/130419-Apaga-la-luz-y-enciende-las-estrellas-2019-0.jpg","width":1300,"height":900},{"@type":"BreadcrumbList","@id":"https:\/\/www.starsislandlapalma.es\/en\/palma-apago-luz-ver-estrellas\/#breadcrumb","itemListElement":[{"@type":"ListItem","position":1,"name":"Portada","item":"https:\/\/www.starsislandlapalma.es\/en\/"},{"@type":"ListItem","position":2,"name":"La Palma \u2018apag\u00f3 la luz\u2019 para ver las estrellas"}]},{"@type":"WebSite","@id":"https:\/\/www.starsislandlapalma.es\/#website","url":"https:\/\/www.starsislandlapalma.es\/","name":"Stars Island La Palma","description":"La Palma, el lugar perfecto para disfrutar del universo. Primera Reserva Starlight del mundo, en 2012 se reconoce como Destino Tur\u00edstico Starlight","publisher":{"@id":"https:\/\/www.starsislandlapalma.es\/#organization"},"potentialAction":[{"@type":"SearchAction","target":{"@type":"EntryPoint","urlTemplate":"https:\/\/www.starsislandlapalma.es\/?s={search_term_string}"},"query-input":{"@type":"PropertyValueSpecification","valueRequired":true,"valueName":"search_term_string"}}],"inLanguage":"en-US"},{"@type":"Organization","@id":"https:\/\/www.starsislandlapalma.es\/#organization","name":"Star Island La Palma","url":"https:\/\/www.starsislandlapalma.es\/","logo":{"@type":"ImageObject","inLanguage":"en-US","@id":"https:\/\/www.starsislandlapalma.es\/#\/schema\/logo\/image\/","url":"https:\/\/www.starsislandlapalma.es\/wp-content\/uploads\/2022\/01\/logo_starisland.png","contentUrl":"https:\/\/www.starsislandlapalma.es\/wp-content\/uploads\/2022\/01\/logo_starisland.png","width":172,"height":139,"caption":"Star Island La Palma"},"image":{"@id":"https:\/\/www.starsislandlapalma.es\/#\/schema\/logo\/image\/"},"sameAs":["https:\/\/www.facebook.com\/pages\/Starsisland-La-Palma\/210888162375006?ref=hl","https:\/\/x.com\/starsislandlapa","https:\/\/www.pinterest.com\/astroturismo\/","https:\/\/www.youtube.com\/channel\/UCV7sju1ggcBpJG39HQCBtsA"]},{"@type":"Person","@id":"https:\/\/www.starsislandlapalma.es\/#\/schema\/person\/f13229a3b841af335ecd3f1dbd12ac3a","name":"StarIsland","image":{"@type":"ImageObject","inLanguage":"en-US","@id":"https:\/\/www.starsislandlapalma.es\/#\/schema\/person\/image\/","url":"https:\/\/secure.gravatar.com\/avatar\/3cfee98e8471f9b7d33d9e257374fe5d?s=96&d=mm&r=g","contentUrl":"https:\/\/secure.gravatar.com\/avatar\/3cfee98e8471f9b7d33d9e257374fe5d?s=96&d=mm&r=g","caption":"StarIsland"},"url":"https:\/\/www.starsislandlapalma.es\/en\/author\/starisland\/"}]}},"_links":{"self":[{"href":"https:\/\/www.starsislandlapalma.es\/en\/wp-json\/wp\/v2\/posts\/21269\/"}],"collection":[{"href":"https:\/\/www.starsislandlapalma.es\/en\/wp-json\/wp\/v2\/posts\/"}],"about":[{"href":"https:\/\/www.starsislandlapalma.es\/en\/wp-json\/wp\/v2\/types\/post\/"}],"author":[{"embeddable":true,"href":"https:\/\/www.starsislandlapalma.es\/en\/wp-json\/wp\/v2\/users\/2\/"}],"replies":[{"embeddable":true,"href":"https:\/\/www.starsislandlapalma.es\/en\/wp-json\/wp\/v2\/comments\/?post=21269"}],"version-history":[{"count":0,"href":"https:\/\/www.starsislandlapalma.es\/en\/wp-json\/wp\/v2\/posts\/21269\/revisions\/"}],"wp:featuredmedia":[{"embeddable":true,"href":"https:\/\/www.starsislandlapalma.es\/en\/wp-json\/wp\/v2\/media\/21276\/"}],"wp:attachment":[{"href":"https:\/\/www.starsislandlapalma.es\/en\/wp-json\/wp\/v2\/media\/?parent=21269"}],"wp:term":[{"taxonomy":"category","embeddable":true,"href":"https:\/\/www.starsislandlapalma.es\/en\/wp-json\/wp\/v2\/categories\/?post=21269"},{"taxonomy":"post_tag","embeddable":true,"href":"https:\/\/www.starsislandlapalma.es\/en\/wp-json\/wp\/v2\/tags\/?post=21269"}],"curies":[{"name":"wp","href":"https:\/\/api.w.org\/{rel}","templated":true}]}}