{"id":22192,"date":"2021-04-28T07:06:00","date_gmt":"2021-04-28T07:06:00","guid":{"rendered":"https:\/\/www.starsislandlapalma.es\/la-xvi-edicion-del-festivalito-la-palma-tendra-este-ano-dos-sedes-en-el-paso-y-los-llanos-de-aridane\/"},"modified":"2021-04-28T07:06:00","modified_gmt":"2021-04-28T07:06:00","slug":"la-xvi-edicion-del-festivalito-la-palma-tendra-este-ano-dos-sedes-en-el-paso-y-los-llanos-de-aridane","status":"publish","type":"post","link":"https:\/\/www.starsislandlapalma.es\/en\/la-xvi-edicion-del-festivalito-la-palma-tendra-este-ano-dos-sedes-en-el-paso-y-los-llanos-de-aridane\/","title":{"rendered":"La XVI edici\u00f3n del Festivalito La Palma tendr\u00e1 este a\u00f1o dos sedes, en El Paso y Los Llanos de Aridane"},"content":{"rendered":"\n<p><em>La consejera de Cultura anuncia la puesta en marcha del \u2018Festivalito Lab\u2019, una propuesta con el que se quiere impulsar el desarrollo del sector audiovisual canario<\/em><\/p>\n\n\n\n<p><em>Ra\u00fal Camacho destaca el \u00e9xito de convocatoria del concurso \u2018La Palma Rueda\u2019, que resulta clave de la promoci\u00f3n de La Palma como plat\u00f3 de cine y al que se han inscrito 95 cineastas<\/em><\/p>\n\n\n\n<p>La consejera insular de Cultura y el titular de Turismo del Cabildo de La Palma, Jovita Monterrey y Ra\u00fal Camacho, respectivamente, presentaron hoy, en el Museo Arqueol\u00f3gico Benahoarita, la XVI edici\u00f3n del Festivalito La Palma, que tendr\u00e1 lugar del 14 al 22 de mayo y que, por primera vez este a\u00f1o, incluye dos escenarios o sedes principales, en El Paso y en Los Llanos de Aridane.<\/p>\n\n\n\n<p>Al acto asistieron tambi\u00e9n Charo Gonz\u00e1lez e Irinova Hern\u00e1ndez, concejalas de Cultura de los ayuntamientos de Los Llanos de Aridane y El Paso que participan en la organizaci\u00f3n, as\u00ed como el director general de Cultura del Gobierno de Canarias, Rub\u00e9n P\u00e9rez, y el director del Festivalito, Jos\u00e9 V\u00edctor Fuentes.<\/p>\n\n\n\n<p>Monterrey destac\u00f3 el importante reconocimiento que este evento ha cosechado a lo largo de su trayectoria, tanto en el panorama regional y nacional como internacional y explic\u00f3 que la idea de dividir en dos los escenarios esenciales de la muestra busca, entre otros objetivos, llegar a un mayor n\u00famero de personas.<\/p>\n\n\n\n<p>\u201cDesde el \u00c1rea de Cultura del Cabildo seguimos apostando por este encuentro de cine que se ha convertido en una cita obligada para el sector audiovisual de Canarias y en la que no solo se exhibe, sino sobre todo se contribuye a crear cine y promover un sector cultural que cuenta con un importante potencial de crecimiento en Canarias\u201d, manifest\u00f3.<\/p>\n\n\n\n<p>En este contexto, Monterrey destac\u00f3 como otra de las grandes novedades de este a\u00f1o, la puesta en marcha del <em>Festivalito Lab<\/em>, una propuesta concebida por los creadores de este festival para ayudar a impulsar el sector audiovisual canario a trav\u00e9s de talleres, charlas, presentaciones, <em>pitching<\/em> y encuentros de cineastas noveles y productoras n\u00f3veles.<\/p>\n\n\n\n<p>La inauguraci\u00f3n del Festivalito tendr\u00e1 lugar el viernes 14 en la plaza Francisca Gazmira del municipio de El Paso, donde se desarrollar\u00e1 hasta el martes 18. Posteriormente&nbsp; se trasladar\u00e1 a Los Llanos de Aridane, en el que est\u00e1 prevista la ceremonia de clausura, el s\u00e1bado 22 de mayo, en la plaza de Espa\u00f1a. \u201cEn ambos municipios contaremos con proyecciones, charlas, talleres y conciertos que ser\u00e1n las actividades complementarias al acto principal que es el concurso <em>La Palma Rueda\u201d<\/em>, explic\u00f3 la consejera.<\/p>\n\n\n\n<p>Con relaci\u00f3n a este \u00faltimo punto, el m\u00e1ximo responsable insular de Turismo resalt\u00f3 el \u00e9xito de convocatoria que est\u00e1 teniendo en esta edici\u00f3n el certamen, que cuenta con 200 inscripciones, y la importancia que tiene para la promoci\u00f3n de la isla como plat\u00f3 de cine, en la medida en que congrega a cineastas, int\u00e9rpretes y t\u00e9cnicos llegados de distintas partes del mundo para idear y realizar un cortometraje en menos de una semana a partir de un lema dado.<\/p>\n\n\n\n<p><em>\u201cA <\/em>falta de dos semanas para cerrar inscripciones, ya se han apuntado 200 personas, de las cuales 95 son cineastas, lo que supone que en esa semana se rodar\u00e1n en La Palma casi un centenar de producciones audiovisuales que posteriormente se proyectar\u00e1n, no solo aqu\u00ed sino en otras islas y estar\u00e1n disponibles en Internet, por lo que son un importante elemento para dar a conocer nuestra isla desde todos los \u00e1ngulos\u201d, se\u00f1al\u00f3.<\/p>\n\n\n\n<p>Por su parte, el director general de Cultura del Gobierno de Canarias, Rub\u00e9n P\u00e9rez, resalt\u00f3 la apuesta que el Ejecutivo Regional contin\u00faa haciendo por la cultura y por eventos consolidados como el Festivalito, que ponen de relieve la necesidad de continuar impulsando el s\u00e9ptimo arte, especialmente en un contexto complejo como el actual.<\/p>\n\n\n\n<p>\u201cDesde el Gobierno de Canarias siempre hemos cre\u00eddo que la cultura es esencial para una sociedad desarrollada a todos los niveles, ya que nos abre una ventana a nuevas experiencias y, en este caso, nos hace ver una isla desde La Palma desde distintas perspectivas y que sirve de plat\u00f3 para contar tantas historias como podamos imaginar\u201d, manifest\u00f3.<\/p>\n\n\n\n<p>La concejala de Cultura de Los Llanos de Aridane, Charo Gonz\u00e1lez, recuerda que el Festivalito fue uno de los primeros eventos que se desarroll\u00f3 en la isla el pasado a\u00f1o, tras el confinamiento, cumpliendo con todas las medidas de sanidad y seguridad, y fue un \u00e9xito. Gonz\u00e1lez destac\u00f3 la importancia que tiene el Festivalito para integrar a personas j\u00f3venes, adultas y mayores e invitarlas a formar parte, de una forma u otra, de este acto.<\/p>\n\n\n\n<p>La responsable de Cultura de El Paso, Irinova Hern\u00e1ndez, incidi\u00f3 en que el Festivalito es un evento \u00fanico en Canarias y puso de manifiesto que este cumple con varios objetivos que lleva a cabo la Corporaci\u00f3n Local, como son la promoci\u00f3n tur\u00edstica, la dinamizaci\u00f3n de la isla y el municipio y el apoyo a empresas y artistas locales, \u201caspectos fundamentales para el desarrollo del municipio\u201d, defendi\u00f3.<\/p>\n\n\n\n<p>El director del Festivalito, Jos\u00e9 V\u00edctor Fuentes, explic\u00f3 que otras de las novedades de la edici\u00f3n de este a\u00f1o es el desarrollo del Campus Festivalito, que se desarrollar\u00e1 la primera semana del mes de julio en Santa Cruz de La Palma, y estar\u00e1 dirigido a ni\u00f1as y ni\u00f1os y j\u00f3venes que podr\u00e1n disfrutar de talleres, charlas y proyecciones.<\/p>\n\n\n\n<p><strong>Estrella Polar Festivalito 2021<\/strong><\/p>\n\n\n\n<p>Jos\u00e9 V\u00edctor Fuentes, expuso los distintos actos que se incluyen en el programa de actividades y anunci\u00f3 que la Estrella Polar Festivalito de 2021 recaer\u00e1 este a\u00f1o en Petite Lorena, humorista y actriz natural de La Palma, y a la reconocida actriz, cineasta, escritora y modelo Mabel Lozano.<\/p>\n\n\n\n<p>\u201cEste galard\u00f3n pretende rendir homenaje a estas dos artistas que defienden que el cine y el arte de contar historias hay que llevarlo a cabo sin ning\u00fan tipo de concesiones, de forma atrevida, fresca, descarada y desde las entra\u00f1as\u201d, remarc\u00f3 Jos\u00e9 V\u00edctor Fuentes.<\/p>\n\n\n\n<p>El Festivalito est\u00e1 organizado por la productora Chukumi Studio. Su m\u00e1ximo impulsor es el Cabildo de La Palma, a trav\u00e9s de la Consejer\u00eda Cultura y Patrimonio Hist\u00f3rico y de la Consejer\u00eda de Turismo. Es tambi\u00e9n patrocinador del certamen el Gobierno de Canarias a trav\u00e9s del Instituto Canario de Desarrollo Cultural y de Promotour, as\u00ed como el Ayuntamiento de Los Llanos de Aridane y el Ayuntamiento de El Paso.&nbsp;Adem\u00e1s, cuenta con el patrocinio y colaboraci\u00f3n de diferentes empresas como Cajamar, Universidad del Atl\u00e1ntico Medio, Digital 104, Autos Oasis, Viajes insular, Fundaci\u00f3n Cajamar, Isla Bonita Love Festival, Fundaci\u00f3n Canaria Reserva Mundial de la Biosfera de La Palma, entre otros.<\/p>\n\n\n\n<iframe width=\"560\" height=\"315\" src=\"https:\/\/www.youtube.com\/embed\/_qxAPYw-wkA\" title=\"YouTube video player\" frameborder=\"0\" allow=\"accelerometer; autoplay; clipboard-write; encrypted-media; gyroscope; picture-in-picture\" allowfullscreen><\/iframe>\n","protected":false},"excerpt":{"rendered":"<p>La consejera de Cultura anuncia la puesta en marcha del \u2018Festivalito Lab\u2019, una propuesta con el que se quiere impulsar el desarrollo del sector audiovisual canario Ra\u00fal Camacho destaca el \u00e9xito de convocatoria del concurso \u2018La Palma Rueda\u2019, que resulta clave de la promoci\u00f3n de&#8230;<\/p>\n","protected":false},"author":4,"featured_media":22188,"comment_status":"open","ping_status":"open","sticky":false,"template":"","format":"standard","meta":{"footnotes":""},"categories":[136],"tags":[],"yoast_head":"<!-- This site is optimized with the Yoast SEO plugin v24.5 - https:\/\/yoast.com\/wordpress\/plugins\/seo\/ -->\n<title>La XVI edici\u00f3n del Festivalito La Palma tendr\u00e1 este a\u00f1o dos sedes, en El Paso y Los Llanos de Aridane &#8902; Stars Island La Palma<\/title>\n<meta name=\"robots\" content=\"index, follow, max-snippet:-1, max-image-preview:large, max-video-preview:-1\" \/>\n<link rel=\"canonical\" href=\"https:\/\/www.starsislandlapalma.es\/en\/la-xvi-edicion-del-festivalito-la-palma-tendra-este-ano-dos-sedes-en-el-paso-y-los-llanos-de-aridane\/\" \/>\n<meta property=\"og:locale\" content=\"en_US\" \/>\n<meta property=\"og:type\" content=\"article\" \/>\n<meta property=\"og:title\" content=\"La XVI edici\u00f3n del Festivalito La Palma tendr\u00e1 este a\u00f1o dos sedes, en El Paso y Los Llanos de Aridane &#8902; Stars Island La Palma\" \/>\n<meta property=\"og:description\" content=\"La consejera de Cultura anuncia la puesta en marcha del \u2018Festivalito Lab\u2019, una propuesta con el que se quiere impulsar el desarrollo del sector audiovisual canario Ra\u00fal Camacho destaca el \u00e9xito de convocatoria del concurso \u2018La Palma Rueda\u2019, que resulta clave de la promoci\u00f3n de...\" \/>\n<meta property=\"og:url\" content=\"https:\/\/www.starsislandlapalma.es\/en\/la-xvi-edicion-del-festivalito-la-palma-tendra-este-ano-dos-sedes-en-el-paso-y-los-llanos-de-aridane\/\" \/>\n<meta property=\"og:site_name\" content=\"Stars Island La Palma\" \/>\n<meta property=\"article:publisher\" content=\"https:\/\/www.facebook.com\/pages\/Starsisland-La-Palma\/210888162375006?ref=hl\" \/>\n<meta property=\"article:published_time\" content=\"2021-04-28T07:06:00+00:00\" \/>\n<meta property=\"og:image\" content=\"https:\/\/www.starsislandlapalma.es\/wp-content\/uploads\/2021\/04\/Festivalito_La_Palma.jpg\" \/>\n\t<meta property=\"og:image:width\" content=\"1024\" \/>\n\t<meta property=\"og:image:height\" content=\"715\" \/>\n\t<meta property=\"og:image:type\" content=\"image\/jpeg\" \/>\n<meta name=\"author\" content=\"StarsIsland\" \/>\n<meta name=\"twitter:label1\" content=\"Written by\" \/>\n\t<meta name=\"twitter:data1\" content=\"StarsIsland\" \/>\n\t<meta name=\"twitter:label2\" content=\"Est. reading time\" \/>\n\t<meta name=\"twitter:data2\" content=\"6 minutes\" \/>\n<script type=\"application\/ld+json\" class=\"yoast-schema-graph\">{\"@context\":\"https:\/\/schema.org\",\"@graph\":[{\"@type\":\"Article\",\"@id\":\"https:\/\/www.starsislandlapalma.es\/en\/la-xvi-edicion-del-festivalito-la-palma-tendra-este-ano-dos-sedes-en-el-paso-y-los-llanos-de-aridane\/#article\",\"isPartOf\":{\"@id\":\"https:\/\/www.starsislandlapalma.es\/en\/la-xvi-edicion-del-festivalito-la-palma-tendra-este-ano-dos-sedes-en-el-paso-y-los-llanos-de-aridane\/\"},\"author\":{\"name\":\"StarsIsland\",\"@id\":\"https:\/\/www.starsislandlapalma.es\/#\/schema\/person\/d2618b46c3dc5c031ddd56a658f9ab25\"},\"headline\":\"La XVI edici\u00f3n del Festivalito La Palma tendr\u00e1 este a\u00f1o dos sedes, en El Paso y Los Llanos de Aridane\",\"datePublished\":\"2021-04-28T07:06:00+00:00\",\"mainEntityOfPage\":{\"@id\":\"https:\/\/www.starsislandlapalma.es\/en\/la-xvi-edicion-del-festivalito-la-palma-tendra-este-ano-dos-sedes-en-el-paso-y-los-llanos-de-aridane\/\"},\"wordCount\":1165,\"commentCount\":0,\"publisher\":{\"@id\":\"https:\/\/www.starsislandlapalma.es\/#organization\"},\"image\":{\"@id\":\"https:\/\/www.starsislandlapalma.es\/en\/la-xvi-edicion-del-festivalito-la-palma-tendra-este-ano-dos-sedes-en-el-paso-y-los-llanos-de-aridane\/#primaryimage\"},\"thumbnailUrl\":\"https:\/\/www.starsislandlapalma.es\/wp-content\/uploads\/2021\/04\/Festivalito_La_Palma.jpg\",\"articleSection\":[\"News\"],\"inLanguage\":\"en-US\",\"potentialAction\":[{\"@type\":\"CommentAction\",\"name\":\"Comment\",\"target\":[\"https:\/\/www.starsislandlapalma.es\/en\/la-xvi-edicion-del-festivalito-la-palma-tendra-este-ano-dos-sedes-en-el-paso-y-los-llanos-de-aridane\/#respond\"]}]},{\"@type\":\"WebPage\",\"@id\":\"https:\/\/www.starsislandlapalma.es\/en\/la-xvi-edicion-del-festivalito-la-palma-tendra-este-ano-dos-sedes-en-el-paso-y-los-llanos-de-aridane\/\",\"url\":\"https:\/\/www.starsislandlapalma.es\/en\/la-xvi-edicion-del-festivalito-la-palma-tendra-este-ano-dos-sedes-en-el-paso-y-los-llanos-de-aridane\/\",\"name\":\"La XVI edici\u00f3n del Festivalito La Palma tendr\u00e1 este a\u00f1o dos sedes, en El Paso y Los Llanos de Aridane &#8902; Stars Island La Palma\",\"isPartOf\":{\"@id\":\"https:\/\/www.starsislandlapalma.es\/#website\"},\"primaryImageOfPage\":{\"@id\":\"https:\/\/www.starsislandlapalma.es\/en\/la-xvi-edicion-del-festivalito-la-palma-tendra-este-ano-dos-sedes-en-el-paso-y-los-llanos-de-aridane\/#primaryimage\"},\"image\":{\"@id\":\"https:\/\/www.starsislandlapalma.es\/en\/la-xvi-edicion-del-festivalito-la-palma-tendra-este-ano-dos-sedes-en-el-paso-y-los-llanos-de-aridane\/#primaryimage\"},\"thumbnailUrl\":\"https:\/\/www.starsislandlapalma.es\/wp-content\/uploads\/2021\/04\/Festivalito_La_Palma.jpg\",\"datePublished\":\"2021-04-28T07:06:00+00:00\",\"breadcrumb\":{\"@id\":\"https:\/\/www.starsislandlapalma.es\/en\/la-xvi-edicion-del-festivalito-la-palma-tendra-este-ano-dos-sedes-en-el-paso-y-los-llanos-de-aridane\/#breadcrumb\"},\"inLanguage\":\"en-US\",\"potentialAction\":[{\"@type\":\"ReadAction\",\"target\":[\"https:\/\/www.starsislandlapalma.es\/en\/la-xvi-edicion-del-festivalito-la-palma-tendra-este-ano-dos-sedes-en-el-paso-y-los-llanos-de-aridane\/\"]}]},{\"@type\":\"ImageObject\",\"inLanguage\":\"en-US\",\"@id\":\"https:\/\/www.starsislandlapalma.es\/en\/la-xvi-edicion-del-festivalito-la-palma-tendra-este-ano-dos-sedes-en-el-paso-y-los-llanos-de-aridane\/#primaryimage\",\"url\":\"https:\/\/www.starsislandlapalma.es\/wp-content\/uploads\/2021\/04\/Festivalito_La_Palma.jpg\",\"contentUrl\":\"https:\/\/www.starsislandlapalma.es\/wp-content\/uploads\/2021\/04\/Festivalito_La_Palma.jpg\",\"width\":1024,\"height\":715},{\"@type\":\"BreadcrumbList\",\"@id\":\"https:\/\/www.starsislandlapalma.es\/en\/la-xvi-edicion-del-festivalito-la-palma-tendra-este-ano-dos-sedes-en-el-paso-y-los-llanos-de-aridane\/#breadcrumb\",\"itemListElement\":[{\"@type\":\"ListItem\",\"position\":1,\"name\":\"Portada\",\"item\":\"https:\/\/www.starsislandlapalma.es\/en\/\"},{\"@type\":\"ListItem\",\"position\":2,\"name\":\"La XVI edici\u00f3n del Festivalito La Palma tendr\u00e1 este a\u00f1o dos sedes, en El Paso y Los Llanos de Aridane\"}]},{\"@type\":\"WebSite\",\"@id\":\"https:\/\/www.starsislandlapalma.es\/#website\",\"url\":\"https:\/\/www.starsislandlapalma.es\/\",\"name\":\"Stars Island La Palma\",\"description\":\"La Palma, el lugar perfecto para disfrutar del universo. Primera Reserva Starlight del mundo, en 2012 se reconoce como Destino Tur\u00edstico Starlight\",\"publisher\":{\"@id\":\"https:\/\/www.starsislandlapalma.es\/#organization\"},\"potentialAction\":[{\"@type\":\"SearchAction\",\"target\":{\"@type\":\"EntryPoint\",\"urlTemplate\":\"https:\/\/www.starsislandlapalma.es\/?s={search_term_string}\"},\"query-input\":{\"@type\":\"PropertyValueSpecification\",\"valueRequired\":true,\"valueName\":\"search_term_string\"}}],\"inLanguage\":\"en-US\"},{\"@type\":\"Organization\",\"@id\":\"https:\/\/www.starsislandlapalma.es\/#organization\",\"name\":\"Star Island La Palma\",\"url\":\"https:\/\/www.starsislandlapalma.es\/\",\"logo\":{\"@type\":\"ImageObject\",\"inLanguage\":\"en-US\",\"@id\":\"https:\/\/www.starsislandlapalma.es\/#\/schema\/logo\/image\/\",\"url\":\"https:\/\/www.starsislandlapalma.es\/wp-content\/uploads\/2022\/01\/logo_starisland.png\",\"contentUrl\":\"https:\/\/www.starsislandlapalma.es\/wp-content\/uploads\/2022\/01\/logo_starisland.png\",\"width\":172,\"height\":139,\"caption\":\"Star Island La Palma\"},\"image\":{\"@id\":\"https:\/\/www.starsislandlapalma.es\/#\/schema\/logo\/image\/\"},\"sameAs\":[\"https:\/\/www.facebook.com\/pages\/Starsisland-La-Palma\/210888162375006?ref=hl\",\"https:\/\/x.com\/starsislandlapa\",\"https:\/\/www.pinterest.com\/astroturismo\/\",\"https:\/\/www.youtube.com\/channel\/UCV7sju1ggcBpJG39HQCBtsA\"]},{\"@type\":\"Person\",\"@id\":\"https:\/\/www.starsislandlapalma.es\/#\/schema\/person\/d2618b46c3dc5c031ddd56a658f9ab25\",\"name\":\"StarsIsland\",\"image\":{\"@type\":\"ImageObject\",\"inLanguage\":\"en-US\",\"@id\":\"https:\/\/www.starsislandlapalma.es\/#\/schema\/person\/image\/\",\"url\":\"https:\/\/secure.gravatar.com\/avatar\/30a35f2b7b8f976566433f1ab7d6402f?s=96&d=mm&r=g\",\"contentUrl\":\"https:\/\/secure.gravatar.com\/avatar\/30a35f2b7b8f976566433f1ab7d6402f?s=96&d=mm&r=g\",\"caption\":\"StarsIsland\"},\"url\":\"https:\/\/www.starsislandlapalma.es\/en\/author\/starsisland\/\"}]}<\/script>\n<!-- \/ Yoast SEO plugin. -->","yoast_head_json":{"title":"La XVI edici\u00f3n del Festivalito La Palma tendr\u00e1 este a\u00f1o dos sedes, en El Paso y Los Llanos de Aridane &#8902; Stars Island La Palma","robots":{"index":"index","follow":"follow","max-snippet":"max-snippet:-1","max-image-preview":"max-image-preview:large","max-video-preview":"max-video-preview:-1"},"canonical":"https:\/\/www.starsislandlapalma.es\/en\/la-xvi-edicion-del-festivalito-la-palma-tendra-este-ano-dos-sedes-en-el-paso-y-los-llanos-de-aridane\/","og_locale":"en_US","og_type":"article","og_title":"La XVI edici\u00f3n del Festivalito La Palma tendr\u00e1 este a\u00f1o dos sedes, en El Paso y Los Llanos de Aridane &#8902; Stars Island La Palma","og_description":"La consejera de Cultura anuncia la puesta en marcha del \u2018Festivalito Lab\u2019, una propuesta con el que se quiere impulsar el desarrollo del sector audiovisual canario Ra\u00fal Camacho destaca el \u00e9xito de convocatoria del concurso \u2018La Palma Rueda\u2019, que resulta clave de la promoci\u00f3n de...","og_url":"https:\/\/www.starsislandlapalma.es\/en\/la-xvi-edicion-del-festivalito-la-palma-tendra-este-ano-dos-sedes-en-el-paso-y-los-llanos-de-aridane\/","og_site_name":"Stars Island La Palma","article_publisher":"https:\/\/www.facebook.com\/pages\/Starsisland-La-Palma\/210888162375006?ref=hl","article_published_time":"2021-04-28T07:06:00+00:00","og_image":[{"width":1024,"height":715,"url":"https:\/\/www.starsislandlapalma.es\/wp-content\/uploads\/2021\/04\/Festivalito_La_Palma.jpg","type":"image\/jpeg"}],"author":"StarsIsland","twitter_misc":{"Written by":"StarsIsland","Est. reading time":"6 minutes"},"schema":{"@context":"https:\/\/schema.org","@graph":[{"@type":"Article","@id":"https:\/\/www.starsislandlapalma.es\/en\/la-xvi-edicion-del-festivalito-la-palma-tendra-este-ano-dos-sedes-en-el-paso-y-los-llanos-de-aridane\/#article","isPartOf":{"@id":"https:\/\/www.starsislandlapalma.es\/en\/la-xvi-edicion-del-festivalito-la-palma-tendra-este-ano-dos-sedes-en-el-paso-y-los-llanos-de-aridane\/"},"author":{"name":"StarsIsland","@id":"https:\/\/www.starsislandlapalma.es\/#\/schema\/person\/d2618b46c3dc5c031ddd56a658f9ab25"},"headline":"La XVI edici\u00f3n del Festivalito La Palma tendr\u00e1 este a\u00f1o dos sedes, en El Paso y Los Llanos de Aridane","datePublished":"2021-04-28T07:06:00+00:00","mainEntityOfPage":{"@id":"https:\/\/www.starsislandlapalma.es\/en\/la-xvi-edicion-del-festivalito-la-palma-tendra-este-ano-dos-sedes-en-el-paso-y-los-llanos-de-aridane\/"},"wordCount":1165,"commentCount":0,"publisher":{"@id":"https:\/\/www.starsislandlapalma.es\/#organization"},"image":{"@id":"https:\/\/www.starsislandlapalma.es\/en\/la-xvi-edicion-del-festivalito-la-palma-tendra-este-ano-dos-sedes-en-el-paso-y-los-llanos-de-aridane\/#primaryimage"},"thumbnailUrl":"https:\/\/www.starsislandlapalma.es\/wp-content\/uploads\/2021\/04\/Festivalito_La_Palma.jpg","articleSection":["News"],"inLanguage":"en-US","potentialAction":[{"@type":"CommentAction","name":"Comment","target":["https:\/\/www.starsislandlapalma.es\/en\/la-xvi-edicion-del-festivalito-la-palma-tendra-este-ano-dos-sedes-en-el-paso-y-los-llanos-de-aridane\/#respond"]}]},{"@type":"WebPage","@id":"https:\/\/www.starsislandlapalma.es\/en\/la-xvi-edicion-del-festivalito-la-palma-tendra-este-ano-dos-sedes-en-el-paso-y-los-llanos-de-aridane\/","url":"https:\/\/www.starsislandlapalma.es\/en\/la-xvi-edicion-del-festivalito-la-palma-tendra-este-ano-dos-sedes-en-el-paso-y-los-llanos-de-aridane\/","name":"La XVI edici\u00f3n del Festivalito La Palma tendr\u00e1 este a\u00f1o dos sedes, en El Paso y Los Llanos de Aridane &#8902; Stars Island La Palma","isPartOf":{"@id":"https:\/\/www.starsislandlapalma.es\/#website"},"primaryImageOfPage":{"@id":"https:\/\/www.starsislandlapalma.es\/en\/la-xvi-edicion-del-festivalito-la-palma-tendra-este-ano-dos-sedes-en-el-paso-y-los-llanos-de-aridane\/#primaryimage"},"image":{"@id":"https:\/\/www.starsislandlapalma.es\/en\/la-xvi-edicion-del-festivalito-la-palma-tendra-este-ano-dos-sedes-en-el-paso-y-los-llanos-de-aridane\/#primaryimage"},"thumbnailUrl":"https:\/\/www.starsislandlapalma.es\/wp-content\/uploads\/2021\/04\/Festivalito_La_Palma.jpg","datePublished":"2021-04-28T07:06:00+00:00","breadcrumb":{"@id":"https:\/\/www.starsislandlapalma.es\/en\/la-xvi-edicion-del-festivalito-la-palma-tendra-este-ano-dos-sedes-en-el-paso-y-los-llanos-de-aridane\/#breadcrumb"},"inLanguage":"en-US","potentialAction":[{"@type":"ReadAction","target":["https:\/\/www.starsislandlapalma.es\/en\/la-xvi-edicion-del-festivalito-la-palma-tendra-este-ano-dos-sedes-en-el-paso-y-los-llanos-de-aridane\/"]}]},{"@type":"ImageObject","inLanguage":"en-US","@id":"https:\/\/www.starsislandlapalma.es\/en\/la-xvi-edicion-del-festivalito-la-palma-tendra-este-ano-dos-sedes-en-el-paso-y-los-llanos-de-aridane\/#primaryimage","url":"https:\/\/www.starsislandlapalma.es\/wp-content\/uploads\/2021\/04\/Festivalito_La_Palma.jpg","contentUrl":"https:\/\/www.starsislandlapalma.es\/wp-content\/uploads\/2021\/04\/Festivalito_La_Palma.jpg","width":1024,"height":715},{"@type":"BreadcrumbList","@id":"https:\/\/www.starsislandlapalma.es\/en\/la-xvi-edicion-del-festivalito-la-palma-tendra-este-ano-dos-sedes-en-el-paso-y-los-llanos-de-aridane\/#breadcrumb","itemListElement":[{"@type":"ListItem","position":1,"name":"Portada","item":"https:\/\/www.starsislandlapalma.es\/en\/"},{"@type":"ListItem","position":2,"name":"La XVI edici\u00f3n del Festivalito La Palma tendr\u00e1 este a\u00f1o dos sedes, en El Paso y Los Llanos de Aridane"}]},{"@type":"WebSite","@id":"https:\/\/www.starsislandlapalma.es\/#website","url":"https:\/\/www.starsislandlapalma.es\/","name":"Stars Island La Palma","description":"La Palma, el lugar perfecto para disfrutar del universo. Primera Reserva Starlight del mundo, en 2012 se reconoce como Destino Tur\u00edstico Starlight","publisher":{"@id":"https:\/\/www.starsislandlapalma.es\/#organization"},"potentialAction":[{"@type":"SearchAction","target":{"@type":"EntryPoint","urlTemplate":"https:\/\/www.starsislandlapalma.es\/?s={search_term_string}"},"query-input":{"@type":"PropertyValueSpecification","valueRequired":true,"valueName":"search_term_string"}}],"inLanguage":"en-US"},{"@type":"Organization","@id":"https:\/\/www.starsislandlapalma.es\/#organization","name":"Star Island La Palma","url":"https:\/\/www.starsislandlapalma.es\/","logo":{"@type":"ImageObject","inLanguage":"en-US","@id":"https:\/\/www.starsislandlapalma.es\/#\/schema\/logo\/image\/","url":"https:\/\/www.starsislandlapalma.es\/wp-content\/uploads\/2022\/01\/logo_starisland.png","contentUrl":"https:\/\/www.starsislandlapalma.es\/wp-content\/uploads\/2022\/01\/logo_starisland.png","width":172,"height":139,"caption":"Star Island La Palma"},"image":{"@id":"https:\/\/www.starsislandlapalma.es\/#\/schema\/logo\/image\/"},"sameAs":["https:\/\/www.facebook.com\/pages\/Starsisland-La-Palma\/210888162375006?ref=hl","https:\/\/x.com\/starsislandlapa","https:\/\/www.pinterest.com\/astroturismo\/","https:\/\/www.youtube.com\/channel\/UCV7sju1ggcBpJG39HQCBtsA"]},{"@type":"Person","@id":"https:\/\/www.starsislandlapalma.es\/#\/schema\/person\/d2618b46c3dc5c031ddd56a658f9ab25","name":"StarsIsland","image":{"@type":"ImageObject","inLanguage":"en-US","@id":"https:\/\/www.starsislandlapalma.es\/#\/schema\/person\/image\/","url":"https:\/\/secure.gravatar.com\/avatar\/30a35f2b7b8f976566433f1ab7d6402f?s=96&d=mm&r=g","contentUrl":"https:\/\/secure.gravatar.com\/avatar\/30a35f2b7b8f976566433f1ab7d6402f?s=96&d=mm&r=g","caption":"StarsIsland"},"url":"https:\/\/www.starsislandlapalma.es\/en\/author\/starsisland\/"}]}},"_links":{"self":[{"href":"https:\/\/www.starsislandlapalma.es\/en\/wp-json\/wp\/v2\/posts\/22192\/"}],"collection":[{"href":"https:\/\/www.starsislandlapalma.es\/en\/wp-json\/wp\/v2\/posts\/"}],"about":[{"href":"https:\/\/www.starsislandlapalma.es\/en\/wp-json\/wp\/v2\/types\/post\/"}],"author":[{"embeddable":true,"href":"https:\/\/www.starsislandlapalma.es\/en\/wp-json\/wp\/v2\/users\/4\/"}],"replies":[{"embeddable":true,"href":"https:\/\/www.starsislandlapalma.es\/en\/wp-json\/wp\/v2\/comments\/?post=22192"}],"version-history":[{"count":0,"href":"https:\/\/www.starsislandlapalma.es\/en\/wp-json\/wp\/v2\/posts\/22192\/revisions\/"}],"wp:featuredmedia":[{"embeddable":true,"href":"https:\/\/www.starsislandlapalma.es\/en\/wp-json\/wp\/v2\/media\/22188\/"}],"wp:attachment":[{"href":"https:\/\/www.starsislandlapalma.es\/en\/wp-json\/wp\/v2\/media\/?parent=22192"}],"wp:term":[{"taxonomy":"category","embeddable":true,"href":"https:\/\/www.starsislandlapalma.es\/en\/wp-json\/wp\/v2\/categories\/?post=22192"},{"taxonomy":"post_tag","embeddable":true,"href":"https:\/\/www.starsislandlapalma.es\/en\/wp-json\/wp\/v2\/tags\/?post=22192"}],"curies":[{"name":"wp","href":"https:\/\/api.w.org\/{rel}","templated":true}]}}