{"id":22360,"date":"2021-05-18T19:11:19","date_gmt":"2021-05-18T19:11:19","guid":{"rendered":"https:\/\/www.starsislandlapalma.es\/festivalito-la-palma-proyecta-biografia-del-cadaver-de-una-mujer-y-el-proxeneta-de-mabel-lozano\/"},"modified":"2021-05-25T12:56:45","modified_gmt":"2021-05-25T12:56:45","slug":"festivalito-la-palma-proyecta-biografia-del-cadaver-de-una-mujer-y-el-proxeneta-de-mabel-lozano","status":"publish","type":"post","link":"https:\/\/www.starsislandlapalma.es\/en\/festivalito-la-palma-proyecta-biografia-del-cadaver-de-una-mujer-y-el-proxeneta-de-mabel-lozano\/","title":{"rendered":"Festivalito La Palma proyecta &#8216;Biograf\u00eda del cad\u00e1ver de una mujer&#8217; y &#8216;El proxeneta&#8217; de Mabel Lozano"},"content":{"rendered":"<blockquote>\n<p style=\"text-align: justify;\"><em>La directora, que ten\u00eda previsto venir a la Isla, lamenta no poder asistir y promete acudir a la pr\u00f3xima edici\u00f3n en la que recoger\u00e1 su Estrella Homenaje<\/em><\/p>\n<p style=\"text-align: justify;\"><em>La jornada de exhibici\u00f3n del jueves 20 de mayo se completa con &#8216;Entre perro y lobo&#8217; de Irene Guti\u00e9rrez y &#8216;De paso&#8217; de Miguel \u00c1ngel C\u00e1rcamo<\/em><\/p>\n<\/blockquote>\n<div style=\"text-align: justify;\"><strong><em>\u00a0<\/em><\/strong><\/div>\n<div style=\"text-align: justify;\">El Festivalito La Palma ten\u00eda previsto entregar el jueves 20 de mayo su Estrella Homenaje a la directora Mabel Lozano por su trayectoria como guionista y directora de cine con un gran\u00a0 compromiso social. Lamentablemente, la creadora no podr\u00e1 asistir por un imprevisto de \u00edndole familiar pero ha pedido al Festivalito que retrase la entrega de su galard\u00f3n a la pr\u00f3xima edici\u00f3n ya que tiene mucho inter\u00e9s en participar en el Festivalito La Palma. A\u00fan as\u00ed, a partir de las 19:30 horas del jueves se proyectar\u00e1 en los Multicines Millenium de Los Llanos de Aridane el corto &#8216;Biograf\u00eda del cad\u00e1ver de una mujer&#8217;, corto que gan\u00f3 este a\u00f1o el Goya al Mejor Cortometraje Documental, y el largometraje &#8216;El proxeneta&#8217;. Tras la proyecci\u00f3n de ambas cintas, se entablar\u00e1 un coloquio con la fil\u00f3sofa y comunicadora Bego\u00f1a Vera, formadora del Programa de Atenci\u00f3n &#8216;Daniela- Oblatas&#8217; para mujeres en situaci\u00f3n o riesgo de violencia de g\u00e9nero.\u00a0 Con una trayectoria de m\u00e1s de 30 a\u00f1os en el movimiento feminista, ha complementado con estudios sobre las nuevas masculinidades, el tratamiento de la violencia machista en los medios de comunicaci\u00f3n y, especialmente, con un activismo sin descanso contra la prostituci\u00f3n.<\/div>\n<div style=\"text-align: justify;\"><\/div>\n<div style=\"text-align: justify;\">&#8216;Biograf\u00eda del cad\u00e1ver de una mujer&#8217; nos habla de la indefensi\u00f3n de las mujeres v\u00edctimas de trata y explotaci\u00f3n sexual. Desde el 2000, m\u00e1s de 40 han sido asesinadas y se acumulan en las morgues cad\u00e1veres sin identificar que coinciden en el perfil de trabajadoras sexuales explotadas que fueron brutalmente asesinadas sin que a nadie le importe. Esta es la historia de una de ellas, la colombiana Yamiled Giraldo, asesinada a tiros delante de su hijo en Navarra, por encargo del proxeneta que ella se atrevi\u00f3 a denunciar. Este corto, que Lozano dirige y produce, es un homenaje a todas esas mujeres enga\u00f1adas que luchan por salir de la prostituci\u00f3n y a las que, a veces, el intento les cuesta la vida. De similar tem\u00e1tica es el largometraje &#8216;El Proxeneta. Paso corto, mala leche&#8217;, basado en su libro hom\u00f3nimo, es un documental que narra en primera persona los entresijos de la mafia de la prostituci\u00f3n. Con el testimonio exclusivo del convicto Miguel, apodado &#8216;El M\u00fasico&#8217;, condenado a 27 a\u00f1os de c\u00e1rcel por prostituci\u00f3n coactiva, captaci\u00f3n, explotaci\u00f3n y trata de personas y una de las piezas clave de la organizaci\u00f3n delictiva de trata de mujeres en Espa\u00f1a, conoceremos el funcionamiento de la c\u00fapula que organiza la prostituci\u00f3n y la trata de mujeres en Espa\u00f1a.<\/div>\n<div style=\"text-align: justify;\"><\/div>\n<div style=\"text-align: justify;\">Mabel Lozano lleva 16 a\u00f1os detr\u00e1s de la c\u00e1mara, contando historias de hondo calado social. Sus tem\u00e1ticas la trata de blancas y la explotaci\u00f3n sexual de menores, el negocio de la industria del sexo, las drogas, la explotaci\u00f3n laboral, las mafias y el crimen organizado, la violencia de g\u00e9nero y la discapacidad, etc. Es autora de numerosos libros sobre estas tem\u00e1ticas y ganadora de varios premios por el calado y compromiso social de sus trabajos. Esta trayectoria es la que ha llevado a la organizaci\u00f3n del Festivalito La Palma a pensar en ella para otorgarle la Estrella Homenaje que, finalmente, recibir\u00e1 el a\u00f1o que viene.<\/div>\n<div style=\"text-align: justify;\"><\/div>\n<div style=\"text-align: justify;\">Adem\u00e1s Mabel Lozano, el jueves 20 tambi\u00e9n tendr\u00e1 a los directores Irene Guti\u00e9rrez y Miguel \u00c1ngel C\u00e1rcano y sus largometrajes como protagonistas. A las 18:00 horas podremos ver &#8216;Entre perro y lobo&#8217;, segundo largometraje de la cineasta Irene Guti\u00e9rrez, una pel\u00edcula que cuenta la historia de tres excombatientes de la Guerra de Angola que se resisten a abandonar el esp\u00edritu que los uni\u00f3. Al debate posterior asistir\u00e1 Jos\u00e9 \u00c1ngel Alay\u00f3n, de la productora El viaje Films.<\/div>\n<div style=\"text-align: justify;\"><\/div>\n<div style=\"text-align: justify;\">Y a las 21:30 horas, se proyectar\u00e1 &#8216;De paso&#8217;, una pel\u00edcula de Miguel \u00c1ngel C\u00e1rcano. Durante los 70 minutos que dura la cinta, el director nos muestra la historia de Mart\u00edn, Ver\u00f3nica y sus dos hijas que pasan unos d\u00edas en un peque\u00f1o pueblo de Espa\u00f1a, a modo de respiro de la crisis vital y econ\u00f3mica que rodea sus vidas. El director argentino afincado en Madrid cuenta con una larga carrera que comprende trabajos tanto en cine (director y guionista) como en teatro (director) y es, sin duda, uno de los directores destacados que acude a esta edici\u00f3n del Festivalito La Palma. Posteriormente, y como ocurre tras todas las proyecciones, el p\u00fablico podr\u00e1 participar en el debate en el que participan directores, directores, actores, productores o t\u00e9cnicos de las pel\u00edculas exhibidas, adem\u00e1s de miembros de la organizaci\u00f3n.<\/div>\n<div style=\"text-align: justify;\"><\/div>\n<div style=\"text-align: justify;\">El Festivalito La Palma est\u00e1 organizado por la productora Chukumi Studio. Su m\u00e1ximo impulsor es el Cabildo de La Palma, a trav\u00e9s de la Consejer\u00eda Cultura y Patrimonio Hist\u00f3rico y de la Consejer\u00eda de Turismo. Es tambi\u00e9n patrocinador del certamen el Gobierno de Canarias a trav\u00e9s del Instituto Canario de Desarrollo Cultural y de Promotur, as\u00ed como el Ayuntamiento de Los Llanos de Aridane y el Ayuntamiento de El Paso. Adem\u00e1s, cuenta con el patrocinio y colaboraci\u00f3n de diferentes empresas como Cajamar, Universidad del Atl\u00e1ntico Medio, Digital 104, Autos Oasis, Viajes insular, Fundaci\u00f3n Cajamar, Isla Bonita Love Festival, Fundaci\u00f3n Canaria Reserva Mundial de la Biosfera de La Palma, Plataforma Nuevos Realizadores, entre otros.<\/div>\n","protected":false},"excerpt":{"rendered":"<p>La directora, que ten\u00eda previsto venir a la Isla, lamenta no poder asistir y promete acudir a la pr\u00f3xima edici\u00f3n en la que recoger\u00e1 su Estrella Homenaje La jornada de exhibici\u00f3n del jueves 20 de mayo se completa con &#8216;Entre perro y lobo&#8217; de Irene&#8230;<\/p>\n","protected":false},"author":4,"featured_media":22301,"comment_status":"open","ping_status":"open","sticky":false,"template":"","format":"standard","meta":{"footnotes":""},"categories":[136],"tags":[570],"yoast_head":"<!-- This site is optimized with the Yoast SEO plugin v24.5 - https:\/\/yoast.com\/wordpress\/plugins\/seo\/ -->\n<title>Festivalito La Palma proyecta &#039;Biograf\u00eda del cad\u00e1ver de una mujer&#039; y &#039;El proxeneta&#039; de Mabel Lozano &#8902; Stars Island La Palma<\/title>\n<meta name=\"robots\" content=\"index, follow, max-snippet:-1, max-image-preview:large, max-video-preview:-1\" \/>\n<link rel=\"canonical\" href=\"https:\/\/www.starsislandlapalma.es\/en\/festivalito-la-palma-proyecta-biografia-del-cadaver-de-una-mujer-y-el-proxeneta-de-mabel-lozano\/\" \/>\n<meta property=\"og:locale\" content=\"en_US\" \/>\n<meta property=\"og:type\" content=\"article\" \/>\n<meta property=\"og:title\" content=\"Festivalito La Palma proyecta &#039;Biograf\u00eda del cad\u00e1ver de una mujer&#039; y &#039;El proxeneta&#039; de Mabel Lozano &#8902; Stars Island La Palma\" \/>\n<meta property=\"og:description\" content=\"La directora, que ten\u00eda previsto venir a la Isla, lamenta no poder asistir y promete acudir a la pr\u00f3xima edici\u00f3n en la que recoger\u00e1 su Estrella Homenaje La jornada de exhibici\u00f3n del jueves 20 de mayo se completa con &#8216;Entre perro y lobo&#8217; de Irene...\" \/>\n<meta property=\"og:url\" content=\"https:\/\/www.starsislandlapalma.es\/en\/festivalito-la-palma-proyecta-biografia-del-cadaver-de-una-mujer-y-el-proxeneta-de-mabel-lozano\/\" \/>\n<meta property=\"og:site_name\" content=\"Stars Island La Palma\" \/>\n<meta property=\"article:publisher\" content=\"https:\/\/www.facebook.com\/pages\/Starsisland-La-Palma\/210888162375006?ref=hl\" \/>\n<meta property=\"article:published_time\" content=\"2021-05-18T19:11:19+00:00\" \/>\n<meta property=\"article:modified_time\" content=\"2021-05-25T12:56:45+00:00\" \/>\n<meta property=\"og:image\" content=\"https:\/\/www.starsislandlapalma.es\/wp-content\/uploads\/2021\/05\/mabel-lozano1-a.jpg\" \/>\n\t<meta property=\"og:image:width\" content=\"700\" \/>\n\t<meta property=\"og:image:height\" content=\"698\" \/>\n\t<meta property=\"og:image:type\" content=\"image\/jpeg\" \/>\n<meta name=\"author\" content=\"StarsIsland\" \/>\n<meta name=\"twitter:label1\" content=\"Written by\" \/>\n\t<meta name=\"twitter:data1\" content=\"StarsIsland\" \/>\n\t<meta name=\"twitter:label2\" content=\"Est. reading time\" \/>\n\t<meta name=\"twitter:data2\" content=\"5 minutes\" \/>\n<script type=\"application\/ld+json\" class=\"yoast-schema-graph\">{\"@context\":\"https:\/\/schema.org\",\"@graph\":[{\"@type\":\"Article\",\"@id\":\"https:\/\/www.starsislandlapalma.es\/en\/festivalito-la-palma-proyecta-biografia-del-cadaver-de-una-mujer-y-el-proxeneta-de-mabel-lozano\/#article\",\"isPartOf\":{\"@id\":\"https:\/\/www.starsislandlapalma.es\/en\/festivalito-la-palma-proyecta-biografia-del-cadaver-de-una-mujer-y-el-proxeneta-de-mabel-lozano\/\"},\"author\":{\"name\":\"StarsIsland\",\"@id\":\"https:\/\/www.starsislandlapalma.es\/#\/schema\/person\/d2618b46c3dc5c031ddd56a658f9ab25\"},\"headline\":\"Festivalito La Palma proyecta &#8216;Biograf\u00eda del cad\u00e1ver de una mujer&#8217; y &#8216;El proxeneta&#8217; de Mabel Lozano\",\"datePublished\":\"2021-05-18T19:11:19+00:00\",\"dateModified\":\"2021-05-25T12:56:45+00:00\",\"mainEntityOfPage\":{\"@id\":\"https:\/\/www.starsislandlapalma.es\/en\/festivalito-la-palma-proyecta-biografia-del-cadaver-de-una-mujer-y-el-proxeneta-de-mabel-lozano\/\"},\"wordCount\":988,\"commentCount\":0,\"publisher\":{\"@id\":\"https:\/\/www.starsislandlapalma.es\/#organization\"},\"image\":{\"@id\":\"https:\/\/www.starsislandlapalma.es\/en\/festivalito-la-palma-proyecta-biografia-del-cadaver-de-una-mujer-y-el-proxeneta-de-mabel-lozano\/#primaryimage\"},\"thumbnailUrl\":\"https:\/\/www.starsislandlapalma.es\/wp-content\/uploads\/2021\/05\/mabel-lozano1-a.jpg\",\"keywords\":[\"Festivailito La Palma\"],\"articleSection\":[\"News\"],\"inLanguage\":\"en-US\",\"potentialAction\":[{\"@type\":\"CommentAction\",\"name\":\"Comment\",\"target\":[\"https:\/\/www.starsislandlapalma.es\/en\/festivalito-la-palma-proyecta-biografia-del-cadaver-de-una-mujer-y-el-proxeneta-de-mabel-lozano\/#respond\"]}]},{\"@type\":\"WebPage\",\"@id\":\"https:\/\/www.starsislandlapalma.es\/en\/festivalito-la-palma-proyecta-biografia-del-cadaver-de-una-mujer-y-el-proxeneta-de-mabel-lozano\/\",\"url\":\"https:\/\/www.starsislandlapalma.es\/en\/festivalito-la-palma-proyecta-biografia-del-cadaver-de-una-mujer-y-el-proxeneta-de-mabel-lozano\/\",\"name\":\"Festivalito La Palma proyecta 'Biograf\u00eda del cad\u00e1ver de una mujer' y 'El proxeneta' de Mabel Lozano &#8902; Stars Island La Palma\",\"isPartOf\":{\"@id\":\"https:\/\/www.starsislandlapalma.es\/#website\"},\"primaryImageOfPage\":{\"@id\":\"https:\/\/www.starsislandlapalma.es\/en\/festivalito-la-palma-proyecta-biografia-del-cadaver-de-una-mujer-y-el-proxeneta-de-mabel-lozano\/#primaryimage\"},\"image\":{\"@id\":\"https:\/\/www.starsislandlapalma.es\/en\/festivalito-la-palma-proyecta-biografia-del-cadaver-de-una-mujer-y-el-proxeneta-de-mabel-lozano\/#primaryimage\"},\"thumbnailUrl\":\"https:\/\/www.starsislandlapalma.es\/wp-content\/uploads\/2021\/05\/mabel-lozano1-a.jpg\",\"datePublished\":\"2021-05-18T19:11:19+00:00\",\"dateModified\":\"2021-05-25T12:56:45+00:00\",\"breadcrumb\":{\"@id\":\"https:\/\/www.starsislandlapalma.es\/en\/festivalito-la-palma-proyecta-biografia-del-cadaver-de-una-mujer-y-el-proxeneta-de-mabel-lozano\/#breadcrumb\"},\"inLanguage\":\"en-US\",\"potentialAction\":[{\"@type\":\"ReadAction\",\"target\":[\"https:\/\/www.starsislandlapalma.es\/en\/festivalito-la-palma-proyecta-biografia-del-cadaver-de-una-mujer-y-el-proxeneta-de-mabel-lozano\/\"]}]},{\"@type\":\"ImageObject\",\"inLanguage\":\"en-US\",\"@id\":\"https:\/\/www.starsislandlapalma.es\/en\/festivalito-la-palma-proyecta-biografia-del-cadaver-de-una-mujer-y-el-proxeneta-de-mabel-lozano\/#primaryimage\",\"url\":\"https:\/\/www.starsislandlapalma.es\/wp-content\/uploads\/2021\/05\/mabel-lozano1-a.jpg\",\"contentUrl\":\"https:\/\/www.starsislandlapalma.es\/wp-content\/uploads\/2021\/05\/mabel-lozano1-a.jpg\",\"width\":700,\"height\":698},{\"@type\":\"BreadcrumbList\",\"@id\":\"https:\/\/www.starsislandlapalma.es\/en\/festivalito-la-palma-proyecta-biografia-del-cadaver-de-una-mujer-y-el-proxeneta-de-mabel-lozano\/#breadcrumb\",\"itemListElement\":[{\"@type\":\"ListItem\",\"position\":1,\"name\":\"Portada\",\"item\":\"https:\/\/www.starsislandlapalma.es\/en\/\"},{\"@type\":\"ListItem\",\"position\":2,\"name\":\"Festivalito La Palma proyecta &#8216;Biograf\u00eda del cad\u00e1ver de una mujer&#8217; y &#8216;El proxeneta&#8217; de Mabel Lozano\"}]},{\"@type\":\"WebSite\",\"@id\":\"https:\/\/www.starsislandlapalma.es\/#website\",\"url\":\"https:\/\/www.starsislandlapalma.es\/\",\"name\":\"Stars Island La Palma\",\"description\":\"La Palma, el lugar perfecto para disfrutar del universo. Primera Reserva Starlight del mundo, en 2012 se reconoce como Destino Tur\u00edstico Starlight\",\"publisher\":{\"@id\":\"https:\/\/www.starsislandlapalma.es\/#organization\"},\"potentialAction\":[{\"@type\":\"SearchAction\",\"target\":{\"@type\":\"EntryPoint\",\"urlTemplate\":\"https:\/\/www.starsislandlapalma.es\/?s={search_term_string}\"},\"query-input\":{\"@type\":\"PropertyValueSpecification\",\"valueRequired\":true,\"valueName\":\"search_term_string\"}}],\"inLanguage\":\"en-US\"},{\"@type\":\"Organization\",\"@id\":\"https:\/\/www.starsislandlapalma.es\/#organization\",\"name\":\"Star Island La Palma\",\"url\":\"https:\/\/www.starsislandlapalma.es\/\",\"logo\":{\"@type\":\"ImageObject\",\"inLanguage\":\"en-US\",\"@id\":\"https:\/\/www.starsislandlapalma.es\/#\/schema\/logo\/image\/\",\"url\":\"https:\/\/www.starsislandlapalma.es\/wp-content\/uploads\/2022\/01\/logo_starisland.png\",\"contentUrl\":\"https:\/\/www.starsislandlapalma.es\/wp-content\/uploads\/2022\/01\/logo_starisland.png\",\"width\":172,\"height\":139,\"caption\":\"Star Island La Palma\"},\"image\":{\"@id\":\"https:\/\/www.starsislandlapalma.es\/#\/schema\/logo\/image\/\"},\"sameAs\":[\"https:\/\/www.facebook.com\/pages\/Starsisland-La-Palma\/210888162375006?ref=hl\",\"https:\/\/x.com\/starsislandlapa\",\"https:\/\/www.pinterest.com\/astroturismo\/\",\"https:\/\/www.youtube.com\/channel\/UCV7sju1ggcBpJG39HQCBtsA\"]},{\"@type\":\"Person\",\"@id\":\"https:\/\/www.starsislandlapalma.es\/#\/schema\/person\/d2618b46c3dc5c031ddd56a658f9ab25\",\"name\":\"StarsIsland\",\"image\":{\"@type\":\"ImageObject\",\"inLanguage\":\"en-US\",\"@id\":\"https:\/\/www.starsislandlapalma.es\/#\/schema\/person\/image\/\",\"url\":\"https:\/\/secure.gravatar.com\/avatar\/30a35f2b7b8f976566433f1ab7d6402f?s=96&d=mm&r=g\",\"contentUrl\":\"https:\/\/secure.gravatar.com\/avatar\/30a35f2b7b8f976566433f1ab7d6402f?s=96&d=mm&r=g\",\"caption\":\"StarsIsland\"},\"url\":\"https:\/\/www.starsislandlapalma.es\/en\/author\/starsisland\/\"}]}<\/script>\n<!-- \/ Yoast SEO plugin. -->","yoast_head_json":{"title":"Festivalito La Palma proyecta 'Biograf\u00eda del cad\u00e1ver de una mujer' y 'El proxeneta' de Mabel Lozano &#8902; Stars Island La Palma","robots":{"index":"index","follow":"follow","max-snippet":"max-snippet:-1","max-image-preview":"max-image-preview:large","max-video-preview":"max-video-preview:-1"},"canonical":"https:\/\/www.starsislandlapalma.es\/en\/festivalito-la-palma-proyecta-biografia-del-cadaver-de-una-mujer-y-el-proxeneta-de-mabel-lozano\/","og_locale":"en_US","og_type":"article","og_title":"Festivalito La Palma proyecta 'Biograf\u00eda del cad\u00e1ver de una mujer' y 'El proxeneta' de Mabel Lozano &#8902; Stars Island La Palma","og_description":"La directora, que ten\u00eda previsto venir a la Isla, lamenta no poder asistir y promete acudir a la pr\u00f3xima edici\u00f3n en la que recoger\u00e1 su Estrella Homenaje La jornada de exhibici\u00f3n del jueves 20 de mayo se completa con &#8216;Entre perro y lobo&#8217; de Irene...","og_url":"https:\/\/www.starsislandlapalma.es\/en\/festivalito-la-palma-proyecta-biografia-del-cadaver-de-una-mujer-y-el-proxeneta-de-mabel-lozano\/","og_site_name":"Stars Island La Palma","article_publisher":"https:\/\/www.facebook.com\/pages\/Starsisland-La-Palma\/210888162375006?ref=hl","article_published_time":"2021-05-18T19:11:19+00:00","article_modified_time":"2021-05-25T12:56:45+00:00","og_image":[{"width":700,"height":698,"url":"https:\/\/www.starsislandlapalma.es\/wp-content\/uploads\/2021\/05\/mabel-lozano1-a.jpg","type":"image\/jpeg"}],"author":"StarsIsland","twitter_misc":{"Written by":"StarsIsland","Est. reading time":"5 minutes"},"schema":{"@context":"https:\/\/schema.org","@graph":[{"@type":"Article","@id":"https:\/\/www.starsislandlapalma.es\/en\/festivalito-la-palma-proyecta-biografia-del-cadaver-de-una-mujer-y-el-proxeneta-de-mabel-lozano\/#article","isPartOf":{"@id":"https:\/\/www.starsislandlapalma.es\/en\/festivalito-la-palma-proyecta-biografia-del-cadaver-de-una-mujer-y-el-proxeneta-de-mabel-lozano\/"},"author":{"name":"StarsIsland","@id":"https:\/\/www.starsislandlapalma.es\/#\/schema\/person\/d2618b46c3dc5c031ddd56a658f9ab25"},"headline":"Festivalito La Palma proyecta &#8216;Biograf\u00eda del cad\u00e1ver de una mujer&#8217; y &#8216;El proxeneta&#8217; de Mabel Lozano","datePublished":"2021-05-18T19:11:19+00:00","dateModified":"2021-05-25T12:56:45+00:00","mainEntityOfPage":{"@id":"https:\/\/www.starsislandlapalma.es\/en\/festivalito-la-palma-proyecta-biografia-del-cadaver-de-una-mujer-y-el-proxeneta-de-mabel-lozano\/"},"wordCount":988,"commentCount":0,"publisher":{"@id":"https:\/\/www.starsislandlapalma.es\/#organization"},"image":{"@id":"https:\/\/www.starsislandlapalma.es\/en\/festivalito-la-palma-proyecta-biografia-del-cadaver-de-una-mujer-y-el-proxeneta-de-mabel-lozano\/#primaryimage"},"thumbnailUrl":"https:\/\/www.starsislandlapalma.es\/wp-content\/uploads\/2021\/05\/mabel-lozano1-a.jpg","keywords":["Festivailito La Palma"],"articleSection":["News"],"inLanguage":"en-US","potentialAction":[{"@type":"CommentAction","name":"Comment","target":["https:\/\/www.starsislandlapalma.es\/en\/festivalito-la-palma-proyecta-biografia-del-cadaver-de-una-mujer-y-el-proxeneta-de-mabel-lozano\/#respond"]}]},{"@type":"WebPage","@id":"https:\/\/www.starsislandlapalma.es\/en\/festivalito-la-palma-proyecta-biografia-del-cadaver-de-una-mujer-y-el-proxeneta-de-mabel-lozano\/","url":"https:\/\/www.starsislandlapalma.es\/en\/festivalito-la-palma-proyecta-biografia-del-cadaver-de-una-mujer-y-el-proxeneta-de-mabel-lozano\/","name":"Festivalito La Palma proyecta 'Biograf\u00eda del cad\u00e1ver de una mujer' y 'El proxeneta' de Mabel Lozano &#8902; Stars Island La Palma","isPartOf":{"@id":"https:\/\/www.starsislandlapalma.es\/#website"},"primaryImageOfPage":{"@id":"https:\/\/www.starsislandlapalma.es\/en\/festivalito-la-palma-proyecta-biografia-del-cadaver-de-una-mujer-y-el-proxeneta-de-mabel-lozano\/#primaryimage"},"image":{"@id":"https:\/\/www.starsislandlapalma.es\/en\/festivalito-la-palma-proyecta-biografia-del-cadaver-de-una-mujer-y-el-proxeneta-de-mabel-lozano\/#primaryimage"},"thumbnailUrl":"https:\/\/www.starsislandlapalma.es\/wp-content\/uploads\/2021\/05\/mabel-lozano1-a.jpg","datePublished":"2021-05-18T19:11:19+00:00","dateModified":"2021-05-25T12:56:45+00:00","breadcrumb":{"@id":"https:\/\/www.starsislandlapalma.es\/en\/festivalito-la-palma-proyecta-biografia-del-cadaver-de-una-mujer-y-el-proxeneta-de-mabel-lozano\/#breadcrumb"},"inLanguage":"en-US","potentialAction":[{"@type":"ReadAction","target":["https:\/\/www.starsislandlapalma.es\/en\/festivalito-la-palma-proyecta-biografia-del-cadaver-de-una-mujer-y-el-proxeneta-de-mabel-lozano\/"]}]},{"@type":"ImageObject","inLanguage":"en-US","@id":"https:\/\/www.starsislandlapalma.es\/en\/festivalito-la-palma-proyecta-biografia-del-cadaver-de-una-mujer-y-el-proxeneta-de-mabel-lozano\/#primaryimage","url":"https:\/\/www.starsislandlapalma.es\/wp-content\/uploads\/2021\/05\/mabel-lozano1-a.jpg","contentUrl":"https:\/\/www.starsislandlapalma.es\/wp-content\/uploads\/2021\/05\/mabel-lozano1-a.jpg","width":700,"height":698},{"@type":"BreadcrumbList","@id":"https:\/\/www.starsislandlapalma.es\/en\/festivalito-la-palma-proyecta-biografia-del-cadaver-de-una-mujer-y-el-proxeneta-de-mabel-lozano\/#breadcrumb","itemListElement":[{"@type":"ListItem","position":1,"name":"Portada","item":"https:\/\/www.starsislandlapalma.es\/en\/"},{"@type":"ListItem","position":2,"name":"Festivalito La Palma proyecta &#8216;Biograf\u00eda del cad\u00e1ver de una mujer&#8217; y &#8216;El proxeneta&#8217; de Mabel Lozano"}]},{"@type":"WebSite","@id":"https:\/\/www.starsislandlapalma.es\/#website","url":"https:\/\/www.starsislandlapalma.es\/","name":"Stars Island La Palma","description":"La Palma, el lugar perfecto para disfrutar del universo. Primera Reserva Starlight del mundo, en 2012 se reconoce como Destino Tur\u00edstico Starlight","publisher":{"@id":"https:\/\/www.starsislandlapalma.es\/#organization"},"potentialAction":[{"@type":"SearchAction","target":{"@type":"EntryPoint","urlTemplate":"https:\/\/www.starsislandlapalma.es\/?s={search_term_string}"},"query-input":{"@type":"PropertyValueSpecification","valueRequired":true,"valueName":"search_term_string"}}],"inLanguage":"en-US"},{"@type":"Organization","@id":"https:\/\/www.starsislandlapalma.es\/#organization","name":"Star Island La Palma","url":"https:\/\/www.starsislandlapalma.es\/","logo":{"@type":"ImageObject","inLanguage":"en-US","@id":"https:\/\/www.starsislandlapalma.es\/#\/schema\/logo\/image\/","url":"https:\/\/www.starsislandlapalma.es\/wp-content\/uploads\/2022\/01\/logo_starisland.png","contentUrl":"https:\/\/www.starsislandlapalma.es\/wp-content\/uploads\/2022\/01\/logo_starisland.png","width":172,"height":139,"caption":"Star Island La Palma"},"image":{"@id":"https:\/\/www.starsislandlapalma.es\/#\/schema\/logo\/image\/"},"sameAs":["https:\/\/www.facebook.com\/pages\/Starsisland-La-Palma\/210888162375006?ref=hl","https:\/\/x.com\/starsislandlapa","https:\/\/www.pinterest.com\/astroturismo\/","https:\/\/www.youtube.com\/channel\/UCV7sju1ggcBpJG39HQCBtsA"]},{"@type":"Person","@id":"https:\/\/www.starsislandlapalma.es\/#\/schema\/person\/d2618b46c3dc5c031ddd56a658f9ab25","name":"StarsIsland","image":{"@type":"ImageObject","inLanguage":"en-US","@id":"https:\/\/www.starsislandlapalma.es\/#\/schema\/person\/image\/","url":"https:\/\/secure.gravatar.com\/avatar\/30a35f2b7b8f976566433f1ab7d6402f?s=96&d=mm&r=g","contentUrl":"https:\/\/secure.gravatar.com\/avatar\/30a35f2b7b8f976566433f1ab7d6402f?s=96&d=mm&r=g","caption":"StarsIsland"},"url":"https:\/\/www.starsislandlapalma.es\/en\/author\/starsisland\/"}]}},"_links":{"self":[{"href":"https:\/\/www.starsislandlapalma.es\/en\/wp-json\/wp\/v2\/posts\/22360\/"}],"collection":[{"href":"https:\/\/www.starsislandlapalma.es\/en\/wp-json\/wp\/v2\/posts\/"}],"about":[{"href":"https:\/\/www.starsislandlapalma.es\/en\/wp-json\/wp\/v2\/types\/post\/"}],"author":[{"embeddable":true,"href":"https:\/\/www.starsislandlapalma.es\/en\/wp-json\/wp\/v2\/users\/4\/"}],"replies":[{"embeddable":true,"href":"https:\/\/www.starsislandlapalma.es\/en\/wp-json\/wp\/v2\/comments\/?post=22360"}],"version-history":[{"count":0,"href":"https:\/\/www.starsislandlapalma.es\/en\/wp-json\/wp\/v2\/posts\/22360\/revisions\/"}],"wp:featuredmedia":[{"embeddable":true,"href":"https:\/\/www.starsislandlapalma.es\/en\/wp-json\/wp\/v2\/media\/22301\/"}],"wp:attachment":[{"href":"https:\/\/www.starsislandlapalma.es\/en\/wp-json\/wp\/v2\/media\/?parent=22360"}],"wp:term":[{"taxonomy":"category","embeddable":true,"href":"https:\/\/www.starsislandlapalma.es\/en\/wp-json\/wp\/v2\/categories\/?post=22360"},{"taxonomy":"post_tag","embeddable":true,"href":"https:\/\/www.starsislandlapalma.es\/en\/wp-json\/wp\/v2\/tags\/?post=22360"}],"curies":[{"name":"wp","href":"https:\/\/api.w.org\/{rel}","templated":true}]}}