{"id":22397,"date":"2015-06-22T12:52:36","date_gmt":"2015-06-22T12:52:36","guid":{"rendered":"https:\/\/www.starsislandlapalma.es\/el-iac-ensena-la-luz-del-universo\/"},"modified":"2021-05-25T13:26:53","modified_gmt":"2021-05-25T13:26:53","slug":"el-iac-ensena-la-luz-del-universo","status":"publish","type":"post","link":"https:\/\/www.starsislandlapalma.es\/en\/el-iac-ensena-la-luz-del-universo\/","title":{"rendered":"El IAC ense\u00f1a la luz del Universo"},"content":{"rendered":"<p style=\"text-align: justify;\">El <strong>Instituto de Astrof\u00edsica de Canarias (IAC)<\/strong> est\u00e1 de celebraci\u00f3n. El 28 de junio <strong>hace 30 a\u00f1os que se\u00a0 inauguraron la sede central del IAC en La Laguna<\/strong> y los <strong>observatorios del Teide y el Roque de Los Muchachos.<\/strong> La <strong>exposici\u00f3n Luces del Universo,<\/strong> sobre la historia de la Astrof\u00edsica en Canarias, abre los actos conmemorativos.<\/p>\n<p style=\"text-align: justify;\">El Instituto de Astrof\u00edsica de Canarias (IAC) ha querido arrancar la celebraci\u00f3n del 30 aniversario de la inauguraci\u00f3n oficial de su sede y de los observatorios del Roque de Los Muchachos, en La Palma, y del Teide, en Tenerife, con una ambiciosa exposici\u00f3n, Luces del Universo, que hace un recorrido \u00aben im\u00e1genes\u00bb por la historia pasada, presente y futura de la Astrof\u00edsica en Canarias, en lo que uno de sus comisario, el astrof\u00edsico Juan Antonio Belmonte, considera \u00abel Hola del IAC\u00bb.<\/p>\n<p style=\"text-align: justify;\">La muestra se distribuye en once espacios expositivos que cubren, en opini\u00f3n de Belmonte, \u00abtodos los \u00e1mbitos\u00bb en los que participa el IAC desde la creaci\u00f3n en 1973, en la Universidad de La Laguna\u00a0 (ULL), del Instituto Universitario de Astrof\u00edsica. Busca \u00abinspirar a los j\u00f3venes\u00bb y tambi\u00e9n \u00abimpactar\u00bb, pero, sobre todo, es \u00abun escaparate de lo que hace el IAC, de lo que quiere hacer en el futuro y lo que est\u00e1 por hacer\u00bb.<\/p>\n<p style=\"text-align: justify;\">Ir a los or\u00edgenes de la Astrof\u00edsica y de esta ciencia en Canaria pasa por conocer los hitos cient\u00edficos del IAC. La F\u00edsica Solar fue una de las primeras l\u00edneas de investigaci\u00f3n en desarrollarse a finales de los a\u00f1os 70 y este lunes ha permitido al IAC consolidarse como referente a nivel mundial en el estudio del Sol. Pero no es la \u00fanica. Otros 22 hitos cient\u00edficos que se seleccionaron a partir de una lista de m\u00e1s de 80 art\u00edculos, liderados por investigadores del IAC, dan idea de la contribuci\u00f3n del centro a la ciencia en\u00a0 estos 30 a\u00f1os.<\/p>\n<p style=\"text-align: justify;\">Y, como no pod\u00eda ser de otra manera, el Gran Telescopio Canarias (GTC) es una de las \u00abapuestas de futuro\u00bb del IAC. Su contribuci\u00f3n a la exposici\u00f3n es un enorme caleidoscopio a trav\u00e9s del que visitante comienza su viaje adentr\u00e1ndose en un universo extra\u00f1o, que ofrece una experiencia \u00fanica y le permite estar, por ejemplo, en una granulaci\u00f3n solar o en un c\u00famulo de galaxias.<\/p>\n<p style=\"text-align: justify;\">Explorar los telescopios pasados, presentes y futuros del Teide y del Roque de los Muchachos y conocer los consorcios internacionales en los que participa el\u00a0 IAC completan una muestra que, a buen seguro, impactar\u00e1 a quien la visite hasta el d\u00eda 28 en La Laguna y del 16 de septiembre al 12 de octubre en La Palma.<\/p>\n<p style=\"text-align: justify; font-size: 9px;\">Fuente:\u00a0www.canarias7.es<\/p>\n","protected":false},"excerpt":{"rendered":"<p>El Instituto de Astrof\u00edsica de Canarias (IAC) est\u00e1 de celebraci\u00f3n. El 28 de junio hace 30 a\u00f1os que se\u00a0 inauguraron la sede central del IAC en La Laguna y los observatorios del Teide y el Roque de Los Muchachos. La exposici\u00f3n Luces del Universo, sobre&#8230;<\/p>\n","protected":false},"author":1,"featured_media":22398,"comment_status":"open","ping_status":"open","sticky":false,"template":"","format":"standard","meta":{"footnotes":""},"categories":[136],"tags":[159,160,574,163],"yoast_head":"<!-- This site is optimized with the Yoast SEO plugin v24.5 - https:\/\/yoast.com\/wordpress\/plugins\/seo\/ -->\n<title>El IAC ense\u00f1a la luz del Universo &#8902; Stars Island La Palma<\/title>\n<meta name=\"robots\" content=\"index, follow, max-snippet:-1, max-image-preview:large, max-video-preview:-1\" \/>\n<link rel=\"canonical\" href=\"https:\/\/www.starsislandlapalma.es\/en\/el-iac-ensena-la-luz-del-universo\/\" \/>\n<meta property=\"og:locale\" content=\"en_US\" \/>\n<meta property=\"og:type\" content=\"article\" \/>\n<meta property=\"og:title\" content=\"El IAC ense\u00f1a la luz del Universo &#8902; Stars Island La Palma\" \/>\n<meta property=\"og:description\" content=\"El Instituto de Astrof\u00edsica de Canarias (IAC) est\u00e1 de celebraci\u00f3n. El 28 de junio hace 30 a\u00f1os que se\u00a0 inauguraron la sede central del IAC en La Laguna y los observatorios del Teide y el Roque de Los Muchachos. La exposici\u00f3n Luces del Universo, sobre...\" \/>\n<meta property=\"og:url\" content=\"https:\/\/www.starsislandlapalma.es\/en\/el-iac-ensena-la-luz-del-universo\/\" \/>\n<meta property=\"og:site_name\" content=\"Stars Island La Palma\" \/>\n<meta property=\"article:publisher\" content=\"https:\/\/www.facebook.com\/pages\/Starsisland-La-Palma\/210888162375006?ref=hl\" \/>\n<meta property=\"article:published_time\" content=\"2015-06-22T12:52:36+00:00\" \/>\n<meta property=\"article:modified_time\" content=\"2021-05-25T13:26:53+00:00\" \/>\n<meta property=\"og:image\" content=\"https:\/\/www.starsislandlapalma.es\/wp-content\/uploads\/2014\/12\/generica.jpg\" \/>\n\t<meta property=\"og:image:width\" content=\"1471\" \/>\n\t<meta property=\"og:image:height\" content=\"674\" \/>\n\t<meta property=\"og:image:type\" content=\"image\/jpeg\" \/>\n<meta name=\"author\" content=\"Stars Island La Palma\" \/>\n<meta name=\"twitter:label1\" content=\"Written by\" \/>\n\t<meta name=\"twitter:data1\" content=\"Stars Island La Palma\" \/>\n\t<meta name=\"twitter:label2\" content=\"Est. reading time\" \/>\n\t<meta name=\"twitter:data2\" content=\"2 minutes\" \/>\n<script type=\"application\/ld+json\" class=\"yoast-schema-graph\">{\"@context\":\"https:\/\/schema.org\",\"@graph\":[{\"@type\":\"Article\",\"@id\":\"https:\/\/www.starsislandlapalma.es\/en\/el-iac-ensena-la-luz-del-universo\/#article\",\"isPartOf\":{\"@id\":\"https:\/\/www.starsislandlapalma.es\/en\/el-iac-ensena-la-luz-del-universo\/\"},\"author\":{\"name\":\"Stars Island La Palma\",\"@id\":\"https:\/\/www.starsislandlapalma.es\/#\/schema\/person\/9043f5bd4f379ca7532bf525fa88073b\"},\"headline\":\"El IAC ense\u00f1a la luz del Universo\",\"datePublished\":\"2015-06-22T12:52:36+00:00\",\"dateModified\":\"2021-05-25T13:26:53+00:00\",\"mainEntityOfPage\":{\"@id\":\"https:\/\/www.starsislandlapalma.es\/en\/el-iac-ensena-la-luz-del-universo\/\"},\"wordCount\":471,\"commentCount\":0,\"publisher\":{\"@id\":\"https:\/\/www.starsislandlapalma.es\/#organization\"},\"image\":{\"@id\":\"https:\/\/www.starsislandlapalma.es\/en\/el-iac-ensena-la-luz-del-universo\/#primaryimage\"},\"thumbnailUrl\":\"https:\/\/www.starsislandlapalma.es\/wp-content\/uploads\/2014\/12\/generica.jpg\",\"keywords\":[\"IAC\",\"la palma\",\"observatorio Teider\",\"roque de los muchachos\"],\"articleSection\":[\"News\"],\"inLanguage\":\"en-US\",\"potentialAction\":[{\"@type\":\"CommentAction\",\"name\":\"Comment\",\"target\":[\"https:\/\/www.starsislandlapalma.es\/en\/el-iac-ensena-la-luz-del-universo\/#respond\"]}]},{\"@type\":\"WebPage\",\"@id\":\"https:\/\/www.starsislandlapalma.es\/en\/el-iac-ensena-la-luz-del-universo\/\",\"url\":\"https:\/\/www.starsislandlapalma.es\/en\/el-iac-ensena-la-luz-del-universo\/\",\"name\":\"El IAC ense\u00f1a la luz del Universo &#8902; Stars Island La Palma\",\"isPartOf\":{\"@id\":\"https:\/\/www.starsislandlapalma.es\/#website\"},\"primaryImageOfPage\":{\"@id\":\"https:\/\/www.starsislandlapalma.es\/en\/el-iac-ensena-la-luz-del-universo\/#primaryimage\"},\"image\":{\"@id\":\"https:\/\/www.starsislandlapalma.es\/en\/el-iac-ensena-la-luz-del-universo\/#primaryimage\"},\"thumbnailUrl\":\"https:\/\/www.starsislandlapalma.es\/wp-content\/uploads\/2014\/12\/generica.jpg\",\"datePublished\":\"2015-06-22T12:52:36+00:00\",\"dateModified\":\"2021-05-25T13:26:53+00:00\",\"breadcrumb\":{\"@id\":\"https:\/\/www.starsislandlapalma.es\/en\/el-iac-ensena-la-luz-del-universo\/#breadcrumb\"},\"inLanguage\":\"en-US\",\"potentialAction\":[{\"@type\":\"ReadAction\",\"target\":[\"https:\/\/www.starsislandlapalma.es\/en\/el-iac-ensena-la-luz-del-universo\/\"]}]},{\"@type\":\"ImageObject\",\"inLanguage\":\"en-US\",\"@id\":\"https:\/\/www.starsislandlapalma.es\/en\/el-iac-ensena-la-luz-del-universo\/#primaryimage\",\"url\":\"https:\/\/www.starsislandlapalma.es\/wp-content\/uploads\/2014\/12\/generica.jpg\",\"contentUrl\":\"https:\/\/www.starsislandlapalma.es\/wp-content\/uploads\/2014\/12\/generica.jpg\",\"width\":1471,\"height\":674},{\"@type\":\"BreadcrumbList\",\"@id\":\"https:\/\/www.starsislandlapalma.es\/en\/el-iac-ensena-la-luz-del-universo\/#breadcrumb\",\"itemListElement\":[{\"@type\":\"ListItem\",\"position\":1,\"name\":\"Portada\",\"item\":\"https:\/\/www.starsislandlapalma.es\/en\/\"},{\"@type\":\"ListItem\",\"position\":2,\"name\":\"El IAC ense\u00f1a la luz del Universo\"}]},{\"@type\":\"WebSite\",\"@id\":\"https:\/\/www.starsislandlapalma.es\/#website\",\"url\":\"https:\/\/www.starsislandlapalma.es\/\",\"name\":\"Stars Island La Palma\",\"description\":\"La Palma, el lugar perfecto para disfrutar del universo. Primera Reserva Starlight del mundo, en 2012 se reconoce como Destino Tur\u00edstico Starlight\",\"publisher\":{\"@id\":\"https:\/\/www.starsislandlapalma.es\/#organization\"},\"potentialAction\":[{\"@type\":\"SearchAction\",\"target\":{\"@type\":\"EntryPoint\",\"urlTemplate\":\"https:\/\/www.starsislandlapalma.es\/?s={search_term_string}\"},\"query-input\":{\"@type\":\"PropertyValueSpecification\",\"valueRequired\":true,\"valueName\":\"search_term_string\"}}],\"inLanguage\":\"en-US\"},{\"@type\":\"Organization\",\"@id\":\"https:\/\/www.starsislandlapalma.es\/#organization\",\"name\":\"Star Island La Palma\",\"url\":\"https:\/\/www.starsislandlapalma.es\/\",\"logo\":{\"@type\":\"ImageObject\",\"inLanguage\":\"en-US\",\"@id\":\"https:\/\/www.starsislandlapalma.es\/#\/schema\/logo\/image\/\",\"url\":\"https:\/\/www.starsislandlapalma.es\/wp-content\/uploads\/2022\/01\/logo_starisland.png\",\"contentUrl\":\"https:\/\/www.starsislandlapalma.es\/wp-content\/uploads\/2022\/01\/logo_starisland.png\",\"width\":172,\"height\":139,\"caption\":\"Star Island La Palma\"},\"image\":{\"@id\":\"https:\/\/www.starsislandlapalma.es\/#\/schema\/logo\/image\/\"},\"sameAs\":[\"https:\/\/www.facebook.com\/pages\/Starsisland-La-Palma\/210888162375006?ref=hl\",\"https:\/\/x.com\/starsislandlapa\",\"https:\/\/www.pinterest.com\/astroturismo\/\",\"https:\/\/www.youtube.com\/channel\/UCV7sju1ggcBpJG39HQCBtsA\"]},{\"@type\":\"Person\",\"@id\":\"https:\/\/www.starsislandlapalma.es\/#\/schema\/person\/9043f5bd4f379ca7532bf525fa88073b\",\"name\":\"Stars Island La Palma\",\"image\":{\"@type\":\"ImageObject\",\"inLanguage\":\"en-US\",\"@id\":\"https:\/\/www.starsislandlapalma.es\/#\/schema\/person\/image\/\",\"url\":\"https:\/\/secure.gravatar.com\/avatar\/214edfeae37af83662fa1058aeebfb41?s=96&d=mm&r=g\",\"contentUrl\":\"https:\/\/secure.gravatar.com\/avatar\/214edfeae37af83662fa1058aeebfb41?s=96&d=mm&r=g\",\"caption\":\"Stars Island La Palma\"},\"url\":\"https:\/\/www.starsislandlapalma.es\/en\/author\/star\/\"}]}<\/script>\n<!-- \/ Yoast SEO plugin. -->","yoast_head_json":{"title":"El IAC ense\u00f1a la luz del Universo &#8902; Stars Island La Palma","robots":{"index":"index","follow":"follow","max-snippet":"max-snippet:-1","max-image-preview":"max-image-preview:large","max-video-preview":"max-video-preview:-1"},"canonical":"https:\/\/www.starsislandlapalma.es\/en\/el-iac-ensena-la-luz-del-universo\/","og_locale":"en_US","og_type":"article","og_title":"El IAC ense\u00f1a la luz del Universo &#8902; Stars Island La Palma","og_description":"El Instituto de Astrof\u00edsica de Canarias (IAC) est\u00e1 de celebraci\u00f3n. El 28 de junio hace 30 a\u00f1os que se\u00a0 inauguraron la sede central del IAC en La Laguna y los observatorios del Teide y el Roque de Los Muchachos. La exposici\u00f3n Luces del Universo, sobre...","og_url":"https:\/\/www.starsislandlapalma.es\/en\/el-iac-ensena-la-luz-del-universo\/","og_site_name":"Stars Island La Palma","article_publisher":"https:\/\/www.facebook.com\/pages\/Starsisland-La-Palma\/210888162375006?ref=hl","article_published_time":"2015-06-22T12:52:36+00:00","article_modified_time":"2021-05-25T13:26:53+00:00","og_image":[{"width":1471,"height":674,"url":"https:\/\/www.starsislandlapalma.es\/wp-content\/uploads\/2014\/12\/generica.jpg","type":"image\/jpeg"}],"author":"Stars Island La Palma","twitter_misc":{"Written by":"Stars Island La Palma","Est. reading time":"2 minutes"},"schema":{"@context":"https:\/\/schema.org","@graph":[{"@type":"Article","@id":"https:\/\/www.starsislandlapalma.es\/en\/el-iac-ensena-la-luz-del-universo\/#article","isPartOf":{"@id":"https:\/\/www.starsislandlapalma.es\/en\/el-iac-ensena-la-luz-del-universo\/"},"author":{"name":"Stars Island La Palma","@id":"https:\/\/www.starsislandlapalma.es\/#\/schema\/person\/9043f5bd4f379ca7532bf525fa88073b"},"headline":"El IAC ense\u00f1a la luz del Universo","datePublished":"2015-06-22T12:52:36+00:00","dateModified":"2021-05-25T13:26:53+00:00","mainEntityOfPage":{"@id":"https:\/\/www.starsislandlapalma.es\/en\/el-iac-ensena-la-luz-del-universo\/"},"wordCount":471,"commentCount":0,"publisher":{"@id":"https:\/\/www.starsislandlapalma.es\/#organization"},"image":{"@id":"https:\/\/www.starsislandlapalma.es\/en\/el-iac-ensena-la-luz-del-universo\/#primaryimage"},"thumbnailUrl":"https:\/\/www.starsislandlapalma.es\/wp-content\/uploads\/2014\/12\/generica.jpg","keywords":["IAC","la palma","observatorio Teider","roque de los muchachos"],"articleSection":["News"],"inLanguage":"en-US","potentialAction":[{"@type":"CommentAction","name":"Comment","target":["https:\/\/www.starsislandlapalma.es\/en\/el-iac-ensena-la-luz-del-universo\/#respond"]}]},{"@type":"WebPage","@id":"https:\/\/www.starsislandlapalma.es\/en\/el-iac-ensena-la-luz-del-universo\/","url":"https:\/\/www.starsislandlapalma.es\/en\/el-iac-ensena-la-luz-del-universo\/","name":"El IAC ense\u00f1a la luz del Universo &#8902; Stars Island La Palma","isPartOf":{"@id":"https:\/\/www.starsislandlapalma.es\/#website"},"primaryImageOfPage":{"@id":"https:\/\/www.starsislandlapalma.es\/en\/el-iac-ensena-la-luz-del-universo\/#primaryimage"},"image":{"@id":"https:\/\/www.starsislandlapalma.es\/en\/el-iac-ensena-la-luz-del-universo\/#primaryimage"},"thumbnailUrl":"https:\/\/www.starsislandlapalma.es\/wp-content\/uploads\/2014\/12\/generica.jpg","datePublished":"2015-06-22T12:52:36+00:00","dateModified":"2021-05-25T13:26:53+00:00","breadcrumb":{"@id":"https:\/\/www.starsislandlapalma.es\/en\/el-iac-ensena-la-luz-del-universo\/#breadcrumb"},"inLanguage":"en-US","potentialAction":[{"@type":"ReadAction","target":["https:\/\/www.starsislandlapalma.es\/en\/el-iac-ensena-la-luz-del-universo\/"]}]},{"@type":"ImageObject","inLanguage":"en-US","@id":"https:\/\/www.starsislandlapalma.es\/en\/el-iac-ensena-la-luz-del-universo\/#primaryimage","url":"https:\/\/www.starsislandlapalma.es\/wp-content\/uploads\/2014\/12\/generica.jpg","contentUrl":"https:\/\/www.starsislandlapalma.es\/wp-content\/uploads\/2014\/12\/generica.jpg","width":1471,"height":674},{"@type":"BreadcrumbList","@id":"https:\/\/www.starsislandlapalma.es\/en\/el-iac-ensena-la-luz-del-universo\/#breadcrumb","itemListElement":[{"@type":"ListItem","position":1,"name":"Portada","item":"https:\/\/www.starsislandlapalma.es\/en\/"},{"@type":"ListItem","position":2,"name":"El IAC ense\u00f1a la luz del Universo"}]},{"@type":"WebSite","@id":"https:\/\/www.starsislandlapalma.es\/#website","url":"https:\/\/www.starsislandlapalma.es\/","name":"Stars Island La Palma","description":"La Palma, el lugar perfecto para disfrutar del universo. Primera Reserva Starlight del mundo, en 2012 se reconoce como Destino Tur\u00edstico Starlight","publisher":{"@id":"https:\/\/www.starsislandlapalma.es\/#organization"},"potentialAction":[{"@type":"SearchAction","target":{"@type":"EntryPoint","urlTemplate":"https:\/\/www.starsislandlapalma.es\/?s={search_term_string}"},"query-input":{"@type":"PropertyValueSpecification","valueRequired":true,"valueName":"search_term_string"}}],"inLanguage":"en-US"},{"@type":"Organization","@id":"https:\/\/www.starsislandlapalma.es\/#organization","name":"Star Island La Palma","url":"https:\/\/www.starsislandlapalma.es\/","logo":{"@type":"ImageObject","inLanguage":"en-US","@id":"https:\/\/www.starsislandlapalma.es\/#\/schema\/logo\/image\/","url":"https:\/\/www.starsislandlapalma.es\/wp-content\/uploads\/2022\/01\/logo_starisland.png","contentUrl":"https:\/\/www.starsislandlapalma.es\/wp-content\/uploads\/2022\/01\/logo_starisland.png","width":172,"height":139,"caption":"Star Island La Palma"},"image":{"@id":"https:\/\/www.starsislandlapalma.es\/#\/schema\/logo\/image\/"},"sameAs":["https:\/\/www.facebook.com\/pages\/Starsisland-La-Palma\/210888162375006?ref=hl","https:\/\/x.com\/starsislandlapa","https:\/\/www.pinterest.com\/astroturismo\/","https:\/\/www.youtube.com\/channel\/UCV7sju1ggcBpJG39HQCBtsA"]},{"@type":"Person","@id":"https:\/\/www.starsislandlapalma.es\/#\/schema\/person\/9043f5bd4f379ca7532bf525fa88073b","name":"Stars Island La Palma","image":{"@type":"ImageObject","inLanguage":"en-US","@id":"https:\/\/www.starsislandlapalma.es\/#\/schema\/person\/image\/","url":"https:\/\/secure.gravatar.com\/avatar\/214edfeae37af83662fa1058aeebfb41?s=96&d=mm&r=g","contentUrl":"https:\/\/secure.gravatar.com\/avatar\/214edfeae37af83662fa1058aeebfb41?s=96&d=mm&r=g","caption":"Stars Island La Palma"},"url":"https:\/\/www.starsislandlapalma.es\/en\/author\/star\/"}]}},"_links":{"self":[{"href":"https:\/\/www.starsislandlapalma.es\/en\/wp-json\/wp\/v2\/posts\/22397\/"}],"collection":[{"href":"https:\/\/www.starsislandlapalma.es\/en\/wp-json\/wp\/v2\/posts\/"}],"about":[{"href":"https:\/\/www.starsislandlapalma.es\/en\/wp-json\/wp\/v2\/types\/post\/"}],"author":[{"embeddable":true,"href":"https:\/\/www.starsislandlapalma.es\/en\/wp-json\/wp\/v2\/users\/1\/"}],"replies":[{"embeddable":true,"href":"https:\/\/www.starsislandlapalma.es\/en\/wp-json\/wp\/v2\/comments\/?post=22397"}],"version-history":[{"count":0,"href":"https:\/\/www.starsislandlapalma.es\/en\/wp-json\/wp\/v2\/posts\/22397\/revisions\/"}],"wp:featuredmedia":[{"embeddable":true,"href":"https:\/\/www.starsislandlapalma.es\/en\/wp-json\/wp\/v2\/media\/22398\/"}],"wp:attachment":[{"href":"https:\/\/www.starsislandlapalma.es\/en\/wp-json\/wp\/v2\/media\/?parent=22397"}],"wp:term":[{"taxonomy":"category","embeddable":true,"href":"https:\/\/www.starsislandlapalma.es\/en\/wp-json\/wp\/v2\/categories\/?post=22397"},{"taxonomy":"post_tag","embeddable":true,"href":"https:\/\/www.starsislandlapalma.es\/en\/wp-json\/wp\/v2\/tags\/?post=22397"}],"curies":[{"name":"wp","href":"https:\/\/api.w.org\/{rel}","templated":true}]}}