{"id":22455,"date":"2015-08-24T09:35:52","date_gmt":"2015-08-24T09:35:52","guid":{"rendered":"https:\/\/www.starsislandlapalma.es\/el-mar-y-las-estrellas-ya-empieza-a-coger-la-forma\/"},"modified":"2021-05-25T13:48:05","modified_gmt":"2021-05-25T13:48:05","slug":"el-mar-y-las-estrellas-ya-empieza-a-coger-la-forma","status":"publish","type":"post","link":"https:\/\/www.starsislandlapalma.es\/en\/el-mar-y-las-estrellas-ya-empieza-a-coger-la-forma\/","title":{"rendered":"\u2018El mar y las estrellas\u2019 ya empieza a coger la forma"},"content":{"rendered":"<p>Este jueves se suma a los ensayos de El mar y las estrellas Mingo Ruano, con lo que la compa\u00f1\u00eda 2RC, dirigida por Rafael Rodr\u00edguez, ya dispondr\u00e1 del reparto completo para prepapar la puesta de largo del montaje con el que el teatro Cuy\u00e1s estrena su nueva temporada el pr\u00f3ximo 2 de octubre.<\/p>\n<p>Fuente: <a href=\"http:\/\/www.canarias7.es\/articulo.cfm?id=386389\" target=\"_blank\" rel=\"noopener noreferrer\">Canarias7<\/a><\/p>\n","protected":false},"excerpt":{"rendered":"<p>Este jueves se suma a los ensayos de El mar y las estrellas Mingo Ruano, con lo que la compa\u00f1\u00eda 2RC, dirigida por Rafael Rodr\u00edguez, ya dispondr\u00e1 del reparto completo para prepapar la puesta de largo del montaje con el que el teatro Cuy\u00e1s estrena&#8230;<\/p>\n","protected":false},"author":1,"featured_media":22456,"comment_status":"open","ping_status":"open","sticky":false,"template":"","format":"standard","meta":{"footnotes":""},"categories":[136],"tags":[250,226,588],"yoast_head":"<!-- This site is optimized with the Yoast SEO plugin v24.5 - https:\/\/yoast.com\/wordpress\/plugins\/seo\/ -->\n<title>\u2018El mar y las estrellas\u2019 ya empieza a coger la forma &#8902; Stars Island La Palma<\/title>\n<meta name=\"robots\" content=\"index, follow, max-snippet:-1, max-image-preview:large, max-video-preview:-1\" \/>\n<link rel=\"canonical\" href=\"https:\/\/www.starsislandlapalma.es\/en\/el-mar-y-las-estrellas-ya-empieza-a-coger-la-forma\/\" \/>\n<meta property=\"og:locale\" content=\"en_US\" \/>\n<meta property=\"og:type\" content=\"article\" \/>\n<meta property=\"og:title\" content=\"\u2018El mar y las estrellas\u2019 ya empieza a coger la forma &#8902; Stars Island La Palma\" \/>\n<meta property=\"og:description\" content=\"Este jueves se suma a los ensayos de El mar y las estrellas Mingo Ruano, con lo que la compa\u00f1\u00eda 2RC, dirigida por Rafael Rodr\u00edguez, ya dispondr\u00e1 del reparto completo para prepapar la puesta de largo del montaje con el que el teatro Cuy\u00e1s estrena...\" \/>\n<meta property=\"og:url\" content=\"https:\/\/www.starsislandlapalma.es\/en\/el-mar-y-las-estrellas-ya-empieza-a-coger-la-forma\/\" \/>\n<meta property=\"og:site_name\" content=\"Stars Island La Palma\" \/>\n<meta property=\"article:publisher\" content=\"https:\/\/www.facebook.com\/pages\/Starsisland-La-Palma\/210888162375006?ref=hl\" \/>\n<meta property=\"article:published_time\" content=\"2015-08-24T09:35:52+00:00\" \/>\n<meta property=\"article:modified_time\" content=\"2021-05-25T13:48:05+00:00\" \/>\n<meta property=\"og:image\" content=\"https:\/\/www.starsislandlapalma.es\/wp-content\/uploads\/2015\/03\/starsislandlapalma4.jpg\" \/>\n\t<meta property=\"og:image:width\" content=\"960\" \/>\n\t<meta property=\"og:image:height\" content=\"640\" \/>\n\t<meta property=\"og:image:type\" content=\"image\/jpeg\" \/>\n<meta name=\"author\" content=\"Stars Island La Palma\" \/>\n<meta name=\"twitter:label1\" content=\"Written by\" \/>\n\t<meta name=\"twitter:data1\" content=\"Stars Island La Palma\" \/>\n<script type=\"application\/ld+json\" class=\"yoast-schema-graph\">{\"@context\":\"https:\/\/schema.org\",\"@graph\":[{\"@type\":\"Article\",\"@id\":\"https:\/\/www.starsislandlapalma.es\/en\/el-mar-y-las-estrellas-ya-empieza-a-coger-la-forma\/#article\",\"isPartOf\":{\"@id\":\"https:\/\/www.starsislandlapalma.es\/en\/el-mar-y-las-estrellas-ya-empieza-a-coger-la-forma\/\"},\"author\":{\"name\":\"Stars Island La Palma\",\"@id\":\"https:\/\/www.starsislandlapalma.es\/#\/schema\/person\/9043f5bd4f379ca7532bf525fa88073b\"},\"headline\":\"\u2018El mar y las estrellas\u2019 ya empieza a coger la forma\",\"datePublished\":\"2015-08-24T09:35:52+00:00\",\"dateModified\":\"2021-05-25T13:48:05+00:00\",\"mainEntityOfPage\":{\"@id\":\"https:\/\/www.starsislandlapalma.es\/en\/el-mar-y-las-estrellas-ya-empieza-a-coger-la-forma\/\"},\"wordCount\":69,\"commentCount\":0,\"publisher\":{\"@id\":\"https:\/\/www.starsislandlapalma.es\/#organization\"},\"image\":{\"@id\":\"https:\/\/www.starsislandlapalma.es\/en\/el-mar-y-las-estrellas-ya-empieza-a-coger-la-forma\/#primaryimage\"},\"thumbnailUrl\":\"https:\/\/www.starsislandlapalma.es\/wp-content\/uploads\/2015\/03\/starsislandlapalma4.jpg\",\"keywords\":[\"astronom\u00eda\",\"estrellas\",\"mar\"],\"articleSection\":[\"News\"],\"inLanguage\":\"en-US\",\"potentialAction\":[{\"@type\":\"CommentAction\",\"name\":\"Comment\",\"target\":[\"https:\/\/www.starsislandlapalma.es\/en\/el-mar-y-las-estrellas-ya-empieza-a-coger-la-forma\/#respond\"]}]},{\"@type\":\"WebPage\",\"@id\":\"https:\/\/www.starsislandlapalma.es\/en\/el-mar-y-las-estrellas-ya-empieza-a-coger-la-forma\/\",\"url\":\"https:\/\/www.starsislandlapalma.es\/en\/el-mar-y-las-estrellas-ya-empieza-a-coger-la-forma\/\",\"name\":\"\u2018El mar y las estrellas\u2019 ya empieza a coger la forma &#8902; Stars Island La Palma\",\"isPartOf\":{\"@id\":\"https:\/\/www.starsislandlapalma.es\/#website\"},\"primaryImageOfPage\":{\"@id\":\"https:\/\/www.starsislandlapalma.es\/en\/el-mar-y-las-estrellas-ya-empieza-a-coger-la-forma\/#primaryimage\"},\"image\":{\"@id\":\"https:\/\/www.starsislandlapalma.es\/en\/el-mar-y-las-estrellas-ya-empieza-a-coger-la-forma\/#primaryimage\"},\"thumbnailUrl\":\"https:\/\/www.starsislandlapalma.es\/wp-content\/uploads\/2015\/03\/starsislandlapalma4.jpg\",\"datePublished\":\"2015-08-24T09:35:52+00:00\",\"dateModified\":\"2021-05-25T13:48:05+00:00\",\"breadcrumb\":{\"@id\":\"https:\/\/www.starsislandlapalma.es\/en\/el-mar-y-las-estrellas-ya-empieza-a-coger-la-forma\/#breadcrumb\"},\"inLanguage\":\"en-US\",\"potentialAction\":[{\"@type\":\"ReadAction\",\"target\":[\"https:\/\/www.starsislandlapalma.es\/en\/el-mar-y-las-estrellas-ya-empieza-a-coger-la-forma\/\"]}]},{\"@type\":\"ImageObject\",\"inLanguage\":\"en-US\",\"@id\":\"https:\/\/www.starsislandlapalma.es\/en\/el-mar-y-las-estrellas-ya-empieza-a-coger-la-forma\/#primaryimage\",\"url\":\"https:\/\/www.starsislandlapalma.es\/wp-content\/uploads\/2015\/03\/starsislandlapalma4.jpg\",\"contentUrl\":\"https:\/\/www.starsislandlapalma.es\/wp-content\/uploads\/2015\/03\/starsislandlapalma4.jpg\",\"width\":960,\"height\":640},{\"@type\":\"BreadcrumbList\",\"@id\":\"https:\/\/www.starsislandlapalma.es\/en\/el-mar-y-las-estrellas-ya-empieza-a-coger-la-forma\/#breadcrumb\",\"itemListElement\":[{\"@type\":\"ListItem\",\"position\":1,\"name\":\"Portada\",\"item\":\"https:\/\/www.starsislandlapalma.es\/en\/\"},{\"@type\":\"ListItem\",\"position\":2,\"name\":\"\u2018El mar y las estrellas\u2019 ya empieza a coger la forma\"}]},{\"@type\":\"WebSite\",\"@id\":\"https:\/\/www.starsislandlapalma.es\/#website\",\"url\":\"https:\/\/www.starsislandlapalma.es\/\",\"name\":\"Stars Island La Palma\",\"description\":\"La Palma, el lugar perfecto para disfrutar del universo. Primera Reserva Starlight del mundo, en 2012 se reconoce como Destino Tur\u00edstico Starlight\",\"publisher\":{\"@id\":\"https:\/\/www.starsislandlapalma.es\/#organization\"},\"potentialAction\":[{\"@type\":\"SearchAction\",\"target\":{\"@type\":\"EntryPoint\",\"urlTemplate\":\"https:\/\/www.starsislandlapalma.es\/?s={search_term_string}\"},\"query-input\":{\"@type\":\"PropertyValueSpecification\",\"valueRequired\":true,\"valueName\":\"search_term_string\"}}],\"inLanguage\":\"en-US\"},{\"@type\":\"Organization\",\"@id\":\"https:\/\/www.starsislandlapalma.es\/#organization\",\"name\":\"Star Island La Palma\",\"url\":\"https:\/\/www.starsislandlapalma.es\/\",\"logo\":{\"@type\":\"ImageObject\",\"inLanguage\":\"en-US\",\"@id\":\"https:\/\/www.starsislandlapalma.es\/#\/schema\/logo\/image\/\",\"url\":\"https:\/\/www.starsislandlapalma.es\/wp-content\/uploads\/2022\/01\/logo_starisland.png\",\"contentUrl\":\"https:\/\/www.starsislandlapalma.es\/wp-content\/uploads\/2022\/01\/logo_starisland.png\",\"width\":172,\"height\":139,\"caption\":\"Star Island La Palma\"},\"image\":{\"@id\":\"https:\/\/www.starsislandlapalma.es\/#\/schema\/logo\/image\/\"},\"sameAs\":[\"https:\/\/www.facebook.com\/pages\/Starsisland-La-Palma\/210888162375006?ref=hl\",\"https:\/\/x.com\/starsislandlapa\",\"https:\/\/www.pinterest.com\/astroturismo\/\",\"https:\/\/www.youtube.com\/channel\/UCV7sju1ggcBpJG39HQCBtsA\"]},{\"@type\":\"Person\",\"@id\":\"https:\/\/www.starsislandlapalma.es\/#\/schema\/person\/9043f5bd4f379ca7532bf525fa88073b\",\"name\":\"Stars Island La Palma\",\"image\":{\"@type\":\"ImageObject\",\"inLanguage\":\"en-US\",\"@id\":\"https:\/\/www.starsislandlapalma.es\/#\/schema\/person\/image\/\",\"url\":\"https:\/\/secure.gravatar.com\/avatar\/214edfeae37af83662fa1058aeebfb41?s=96&d=mm&r=g\",\"contentUrl\":\"https:\/\/secure.gravatar.com\/avatar\/214edfeae37af83662fa1058aeebfb41?s=96&d=mm&r=g\",\"caption\":\"Stars Island La Palma\"},\"url\":\"https:\/\/www.starsislandlapalma.es\/en\/author\/star\/\"}]}<\/script>\n<!-- \/ Yoast SEO plugin. -->","yoast_head_json":{"title":"\u2018El mar y las estrellas\u2019 ya empieza a coger la forma &#8902; Stars Island La Palma","robots":{"index":"index","follow":"follow","max-snippet":"max-snippet:-1","max-image-preview":"max-image-preview:large","max-video-preview":"max-video-preview:-1"},"canonical":"https:\/\/www.starsislandlapalma.es\/en\/el-mar-y-las-estrellas-ya-empieza-a-coger-la-forma\/","og_locale":"en_US","og_type":"article","og_title":"\u2018El mar y las estrellas\u2019 ya empieza a coger la forma &#8902; Stars Island La Palma","og_description":"Este jueves se suma a los ensayos de El mar y las estrellas Mingo Ruano, con lo que la compa\u00f1\u00eda 2RC, dirigida por Rafael Rodr\u00edguez, ya dispondr\u00e1 del reparto completo para prepapar la puesta de largo del montaje con el que el teatro Cuy\u00e1s estrena...","og_url":"https:\/\/www.starsislandlapalma.es\/en\/el-mar-y-las-estrellas-ya-empieza-a-coger-la-forma\/","og_site_name":"Stars Island La Palma","article_publisher":"https:\/\/www.facebook.com\/pages\/Starsisland-La-Palma\/210888162375006?ref=hl","article_published_time":"2015-08-24T09:35:52+00:00","article_modified_time":"2021-05-25T13:48:05+00:00","og_image":[{"width":960,"height":640,"url":"https:\/\/www.starsislandlapalma.es\/wp-content\/uploads\/2015\/03\/starsislandlapalma4.jpg","type":"image\/jpeg"}],"author":"Stars Island La Palma","twitter_misc":{"Written by":"Stars Island La Palma"},"schema":{"@context":"https:\/\/schema.org","@graph":[{"@type":"Article","@id":"https:\/\/www.starsislandlapalma.es\/en\/el-mar-y-las-estrellas-ya-empieza-a-coger-la-forma\/#article","isPartOf":{"@id":"https:\/\/www.starsislandlapalma.es\/en\/el-mar-y-las-estrellas-ya-empieza-a-coger-la-forma\/"},"author":{"name":"Stars Island La Palma","@id":"https:\/\/www.starsislandlapalma.es\/#\/schema\/person\/9043f5bd4f379ca7532bf525fa88073b"},"headline":"\u2018El mar y las estrellas\u2019 ya empieza a coger la forma","datePublished":"2015-08-24T09:35:52+00:00","dateModified":"2021-05-25T13:48:05+00:00","mainEntityOfPage":{"@id":"https:\/\/www.starsislandlapalma.es\/en\/el-mar-y-las-estrellas-ya-empieza-a-coger-la-forma\/"},"wordCount":69,"commentCount":0,"publisher":{"@id":"https:\/\/www.starsislandlapalma.es\/#organization"},"image":{"@id":"https:\/\/www.starsislandlapalma.es\/en\/el-mar-y-las-estrellas-ya-empieza-a-coger-la-forma\/#primaryimage"},"thumbnailUrl":"https:\/\/www.starsislandlapalma.es\/wp-content\/uploads\/2015\/03\/starsislandlapalma4.jpg","keywords":["astronom\u00eda","estrellas","mar"],"articleSection":["News"],"inLanguage":"en-US","potentialAction":[{"@type":"CommentAction","name":"Comment","target":["https:\/\/www.starsislandlapalma.es\/en\/el-mar-y-las-estrellas-ya-empieza-a-coger-la-forma\/#respond"]}]},{"@type":"WebPage","@id":"https:\/\/www.starsislandlapalma.es\/en\/el-mar-y-las-estrellas-ya-empieza-a-coger-la-forma\/","url":"https:\/\/www.starsislandlapalma.es\/en\/el-mar-y-las-estrellas-ya-empieza-a-coger-la-forma\/","name":"\u2018El mar y las estrellas\u2019 ya empieza a coger la forma &#8902; Stars Island La Palma","isPartOf":{"@id":"https:\/\/www.starsislandlapalma.es\/#website"},"primaryImageOfPage":{"@id":"https:\/\/www.starsislandlapalma.es\/en\/el-mar-y-las-estrellas-ya-empieza-a-coger-la-forma\/#primaryimage"},"image":{"@id":"https:\/\/www.starsislandlapalma.es\/en\/el-mar-y-las-estrellas-ya-empieza-a-coger-la-forma\/#primaryimage"},"thumbnailUrl":"https:\/\/www.starsislandlapalma.es\/wp-content\/uploads\/2015\/03\/starsislandlapalma4.jpg","datePublished":"2015-08-24T09:35:52+00:00","dateModified":"2021-05-25T13:48:05+00:00","breadcrumb":{"@id":"https:\/\/www.starsislandlapalma.es\/en\/el-mar-y-las-estrellas-ya-empieza-a-coger-la-forma\/#breadcrumb"},"inLanguage":"en-US","potentialAction":[{"@type":"ReadAction","target":["https:\/\/www.starsislandlapalma.es\/en\/el-mar-y-las-estrellas-ya-empieza-a-coger-la-forma\/"]}]},{"@type":"ImageObject","inLanguage":"en-US","@id":"https:\/\/www.starsislandlapalma.es\/en\/el-mar-y-las-estrellas-ya-empieza-a-coger-la-forma\/#primaryimage","url":"https:\/\/www.starsislandlapalma.es\/wp-content\/uploads\/2015\/03\/starsislandlapalma4.jpg","contentUrl":"https:\/\/www.starsislandlapalma.es\/wp-content\/uploads\/2015\/03\/starsislandlapalma4.jpg","width":960,"height":640},{"@type":"BreadcrumbList","@id":"https:\/\/www.starsislandlapalma.es\/en\/el-mar-y-las-estrellas-ya-empieza-a-coger-la-forma\/#breadcrumb","itemListElement":[{"@type":"ListItem","position":1,"name":"Portada","item":"https:\/\/www.starsislandlapalma.es\/en\/"},{"@type":"ListItem","position":2,"name":"\u2018El mar y las estrellas\u2019 ya empieza a coger la forma"}]},{"@type":"WebSite","@id":"https:\/\/www.starsislandlapalma.es\/#website","url":"https:\/\/www.starsislandlapalma.es\/","name":"Stars Island La Palma","description":"La Palma, el lugar perfecto para disfrutar del universo. Primera Reserva Starlight del mundo, en 2012 se reconoce como Destino Tur\u00edstico Starlight","publisher":{"@id":"https:\/\/www.starsislandlapalma.es\/#organization"},"potentialAction":[{"@type":"SearchAction","target":{"@type":"EntryPoint","urlTemplate":"https:\/\/www.starsislandlapalma.es\/?s={search_term_string}"},"query-input":{"@type":"PropertyValueSpecification","valueRequired":true,"valueName":"search_term_string"}}],"inLanguage":"en-US"},{"@type":"Organization","@id":"https:\/\/www.starsislandlapalma.es\/#organization","name":"Star Island La Palma","url":"https:\/\/www.starsislandlapalma.es\/","logo":{"@type":"ImageObject","inLanguage":"en-US","@id":"https:\/\/www.starsislandlapalma.es\/#\/schema\/logo\/image\/","url":"https:\/\/www.starsislandlapalma.es\/wp-content\/uploads\/2022\/01\/logo_starisland.png","contentUrl":"https:\/\/www.starsislandlapalma.es\/wp-content\/uploads\/2022\/01\/logo_starisland.png","width":172,"height":139,"caption":"Star Island La Palma"},"image":{"@id":"https:\/\/www.starsislandlapalma.es\/#\/schema\/logo\/image\/"},"sameAs":["https:\/\/www.facebook.com\/pages\/Starsisland-La-Palma\/210888162375006?ref=hl","https:\/\/x.com\/starsislandlapa","https:\/\/www.pinterest.com\/astroturismo\/","https:\/\/www.youtube.com\/channel\/UCV7sju1ggcBpJG39HQCBtsA"]},{"@type":"Person","@id":"https:\/\/www.starsislandlapalma.es\/#\/schema\/person\/9043f5bd4f379ca7532bf525fa88073b","name":"Stars Island La Palma","image":{"@type":"ImageObject","inLanguage":"en-US","@id":"https:\/\/www.starsislandlapalma.es\/#\/schema\/person\/image\/","url":"https:\/\/secure.gravatar.com\/avatar\/214edfeae37af83662fa1058aeebfb41?s=96&d=mm&r=g","contentUrl":"https:\/\/secure.gravatar.com\/avatar\/214edfeae37af83662fa1058aeebfb41?s=96&d=mm&r=g","caption":"Stars Island La Palma"},"url":"https:\/\/www.starsislandlapalma.es\/en\/author\/star\/"}]}},"_links":{"self":[{"href":"https:\/\/www.starsislandlapalma.es\/en\/wp-json\/wp\/v2\/posts\/22455\/"}],"collection":[{"href":"https:\/\/www.starsislandlapalma.es\/en\/wp-json\/wp\/v2\/posts\/"}],"about":[{"href":"https:\/\/www.starsislandlapalma.es\/en\/wp-json\/wp\/v2\/types\/post\/"}],"author":[{"embeddable":true,"href":"https:\/\/www.starsislandlapalma.es\/en\/wp-json\/wp\/v2\/users\/1\/"}],"replies":[{"embeddable":true,"href":"https:\/\/www.starsislandlapalma.es\/en\/wp-json\/wp\/v2\/comments\/?post=22455"}],"version-history":[{"count":0,"href":"https:\/\/www.starsislandlapalma.es\/en\/wp-json\/wp\/v2\/posts\/22455\/revisions\/"}],"wp:featuredmedia":[{"embeddable":true,"href":"https:\/\/www.starsislandlapalma.es\/en\/wp-json\/wp\/v2\/media\/22456\/"}],"wp:attachment":[{"href":"https:\/\/www.starsislandlapalma.es\/en\/wp-json\/wp\/v2\/media\/?parent=22455"}],"wp:term":[{"taxonomy":"category","embeddable":true,"href":"https:\/\/www.starsislandlapalma.es\/en\/wp-json\/wp\/v2\/categories\/?post=22455"},{"taxonomy":"post_tag","embeddable":true,"href":"https:\/\/www.starsislandlapalma.es\/en\/wp-json\/wp\/v2\/tags\/?post=22455"}],"curies":[{"name":"wp","href":"https:\/\/api.w.org\/{rel}","templated":true}]}}