{"id":22502,"date":"2021-05-12T07:15:53","date_gmt":"2021-05-12T07:15:53","guid":{"rendered":"https:\/\/www.starsislandlapalma.es\/sodepal-vincula-los-nuevos-talleres-de-fotonature-2021-al-espectacular-cielo-de-la-palma\/"},"modified":"2021-05-25T14:03:45","modified_gmt":"2021-05-25T14:03:45","slug":"sodepal-vincula-los-nuevos-talleres-de-fotonature-2021-al-espectacular-cielo-de-la-palma","status":"publish","type":"post","link":"https:\/\/www.starsislandlapalma.es\/en\/sodepal-vincula-los-nuevos-talleres-de-fotonature-2021-al-espectacular-cielo-de-la-palma\/","title":{"rendered":"Sodepal vincula los nuevos talleres de Fotonature 2021 al espectacular cielo de La Palma"},"content":{"rendered":"<p>Sodepal vincula los nuevos talleres de <strong><a href=\"http:\/\/fotonaturelapalma.info\/\" target=\"_blank\" rel=\"noopener\">Fotonature 2021<\/a><\/strong> al espectacular cielo de La Palma<\/p>\n<p><a href=\"https:\/\/sodepal.es\/\" target=\"_blank\" rel=\"noopener\">Sodepal<\/a> ha vinculado los nuevos talleres de Fotonature 2021, uno de los proyectos que desarrolla la empresa p\u00fablica con financiaci\u00f3n de la Consejer\u00eda Insular de Promoci\u00f3n Econ\u00f3mica, al espectacular cielo de La Palma.<\/p>\n<p>Tras la clase te\u00f3rica impartida el pasado s\u00e1bado, Mario Rubio impartir\u00e1 este fin de semana dos talleres pr\u00e1cticos sobre fotograf\u00eda de paisajes nocturno, que se desarrollar\u00e1 en Fuencaliente y que incluye adem\u00e1s la toma de im\u00e1genes del atardecer.<\/p>\n<p>Mario Rubio es un fot\u00f3grafo profesional especializado en fotograf\u00eda de paisaje y nocturna. Se dedica desde hace m\u00e1s de una d\u00e9cada a formar a otros fot\u00f3grafos especializados, as\u00ed como a viajar por distintos pa\u00edses para capturar im\u00e1genes in\u00e9ditas. Sus viajes fotogr\u00e1ficos han sido publicados en revistas como National Geographic o en la web de Nikon Espa\u00f1a.<\/p>\n<p>Fotonature va incluso m\u00e1s all\u00e1 en la observaci\u00f3n de la b\u00f3veda celeste, incluyendo en su programaci\u00f3n un taller de astrofotograf\u00eda en el que se utilizar\u00e1n tambi\u00e9n telescopios. Tendr\u00e1 lugar los d\u00edas 17 y 18 de julio, con las inscripciones abiertas a partir de ma\u00f1ana en la web oficial del evento: <a href=\"http:\/\/fotonaturelapalma.info\/\" target=\"_blank\" rel=\"noopener\">fotonaturelapalma.info<\/a><\/p>\n<p>La parte te\u00f3rica del taller ser\u00e1 impartida por Domingo Pestana, doctor en matem\u00e1ticas y premiado en diferentes concursos de astronom\u00eda. Pestana estar\u00e1 adem\u00e1s en el taller pr\u00e1ctico, junto a Enrique Navarro, un apasionado a la astronom\u00eda; y Antonio Gonz\u00e1lez, divulgador y monitor de astronom\u00eda, gu\u00eda Starlight y del Observatorio del Roque de Los Muchachos. Dise\u00f1a y promueve productos tematizados en astroturismo.<\/p>\n<p>La consejera delegada de Sodepal y responsable insular de Desarrollo Econ\u00f3mico, Raquel D\u00edaz, ha informado de que &#8220;unir Fotonature con uno de los recursos naturales m\u00e1s sobresaliente que tiene La Palma, como es nuestro cielo, nos permite ofrecer talleres pr\u00e1cticamente \u00fanicos en el mundo y en el que los participantes lograr\u00e1n fotograf\u00edas de gran belleza&#8221;.<\/p>\n<p>D\u00edaz destac\u00f3 &#8220;el talento&#8221; de Mario Rubio, &#8220;como uno de los mejores fot\u00f3grafos de Espa\u00f1a en su especialidad&#8221;, mientras que Pestana, Navarro y Antonio Gonz\u00e1lez &#8220;forman un equipo con una experiencia y conocimientos que garantiza el \u00e9xito del taller&#8221;.<\/p>\n<p>La consejera record\u00f3 que Sodepal recuper\u00f3 Fotonature en 2020, en plena pandemia, y ha apostado por adaptar su formado para lograr que sea m\u00e1s atractivo, con continuidad a lo largo de todo el a\u00f1o.<\/p>\n","protected":false},"excerpt":{"rendered":"<p>Sodepal vincula los nuevos talleres de Fotonature 2021 al espectacular cielo de La Palma Sodepal ha vinculado los nuevos talleres de Fotonature 2021, uno de los proyectos que desarrolla la empresa p\u00fablica con financiaci\u00f3n de la Consejer\u00eda Insular de Promoci\u00f3n Econ\u00f3mica, al espectacular cielo de&#8230;<\/p>\n","protected":false},"author":1,"featured_media":22230,"comment_status":"closed","ping_status":"open","sticky":false,"template":"","format":"standard","meta":{"footnotes":""},"categories":[139,136],"tags":[598,599],"yoast_head":"<!-- This site is optimized with the Yoast SEO plugin v24.5 - https:\/\/yoast.com\/wordpress\/plugins\/seo\/ -->\n<title>Sodepal vincula los nuevos talleres de Fotonature 2021 al espectacular cielo de La Palma &#8902; Stars Island La Palma<\/title>\n<meta name=\"robots\" content=\"index, follow, max-snippet:-1, max-image-preview:large, max-video-preview:-1\" \/>\n<link rel=\"canonical\" href=\"https:\/\/www.starsislandlapalma.es\/en\/sodepal-vincula-los-nuevos-talleres-de-fotonature-2021-al-espectacular-cielo-de-la-palma\/\" \/>\n<meta property=\"og:locale\" content=\"en_US\" \/>\n<meta property=\"og:type\" content=\"article\" \/>\n<meta property=\"og:title\" content=\"Sodepal vincula los nuevos talleres de Fotonature 2021 al espectacular cielo de La Palma &#8902; Stars Island La Palma\" \/>\n<meta property=\"og:description\" content=\"Sodepal vincula los nuevos talleres de Fotonature 2021 al espectacular cielo de La Palma Sodepal ha vinculado los nuevos talleres de Fotonature 2021, uno de los proyectos que desarrolla la empresa p\u00fablica con financiaci\u00f3n de la Consejer\u00eda Insular de Promoci\u00f3n Econ\u00f3mica, al espectacular cielo de...\" \/>\n<meta property=\"og:url\" content=\"https:\/\/www.starsislandlapalma.es\/en\/sodepal-vincula-los-nuevos-talleres-de-fotonature-2021-al-espectacular-cielo-de-la-palma\/\" \/>\n<meta property=\"og:site_name\" content=\"Stars Island La Palma\" \/>\n<meta property=\"article:publisher\" content=\"https:\/\/www.facebook.com\/pages\/Starsisland-La-Palma\/210888162375006?ref=hl\" \/>\n<meta property=\"article:published_time\" content=\"2021-05-12T07:15:53+00:00\" \/>\n<meta property=\"article:modified_time\" content=\"2021-05-25T14:03:45+00:00\" \/>\n<meta property=\"og:image\" content=\"https:\/\/www.starsislandlapalma.es\/wp-content\/uploads\/2021\/05\/Fotonature.jpeg\" \/>\n\t<meta property=\"og:image:width\" content=\"971\" \/>\n\t<meta property=\"og:image:height\" content=\"600\" \/>\n\t<meta property=\"og:image:type\" content=\"image\/jpeg\" \/>\n<meta name=\"author\" content=\"Stars Island La Palma\" \/>\n<meta name=\"twitter:label1\" content=\"Written by\" \/>\n\t<meta name=\"twitter:data1\" content=\"Stars Island La Palma\" \/>\n\t<meta name=\"twitter:label2\" content=\"Est. reading time\" \/>\n\t<meta name=\"twitter:data2\" content=\"2 minutes\" \/>\n<script type=\"application\/ld+json\" class=\"yoast-schema-graph\">{\"@context\":\"https:\/\/schema.org\",\"@graph\":[{\"@type\":\"Article\",\"@id\":\"https:\/\/www.starsislandlapalma.es\/en\/sodepal-vincula-los-nuevos-talleres-de-fotonature-2021-al-espectacular-cielo-de-la-palma\/#article\",\"isPartOf\":{\"@id\":\"https:\/\/www.starsislandlapalma.es\/en\/sodepal-vincula-los-nuevos-talleres-de-fotonature-2021-al-espectacular-cielo-de-la-palma\/\"},\"author\":{\"name\":\"Stars Island La Palma\",\"@id\":\"https:\/\/www.starsislandlapalma.es\/#\/schema\/person\/9043f5bd4f379ca7532bf525fa88073b\"},\"headline\":\"Sodepal vincula los nuevos talleres de Fotonature 2021 al espectacular cielo de La Palma\",\"datePublished\":\"2021-05-12T07:15:53+00:00\",\"dateModified\":\"2021-05-25T14:03:45+00:00\",\"mainEntityOfPage\":{\"@id\":\"https:\/\/www.starsislandlapalma.es\/en\/sodepal-vincula-los-nuevos-talleres-de-fotonature-2021-al-espectacular-cielo-de-la-palma\/\"},\"wordCount\":442,\"publisher\":{\"@id\":\"https:\/\/www.starsislandlapalma.es\/#organization\"},\"image\":{\"@id\":\"https:\/\/www.starsislandlapalma.es\/en\/sodepal-vincula-los-nuevos-talleres-de-fotonature-2021-al-espectacular-cielo-de-la-palma\/#primaryimage\"},\"thumbnailUrl\":\"https:\/\/www.starsislandlapalma.es\/wp-content\/uploads\/2021\/05\/Fotonature.jpeg\",\"keywords\":[\"Fotonature\",\"Sodepal\"],\"articleSection\":[\"Events\",\"News\"],\"inLanguage\":\"en-US\"},{\"@type\":\"WebPage\",\"@id\":\"https:\/\/www.starsislandlapalma.es\/en\/sodepal-vincula-los-nuevos-talleres-de-fotonature-2021-al-espectacular-cielo-de-la-palma\/\",\"url\":\"https:\/\/www.starsislandlapalma.es\/en\/sodepal-vincula-los-nuevos-talleres-de-fotonature-2021-al-espectacular-cielo-de-la-palma\/\",\"name\":\"Sodepal vincula los nuevos talleres de Fotonature 2021 al espectacular cielo de La Palma &#8902; Stars Island La Palma\",\"isPartOf\":{\"@id\":\"https:\/\/www.starsislandlapalma.es\/#website\"},\"primaryImageOfPage\":{\"@id\":\"https:\/\/www.starsislandlapalma.es\/en\/sodepal-vincula-los-nuevos-talleres-de-fotonature-2021-al-espectacular-cielo-de-la-palma\/#primaryimage\"},\"image\":{\"@id\":\"https:\/\/www.starsislandlapalma.es\/en\/sodepal-vincula-los-nuevos-talleres-de-fotonature-2021-al-espectacular-cielo-de-la-palma\/#primaryimage\"},\"thumbnailUrl\":\"https:\/\/www.starsislandlapalma.es\/wp-content\/uploads\/2021\/05\/Fotonature.jpeg\",\"datePublished\":\"2021-05-12T07:15:53+00:00\",\"dateModified\":\"2021-05-25T14:03:45+00:00\",\"breadcrumb\":{\"@id\":\"https:\/\/www.starsislandlapalma.es\/en\/sodepal-vincula-los-nuevos-talleres-de-fotonature-2021-al-espectacular-cielo-de-la-palma\/#breadcrumb\"},\"inLanguage\":\"en-US\",\"potentialAction\":[{\"@type\":\"ReadAction\",\"target\":[\"https:\/\/www.starsislandlapalma.es\/en\/sodepal-vincula-los-nuevos-talleres-de-fotonature-2021-al-espectacular-cielo-de-la-palma\/\"]}]},{\"@type\":\"ImageObject\",\"inLanguage\":\"en-US\",\"@id\":\"https:\/\/www.starsislandlapalma.es\/en\/sodepal-vincula-los-nuevos-talleres-de-fotonature-2021-al-espectacular-cielo-de-la-palma\/#primaryimage\",\"url\":\"https:\/\/www.starsislandlapalma.es\/wp-content\/uploads\/2021\/05\/Fotonature.jpeg\",\"contentUrl\":\"https:\/\/www.starsislandlapalma.es\/wp-content\/uploads\/2021\/05\/Fotonature.jpeg\",\"width\":971,\"height\":600},{\"@type\":\"BreadcrumbList\",\"@id\":\"https:\/\/www.starsislandlapalma.es\/en\/sodepal-vincula-los-nuevos-talleres-de-fotonature-2021-al-espectacular-cielo-de-la-palma\/#breadcrumb\",\"itemListElement\":[{\"@type\":\"ListItem\",\"position\":1,\"name\":\"Portada\",\"item\":\"https:\/\/www.starsislandlapalma.es\/en\/\"},{\"@type\":\"ListItem\",\"position\":2,\"name\":\"Sodepal vincula los nuevos talleres de Fotonature 2021 al espectacular cielo de La Palma\"}]},{\"@type\":\"WebSite\",\"@id\":\"https:\/\/www.starsislandlapalma.es\/#website\",\"url\":\"https:\/\/www.starsislandlapalma.es\/\",\"name\":\"Stars Island La Palma\",\"description\":\"La Palma, el lugar perfecto para disfrutar del universo. Primera Reserva Starlight del mundo, en 2012 se reconoce como Destino Tur\u00edstico Starlight\",\"publisher\":{\"@id\":\"https:\/\/www.starsislandlapalma.es\/#organization\"},\"potentialAction\":[{\"@type\":\"SearchAction\",\"target\":{\"@type\":\"EntryPoint\",\"urlTemplate\":\"https:\/\/www.starsislandlapalma.es\/?s={search_term_string}\"},\"query-input\":{\"@type\":\"PropertyValueSpecification\",\"valueRequired\":true,\"valueName\":\"search_term_string\"}}],\"inLanguage\":\"en-US\"},{\"@type\":\"Organization\",\"@id\":\"https:\/\/www.starsislandlapalma.es\/#organization\",\"name\":\"Star Island La Palma\",\"url\":\"https:\/\/www.starsislandlapalma.es\/\",\"logo\":{\"@type\":\"ImageObject\",\"inLanguage\":\"en-US\",\"@id\":\"https:\/\/www.starsislandlapalma.es\/#\/schema\/logo\/image\/\",\"url\":\"https:\/\/www.starsislandlapalma.es\/wp-content\/uploads\/2022\/01\/logo_starisland.png\",\"contentUrl\":\"https:\/\/www.starsislandlapalma.es\/wp-content\/uploads\/2022\/01\/logo_starisland.png\",\"width\":172,\"height\":139,\"caption\":\"Star Island La Palma\"},\"image\":{\"@id\":\"https:\/\/www.starsislandlapalma.es\/#\/schema\/logo\/image\/\"},\"sameAs\":[\"https:\/\/www.facebook.com\/pages\/Starsisland-La-Palma\/210888162375006?ref=hl\",\"https:\/\/x.com\/starsislandlapa\",\"https:\/\/www.pinterest.com\/astroturismo\/\",\"https:\/\/www.youtube.com\/channel\/UCV7sju1ggcBpJG39HQCBtsA\"]},{\"@type\":\"Person\",\"@id\":\"https:\/\/www.starsislandlapalma.es\/#\/schema\/person\/9043f5bd4f379ca7532bf525fa88073b\",\"name\":\"Stars Island La Palma\",\"image\":{\"@type\":\"ImageObject\",\"inLanguage\":\"en-US\",\"@id\":\"https:\/\/www.starsislandlapalma.es\/#\/schema\/person\/image\/\",\"url\":\"https:\/\/secure.gravatar.com\/avatar\/214edfeae37af83662fa1058aeebfb41?s=96&d=mm&r=g\",\"contentUrl\":\"https:\/\/secure.gravatar.com\/avatar\/214edfeae37af83662fa1058aeebfb41?s=96&d=mm&r=g\",\"caption\":\"Stars Island La Palma\"},\"url\":\"https:\/\/www.starsislandlapalma.es\/en\/author\/star\/\"}]}<\/script>\n<!-- \/ Yoast SEO plugin. -->","yoast_head_json":{"title":"Sodepal vincula los nuevos talleres de Fotonature 2021 al espectacular cielo de La Palma &#8902; Stars Island La Palma","robots":{"index":"index","follow":"follow","max-snippet":"max-snippet:-1","max-image-preview":"max-image-preview:large","max-video-preview":"max-video-preview:-1"},"canonical":"https:\/\/www.starsislandlapalma.es\/en\/sodepal-vincula-los-nuevos-talleres-de-fotonature-2021-al-espectacular-cielo-de-la-palma\/","og_locale":"en_US","og_type":"article","og_title":"Sodepal vincula los nuevos talleres de Fotonature 2021 al espectacular cielo de La Palma &#8902; Stars Island La Palma","og_description":"Sodepal vincula los nuevos talleres de Fotonature 2021 al espectacular cielo de La Palma Sodepal ha vinculado los nuevos talleres de Fotonature 2021, uno de los proyectos que desarrolla la empresa p\u00fablica con financiaci\u00f3n de la Consejer\u00eda Insular de Promoci\u00f3n Econ\u00f3mica, al espectacular cielo de...","og_url":"https:\/\/www.starsislandlapalma.es\/en\/sodepal-vincula-los-nuevos-talleres-de-fotonature-2021-al-espectacular-cielo-de-la-palma\/","og_site_name":"Stars Island La Palma","article_publisher":"https:\/\/www.facebook.com\/pages\/Starsisland-La-Palma\/210888162375006?ref=hl","article_published_time":"2021-05-12T07:15:53+00:00","article_modified_time":"2021-05-25T14:03:45+00:00","og_image":[{"width":971,"height":600,"url":"https:\/\/www.starsislandlapalma.es\/wp-content\/uploads\/2021\/05\/Fotonature.jpeg","type":"image\/jpeg"}],"author":"Stars Island La Palma","twitter_misc":{"Written by":"Stars Island La Palma","Est. reading time":"2 minutes"},"schema":{"@context":"https:\/\/schema.org","@graph":[{"@type":"Article","@id":"https:\/\/www.starsislandlapalma.es\/en\/sodepal-vincula-los-nuevos-talleres-de-fotonature-2021-al-espectacular-cielo-de-la-palma\/#article","isPartOf":{"@id":"https:\/\/www.starsislandlapalma.es\/en\/sodepal-vincula-los-nuevos-talleres-de-fotonature-2021-al-espectacular-cielo-de-la-palma\/"},"author":{"name":"Stars Island La Palma","@id":"https:\/\/www.starsislandlapalma.es\/#\/schema\/person\/9043f5bd4f379ca7532bf525fa88073b"},"headline":"Sodepal vincula los nuevos talleres de Fotonature 2021 al espectacular cielo de La Palma","datePublished":"2021-05-12T07:15:53+00:00","dateModified":"2021-05-25T14:03:45+00:00","mainEntityOfPage":{"@id":"https:\/\/www.starsislandlapalma.es\/en\/sodepal-vincula-los-nuevos-talleres-de-fotonature-2021-al-espectacular-cielo-de-la-palma\/"},"wordCount":442,"publisher":{"@id":"https:\/\/www.starsislandlapalma.es\/#organization"},"image":{"@id":"https:\/\/www.starsislandlapalma.es\/en\/sodepal-vincula-los-nuevos-talleres-de-fotonature-2021-al-espectacular-cielo-de-la-palma\/#primaryimage"},"thumbnailUrl":"https:\/\/www.starsislandlapalma.es\/wp-content\/uploads\/2021\/05\/Fotonature.jpeg","keywords":["Fotonature","Sodepal"],"articleSection":["Events","News"],"inLanguage":"en-US"},{"@type":"WebPage","@id":"https:\/\/www.starsislandlapalma.es\/en\/sodepal-vincula-los-nuevos-talleres-de-fotonature-2021-al-espectacular-cielo-de-la-palma\/","url":"https:\/\/www.starsislandlapalma.es\/en\/sodepal-vincula-los-nuevos-talleres-de-fotonature-2021-al-espectacular-cielo-de-la-palma\/","name":"Sodepal vincula los nuevos talleres de Fotonature 2021 al espectacular cielo de La Palma &#8902; Stars Island La Palma","isPartOf":{"@id":"https:\/\/www.starsislandlapalma.es\/#website"},"primaryImageOfPage":{"@id":"https:\/\/www.starsislandlapalma.es\/en\/sodepal-vincula-los-nuevos-talleres-de-fotonature-2021-al-espectacular-cielo-de-la-palma\/#primaryimage"},"image":{"@id":"https:\/\/www.starsislandlapalma.es\/en\/sodepal-vincula-los-nuevos-talleres-de-fotonature-2021-al-espectacular-cielo-de-la-palma\/#primaryimage"},"thumbnailUrl":"https:\/\/www.starsislandlapalma.es\/wp-content\/uploads\/2021\/05\/Fotonature.jpeg","datePublished":"2021-05-12T07:15:53+00:00","dateModified":"2021-05-25T14:03:45+00:00","breadcrumb":{"@id":"https:\/\/www.starsislandlapalma.es\/en\/sodepal-vincula-los-nuevos-talleres-de-fotonature-2021-al-espectacular-cielo-de-la-palma\/#breadcrumb"},"inLanguage":"en-US","potentialAction":[{"@type":"ReadAction","target":["https:\/\/www.starsislandlapalma.es\/en\/sodepal-vincula-los-nuevos-talleres-de-fotonature-2021-al-espectacular-cielo-de-la-palma\/"]}]},{"@type":"ImageObject","inLanguage":"en-US","@id":"https:\/\/www.starsislandlapalma.es\/en\/sodepal-vincula-los-nuevos-talleres-de-fotonature-2021-al-espectacular-cielo-de-la-palma\/#primaryimage","url":"https:\/\/www.starsislandlapalma.es\/wp-content\/uploads\/2021\/05\/Fotonature.jpeg","contentUrl":"https:\/\/www.starsislandlapalma.es\/wp-content\/uploads\/2021\/05\/Fotonature.jpeg","width":971,"height":600},{"@type":"BreadcrumbList","@id":"https:\/\/www.starsislandlapalma.es\/en\/sodepal-vincula-los-nuevos-talleres-de-fotonature-2021-al-espectacular-cielo-de-la-palma\/#breadcrumb","itemListElement":[{"@type":"ListItem","position":1,"name":"Portada","item":"https:\/\/www.starsislandlapalma.es\/en\/"},{"@type":"ListItem","position":2,"name":"Sodepal vincula los nuevos talleres de Fotonature 2021 al espectacular cielo de La Palma"}]},{"@type":"WebSite","@id":"https:\/\/www.starsislandlapalma.es\/#website","url":"https:\/\/www.starsislandlapalma.es\/","name":"Stars Island La Palma","description":"La Palma, el lugar perfecto para disfrutar del universo. Primera Reserva Starlight del mundo, en 2012 se reconoce como Destino Tur\u00edstico Starlight","publisher":{"@id":"https:\/\/www.starsislandlapalma.es\/#organization"},"potentialAction":[{"@type":"SearchAction","target":{"@type":"EntryPoint","urlTemplate":"https:\/\/www.starsislandlapalma.es\/?s={search_term_string}"},"query-input":{"@type":"PropertyValueSpecification","valueRequired":true,"valueName":"search_term_string"}}],"inLanguage":"en-US"},{"@type":"Organization","@id":"https:\/\/www.starsislandlapalma.es\/#organization","name":"Star Island La Palma","url":"https:\/\/www.starsislandlapalma.es\/","logo":{"@type":"ImageObject","inLanguage":"en-US","@id":"https:\/\/www.starsislandlapalma.es\/#\/schema\/logo\/image\/","url":"https:\/\/www.starsislandlapalma.es\/wp-content\/uploads\/2022\/01\/logo_starisland.png","contentUrl":"https:\/\/www.starsislandlapalma.es\/wp-content\/uploads\/2022\/01\/logo_starisland.png","width":172,"height":139,"caption":"Star Island La Palma"},"image":{"@id":"https:\/\/www.starsislandlapalma.es\/#\/schema\/logo\/image\/"},"sameAs":["https:\/\/www.facebook.com\/pages\/Starsisland-La-Palma\/210888162375006?ref=hl","https:\/\/x.com\/starsislandlapa","https:\/\/www.pinterest.com\/astroturismo\/","https:\/\/www.youtube.com\/channel\/UCV7sju1ggcBpJG39HQCBtsA"]},{"@type":"Person","@id":"https:\/\/www.starsislandlapalma.es\/#\/schema\/person\/9043f5bd4f379ca7532bf525fa88073b","name":"Stars Island La Palma","image":{"@type":"ImageObject","inLanguage":"en-US","@id":"https:\/\/www.starsislandlapalma.es\/#\/schema\/person\/image\/","url":"https:\/\/secure.gravatar.com\/avatar\/214edfeae37af83662fa1058aeebfb41?s=96&d=mm&r=g","contentUrl":"https:\/\/secure.gravatar.com\/avatar\/214edfeae37af83662fa1058aeebfb41?s=96&d=mm&r=g","caption":"Stars Island La Palma"},"url":"https:\/\/www.starsislandlapalma.es\/en\/author\/star\/"}]}},"_links":{"self":[{"href":"https:\/\/www.starsislandlapalma.es\/en\/wp-json\/wp\/v2\/posts\/22502\/"}],"collection":[{"href":"https:\/\/www.starsislandlapalma.es\/en\/wp-json\/wp\/v2\/posts\/"}],"about":[{"href":"https:\/\/www.starsislandlapalma.es\/en\/wp-json\/wp\/v2\/types\/post\/"}],"author":[{"embeddable":true,"href":"https:\/\/www.starsislandlapalma.es\/en\/wp-json\/wp\/v2\/users\/1\/"}],"replies":[{"embeddable":true,"href":"https:\/\/www.starsislandlapalma.es\/en\/wp-json\/wp\/v2\/comments\/?post=22502"}],"version-history":[{"count":0,"href":"https:\/\/www.starsislandlapalma.es\/en\/wp-json\/wp\/v2\/posts\/22502\/revisions\/"}],"wp:featuredmedia":[{"embeddable":true,"href":"https:\/\/www.starsislandlapalma.es\/en\/wp-json\/wp\/v2\/media\/22230\/"}],"wp:attachment":[{"href":"https:\/\/www.starsislandlapalma.es\/en\/wp-json\/wp\/v2\/media\/?parent=22502"}],"wp:term":[{"taxonomy":"category","embeddable":true,"href":"https:\/\/www.starsislandlapalma.es\/en\/wp-json\/wp\/v2\/categories\/?post=22502"},{"taxonomy":"post_tag","embeddable":true,"href":"https:\/\/www.starsislandlapalma.es\/en\/wp-json\/wp\/v2\/tags\/?post=22502"}],"curies":[{"name":"wp","href":"https:\/\/api.w.org\/{rel}","templated":true}]}}