{"id":22551,"date":"2020-09-15T18:42:00","date_gmt":"2020-09-15T18:42:00","guid":{"rendered":"https:\/\/www.starsislandlapalma.es\/la-palma-apuesta-por-concienciacion-ciudadana-asociada-al-astroturismo\/"},"modified":"2021-05-25T14:07:34","modified_gmt":"2021-05-25T14:07:34","slug":"la-palma-apuesta-por-concienciacion-ciudadana-asociada-al-astroturismo","status":"publish","type":"post","link":"https:\/\/www.starsislandlapalma.es\/en\/la-palma-apuesta-por-concienciacion-ciudadana-asociada-al-astroturismo\/","title":{"rendered":"La Palma apuesta por concienciaci\u00f3n ciudadana asociada al astroturismo"},"content":{"rendered":"\r\n<p><em>Hoy ha tenido lugar en Fuencaliente la inauguraci\u00f3n de la acci\u00f3n<\/em><em>denominada \u2018Apaga la luz y enciende las estrellas\u2019, enmarcada en el Festival Astrofest, y que tiene como objetivo promocionar la isla como referencia internacional starlight<\/em><\/p>\r\n\r\n\r\n\r\n<p>La consejer\u00eda de Turismo del Cabildo de La Palma ha puesto en marcha en el d\u00eda de hoy la acci\u00f3n <em>Apaga la luz y enciende las estrellas, <\/em>en el marco del Festival Astrofest, que tiene como objetivo promocionar el astroturismo y posicionar a la isla como referencia internacional.<\/p>\r\n\r\n\r\n\r\n<p>La presentaci\u00f3n de esta nueva acci\u00f3n realizada en el Centro de Visitantes del Volc\u00e1n de San Antonio en Fuencaliente cont\u00f3 con la presencia del consejero de Turismo del Cabildo Insular de La Palma, Ra\u00fal Camacho Sosa; el alcalde de Fuencaliente, Gregorio Alonso; y la profesora de dise\u00f1o gr\u00e1fico de la Escuela de Arte Manolo Blahnik, Goyi Barroso, que han coincidido en valorar la importancia del desarrollo de actividades de astroturismo en la isla, coincidiendo adem\u00e1s con la declaraci\u00f3n de Fuencaliente como municipio Starlight.<\/p>\r\n\r\n\r\n\r\n<p>El consejero Ra\u00fal Camacho explic\u00f3 que por tercer a\u00f1o el Cabildo ha dado continuidad a la celebraci\u00f3n del Festival Astrofest que sit\u00faa a La Palma como \u201cuna isla de estrellas, un referente internacional para la astronom\u00eda y la astrof\u00edsica, y que a pesar de las complicaciones y restricciones derivadas de la COVID 19 que ha logrado mantener bajo su marca un elenco de eventos y actividades con marcado car\u00e1cter interior\u201d.<\/p>\r\n\r\n\r\n\r\n<p>Asimismo, Camacho felicit\u00f3 al municipio de Fuencaliente por su reciente certificaci\u00f3n como municipio Starlight, sum\u00e1ndose tambi\u00e9n a la renovaci\u00f3n por segundo a\u00f1o de las certificaciones para el conjunto de la isla de La Palma.<\/p>\r\n\r\n\r\n\r\n<p>Este proyecto que busca la fusi\u00f3n entre La Palma y su cielo y la puesta en valor de este recurso \u00fanico, cuenta desde hoy con la primera de las lonas aleg\u00f3ricas (4mx2m) que ha sido colocada en Fuencaliente, pero de forma progresiva las im\u00e1genes ir\u00e1n vistiendo los 14 municipios de la isla, con el objetivo de ser un reconocimiento a la apuesta decidida por el turismo de estrellas y crear conciencia ciudadana sobre la importancia de preservar el cielo como un patrimonio y derecho de todos.<\/p>\r\n\r\n\r\n\r\n<p>Las lonas que se ver\u00e1n expuestas en las diferentes localidades han sido seleccionadas a trav\u00e9s del concurso llevado a cabo entre el alumnado de la Escuela de Arte Manolo Blahnik implicando tambi\u00e9n a los m\u00e1s j\u00f3venes en este proyecto y posteriormente se ha optado a cada una de ellas seg\u00fan elecci\u00f3n lleva a cabo por cada municipio.<\/p>\r\n\r\n\r\n\r\n<figure class=\"wp-block-gallery columns-3 is-cropped wp-block-gallery-1 is-layout-flex wp-block-gallery-is-layout-flex\">\r\n<ul class=\"blocks-gallery-grid\">\r\n<li class=\"blocks-gallery-item\">\r\n<figure><img decoding=\"async\" width=\"1024\" height=\"685\" class=\"wp-image-21676\" src=\"http:\/\/www.starsislandlapalma.es\/wp-content\/uploads\/2020\/09\/apagalaluz-enciendelasestrellas-lapalma-destino-starlight-1-1024x685.jpg\" alt=\"\" data-id=\"21676\" data-full-url=\"http:\/\/www.starsislandlapalma.es\/wp-content\/uploads\/2020\/09\/apagalaluz-enciendelasestrellas-lapalma-destino-starlight-1.jpg\" data-link=\"http:\/\/www.starsislandlapalma.es\/?attachment_id=21676\" srcset=\"https:\/\/www.starsislandlapalma.es\/wp-content\/uploads\/2020\/09\/apagalaluz-enciendelasestrellas-lapalma-destino-starlight-1-1024x685.jpg 1024w, https:\/\/www.starsislandlapalma.es\/wp-content\/uploads\/2020\/09\/apagalaluz-enciendelasestrellas-lapalma-destino-starlight-1-300x201.jpg 300w, https:\/\/www.starsislandlapalma.es\/wp-content\/uploads\/2020\/09\/apagalaluz-enciendelasestrellas-lapalma-destino-starlight-1-768x514.jpg 768w, https:\/\/www.starsislandlapalma.es\/wp-content\/uploads\/2020\/09\/apagalaluz-enciendelasestrellas-lapalma-destino-starlight-1-480x320.jpg 480w, https:\/\/www.starsislandlapalma.es\/wp-content\/uploads\/2020\/09\/apagalaluz-enciendelasestrellas-lapalma-destino-starlight-1.jpg 1500w\" sizes=\"(max-width: 1024px) 100vw, 1024px\" \/><\/figure>\r\n<\/li>\r\n<li class=\"blocks-gallery-item\">\r\n<figure><img decoding=\"async\" width=\"1024\" height=\"685\" class=\"wp-image-21673\" src=\"http:\/\/www.starsislandlapalma.es\/wp-content\/uploads\/2020\/09\/apagalaluz-enciendelasestrellas-lapalma-destino-starlight-2-1024x685.jpg\" alt=\"\" data-id=\"21673\" data-full-url=\"http:\/\/www.starsislandlapalma.es\/wp-content\/uploads\/2020\/09\/apagalaluz-enciendelasestrellas-lapalma-destino-starlight-2.jpg\" data-link=\"http:\/\/www.starsislandlapalma.es\/?attachment_id=21673\" srcset=\"https:\/\/www.starsislandlapalma.es\/wp-content\/uploads\/2020\/09\/apagalaluz-enciendelasestrellas-lapalma-destino-starlight-2-1024x685.jpg 1024w, https:\/\/www.starsislandlapalma.es\/wp-content\/uploads\/2020\/09\/apagalaluz-enciendelasestrellas-lapalma-destino-starlight-2-300x201.jpg 300w, https:\/\/www.starsislandlapalma.es\/wp-content\/uploads\/2020\/09\/apagalaluz-enciendelasestrellas-lapalma-destino-starlight-2-768x514.jpg 768w, https:\/\/www.starsislandlapalma.es\/wp-content\/uploads\/2020\/09\/apagalaluz-enciendelasestrellas-lapalma-destino-starlight-2-480x320.jpg 480w, https:\/\/www.starsislandlapalma.es\/wp-content\/uploads\/2020\/09\/apagalaluz-enciendelasestrellas-lapalma-destino-starlight-2.jpg 1500w\" sizes=\"(max-width: 1024px) 100vw, 1024px\" \/><\/figure>\r\n<\/li>\r\n<li class=\"blocks-gallery-item\">\r\n<figure><img decoding=\"async\" width=\"1024\" height=\"685\" class=\"wp-image-21670\" src=\"http:\/\/www.starsislandlapalma.es\/wp-content\/uploads\/2020\/09\/apagalaluz-enciendelasestrellas-lapalma-destino-starlight-3-1024x685.jpg\" alt=\"\" data-id=\"21670\" data-full-url=\"http:\/\/www.starsislandlapalma.es\/wp-content\/uploads\/2020\/09\/apagalaluz-enciendelasestrellas-lapalma-destino-starlight-3.jpg\" data-link=\"http:\/\/www.starsislandlapalma.es\/?attachment_id=21670\" srcset=\"https:\/\/www.starsislandlapalma.es\/wp-content\/uploads\/2020\/09\/apagalaluz-enciendelasestrellas-lapalma-destino-starlight-3-1024x685.jpg 1024w, https:\/\/www.starsislandlapalma.es\/wp-content\/uploads\/2020\/09\/apagalaluz-enciendelasestrellas-lapalma-destino-starlight-3-300x201.jpg 300w, https:\/\/www.starsislandlapalma.es\/wp-content\/uploads\/2020\/09\/apagalaluz-enciendelasestrellas-lapalma-destino-starlight-3-768x514.jpg 768w, https:\/\/www.starsislandlapalma.es\/wp-content\/uploads\/2020\/09\/apagalaluz-enciendelasestrellas-lapalma-destino-starlight-3-480x320.jpg 480w, https:\/\/www.starsislandlapalma.es\/wp-content\/uploads\/2020\/09\/apagalaluz-enciendelasestrellas-lapalma-destino-starlight-3.jpg 1500w\" sizes=\"(max-width: 1024px) 100vw, 1024px\" \/><\/figure>\r\n<\/li>\r\n<li class=\"blocks-gallery-item\">\r\n<figure><img decoding=\"async\" width=\"1024\" height=\"685\" class=\"wp-image-21667\" src=\"http:\/\/www.starsislandlapalma.es\/wp-content\/uploads\/2020\/09\/apagalaluz-enciendelasestrellas-lapalma-destino-starlight-4-1024x685.jpg\" alt=\"\" data-id=\"21667\" data-full-url=\"http:\/\/www.starsislandlapalma.es\/wp-content\/uploads\/2020\/09\/apagalaluz-enciendelasestrellas-lapalma-destino-starlight-4.jpg\" data-link=\"http:\/\/www.starsislandlapalma.es\/?attachment_id=21667\" srcset=\"https:\/\/www.starsislandlapalma.es\/wp-content\/uploads\/2020\/09\/apagalaluz-enciendelasestrellas-lapalma-destino-starlight-4-1024x685.jpg 1024w, https:\/\/www.starsislandlapalma.es\/wp-content\/uploads\/2020\/09\/apagalaluz-enciendelasestrellas-lapalma-destino-starlight-4-300x201.jpg 300w, https:\/\/www.starsislandlapalma.es\/wp-content\/uploads\/2020\/09\/apagalaluz-enciendelasestrellas-lapalma-destino-starlight-4-768x514.jpg 768w, https:\/\/www.starsislandlapalma.es\/wp-content\/uploads\/2020\/09\/apagalaluz-enciendelasestrellas-lapalma-destino-starlight-4-480x320.jpg 480w, https:\/\/www.starsislandlapalma.es\/wp-content\/uploads\/2020\/09\/apagalaluz-enciendelasestrellas-lapalma-destino-starlight-4.jpg 1500w\" sizes=\"(max-width: 1024px) 100vw, 1024px\" \/><\/figure>\r\n<\/li>\r\n<\/ul>\r\n<\/figure>\r\n","protected":false},"excerpt":{"rendered":"<p>Hoy ha tenido lugar en Fuencaliente la inauguraci\u00f3n de la acci\u00f3ndenominada \u2018Apaga la luz y enciende las estrellas\u2019, enmarcada en el Festival Astrofest, y que tiene como objetivo promocionar la isla como referencia internacional starlight La consejer\u00eda de Turismo del Cabildo de La Palma ha&#8230;<\/p>\n","protected":false},"author":1,"featured_media":21677,"comment_status":"open","ping_status":"open","sticky":false,"template":"","format":"standard","meta":{"footnotes":""},"categories":[136],"tags":[],"yoast_head":"<!-- This site is optimized with the Yoast SEO plugin v24.5 - https:\/\/yoast.com\/wordpress\/plugins\/seo\/ -->\n<title>La Palma apuesta por concienciaci\u00f3n ciudadana asociada al astroturismo &#8902; Stars Island La Palma<\/title>\n<meta name=\"robots\" content=\"index, follow, max-snippet:-1, max-image-preview:large, max-video-preview:-1\" \/>\n<link rel=\"canonical\" href=\"https:\/\/www.starsislandlapalma.es\/en\/la-palma-apuesta-por-concienciacion-ciudadana-asociada-al-astroturismo\/\" \/>\n<meta property=\"og:locale\" content=\"en_US\" \/>\n<meta property=\"og:type\" content=\"article\" \/>\n<meta property=\"og:title\" content=\"La Palma apuesta por concienciaci\u00f3n ciudadana asociada al astroturismo &#8902; Stars Island La Palma\" \/>\n<meta property=\"og:description\" content=\"Hoy ha tenido lugar en Fuencaliente la inauguraci\u00f3n de la acci\u00f3ndenominada \u2018Apaga la luz y enciende las estrellas\u2019, enmarcada en el Festival Astrofest, y que tiene como objetivo promocionar la isla como referencia internacional starlight La consejer\u00eda de Turismo del Cabildo de La Palma ha...\" \/>\n<meta property=\"og:url\" content=\"https:\/\/www.starsislandlapalma.es\/en\/la-palma-apuesta-por-concienciacion-ciudadana-asociada-al-astroturismo\/\" \/>\n<meta property=\"og:site_name\" content=\"Stars Island La Palma\" \/>\n<meta property=\"article:publisher\" content=\"https:\/\/www.facebook.com\/pages\/Starsisland-La-Palma\/210888162375006?ref=hl\" \/>\n<meta property=\"article:published_time\" content=\"2020-09-15T18:42:00+00:00\" \/>\n<meta property=\"article:modified_time\" content=\"2021-05-25T14:07:34+00:00\" \/>\n<meta property=\"og:image\" content=\"https:\/\/www.starsislandlapalma.es\/wp-content\/uploads\/2020\/09\/apagalaluz-enciendelasestrellas-lapalma-destino-starlight-1.jpg\" \/>\n\t<meta property=\"og:image:width\" content=\"1500\" \/>\n\t<meta property=\"og:image:height\" content=\"1003\" \/>\n\t<meta property=\"og:image:type\" content=\"image\/jpeg\" \/>\n<meta name=\"author\" content=\"Stars Island La Palma\" \/>\n<meta name=\"twitter:label1\" content=\"Written by\" \/>\n\t<meta name=\"twitter:data1\" content=\"Stars Island La Palma\" \/>\n\t<meta name=\"twitter:label2\" content=\"Est. reading time\" \/>\n\t<meta name=\"twitter:data2\" content=\"2 minutes\" \/>\n<script type=\"application\/ld+json\" class=\"yoast-schema-graph\">{\"@context\":\"https:\/\/schema.org\",\"@graph\":[{\"@type\":\"Article\",\"@id\":\"https:\/\/www.starsislandlapalma.es\/en\/la-palma-apuesta-por-concienciacion-ciudadana-asociada-al-astroturismo\/#article\",\"isPartOf\":{\"@id\":\"https:\/\/www.starsislandlapalma.es\/en\/la-palma-apuesta-por-concienciacion-ciudadana-asociada-al-astroturismo\/\"},\"author\":{\"name\":\"Stars Island La Palma\",\"@id\":\"https:\/\/www.starsislandlapalma.es\/#\/schema\/person\/9043f5bd4f379ca7532bf525fa88073b\"},\"headline\":\"La Palma apuesta por concienciaci\u00f3n ciudadana asociada al astroturismo\",\"datePublished\":\"2020-09-15T18:42:00+00:00\",\"dateModified\":\"2021-05-25T14:07:34+00:00\",\"mainEntityOfPage\":{\"@id\":\"https:\/\/www.starsislandlapalma.es\/en\/la-palma-apuesta-por-concienciacion-ciudadana-asociada-al-astroturismo\/\"},\"wordCount\":459,\"commentCount\":0,\"publisher\":{\"@id\":\"https:\/\/www.starsislandlapalma.es\/#organization\"},\"image\":{\"@id\":\"https:\/\/www.starsislandlapalma.es\/en\/la-palma-apuesta-por-concienciacion-ciudadana-asociada-al-astroturismo\/#primaryimage\"},\"thumbnailUrl\":\"https:\/\/www.starsislandlapalma.es\/wp-content\/uploads\/2020\/09\/apagalaluz-enciendelasestrellas-lapalma-destino-starlight-1.jpg\",\"articleSection\":[\"News\"],\"inLanguage\":\"en-US\",\"potentialAction\":[{\"@type\":\"CommentAction\",\"name\":\"Comment\",\"target\":[\"https:\/\/www.starsislandlapalma.es\/en\/la-palma-apuesta-por-concienciacion-ciudadana-asociada-al-astroturismo\/#respond\"]}]},{\"@type\":\"WebPage\",\"@id\":\"https:\/\/www.starsislandlapalma.es\/en\/la-palma-apuesta-por-concienciacion-ciudadana-asociada-al-astroturismo\/\",\"url\":\"https:\/\/www.starsislandlapalma.es\/en\/la-palma-apuesta-por-concienciacion-ciudadana-asociada-al-astroturismo\/\",\"name\":\"La Palma apuesta por concienciaci\u00f3n ciudadana asociada al astroturismo &#8902; Stars Island La Palma\",\"isPartOf\":{\"@id\":\"https:\/\/www.starsislandlapalma.es\/#website\"},\"primaryImageOfPage\":{\"@id\":\"https:\/\/www.starsislandlapalma.es\/en\/la-palma-apuesta-por-concienciacion-ciudadana-asociada-al-astroturismo\/#primaryimage\"},\"image\":{\"@id\":\"https:\/\/www.starsislandlapalma.es\/en\/la-palma-apuesta-por-concienciacion-ciudadana-asociada-al-astroturismo\/#primaryimage\"},\"thumbnailUrl\":\"https:\/\/www.starsislandlapalma.es\/wp-content\/uploads\/2020\/09\/apagalaluz-enciendelasestrellas-lapalma-destino-starlight-1.jpg\",\"datePublished\":\"2020-09-15T18:42:00+00:00\",\"dateModified\":\"2021-05-25T14:07:34+00:00\",\"breadcrumb\":{\"@id\":\"https:\/\/www.starsislandlapalma.es\/en\/la-palma-apuesta-por-concienciacion-ciudadana-asociada-al-astroturismo\/#breadcrumb\"},\"inLanguage\":\"en-US\",\"potentialAction\":[{\"@type\":\"ReadAction\",\"target\":[\"https:\/\/www.starsislandlapalma.es\/en\/la-palma-apuesta-por-concienciacion-ciudadana-asociada-al-astroturismo\/\"]}]},{\"@type\":\"ImageObject\",\"inLanguage\":\"en-US\",\"@id\":\"https:\/\/www.starsislandlapalma.es\/en\/la-palma-apuesta-por-concienciacion-ciudadana-asociada-al-astroturismo\/#primaryimage\",\"url\":\"https:\/\/www.starsislandlapalma.es\/wp-content\/uploads\/2020\/09\/apagalaluz-enciendelasestrellas-lapalma-destino-starlight-1.jpg\",\"contentUrl\":\"https:\/\/www.starsislandlapalma.es\/wp-content\/uploads\/2020\/09\/apagalaluz-enciendelasestrellas-lapalma-destino-starlight-1.jpg\",\"width\":1500,\"height\":1003},{\"@type\":\"BreadcrumbList\",\"@id\":\"https:\/\/www.starsislandlapalma.es\/en\/la-palma-apuesta-por-concienciacion-ciudadana-asociada-al-astroturismo\/#breadcrumb\",\"itemListElement\":[{\"@type\":\"ListItem\",\"position\":1,\"name\":\"Portada\",\"item\":\"https:\/\/www.starsislandlapalma.es\/en\/\"},{\"@type\":\"ListItem\",\"position\":2,\"name\":\"La Palma apuesta por concienciaci\u00f3n ciudadana asociada al astroturismo\"}]},{\"@type\":\"WebSite\",\"@id\":\"https:\/\/www.starsislandlapalma.es\/#website\",\"url\":\"https:\/\/www.starsislandlapalma.es\/\",\"name\":\"Stars Island La Palma\",\"description\":\"La Palma, el lugar perfecto para disfrutar del universo. Primera Reserva Starlight del mundo, en 2012 se reconoce como Destino Tur\u00edstico Starlight\",\"publisher\":{\"@id\":\"https:\/\/www.starsislandlapalma.es\/#organization\"},\"potentialAction\":[{\"@type\":\"SearchAction\",\"target\":{\"@type\":\"EntryPoint\",\"urlTemplate\":\"https:\/\/www.starsislandlapalma.es\/?s={search_term_string}\"},\"query-input\":{\"@type\":\"PropertyValueSpecification\",\"valueRequired\":true,\"valueName\":\"search_term_string\"}}],\"inLanguage\":\"en-US\"},{\"@type\":\"Organization\",\"@id\":\"https:\/\/www.starsislandlapalma.es\/#organization\",\"name\":\"Star Island La Palma\",\"url\":\"https:\/\/www.starsislandlapalma.es\/\",\"logo\":{\"@type\":\"ImageObject\",\"inLanguage\":\"en-US\",\"@id\":\"https:\/\/www.starsislandlapalma.es\/#\/schema\/logo\/image\/\",\"url\":\"https:\/\/www.starsislandlapalma.es\/wp-content\/uploads\/2022\/01\/logo_starisland.png\",\"contentUrl\":\"https:\/\/www.starsislandlapalma.es\/wp-content\/uploads\/2022\/01\/logo_starisland.png\",\"width\":172,\"height\":139,\"caption\":\"Star Island La Palma\"},\"image\":{\"@id\":\"https:\/\/www.starsislandlapalma.es\/#\/schema\/logo\/image\/\"},\"sameAs\":[\"https:\/\/www.facebook.com\/pages\/Starsisland-La-Palma\/210888162375006?ref=hl\",\"https:\/\/x.com\/starsislandlapa\",\"https:\/\/www.pinterest.com\/astroturismo\/\",\"https:\/\/www.youtube.com\/channel\/UCV7sju1ggcBpJG39HQCBtsA\"]},{\"@type\":\"Person\",\"@id\":\"https:\/\/www.starsislandlapalma.es\/#\/schema\/person\/9043f5bd4f379ca7532bf525fa88073b\",\"name\":\"Stars Island La Palma\",\"image\":{\"@type\":\"ImageObject\",\"inLanguage\":\"en-US\",\"@id\":\"https:\/\/www.starsislandlapalma.es\/#\/schema\/person\/image\/\",\"url\":\"https:\/\/secure.gravatar.com\/avatar\/214edfeae37af83662fa1058aeebfb41?s=96&d=mm&r=g\",\"contentUrl\":\"https:\/\/secure.gravatar.com\/avatar\/214edfeae37af83662fa1058aeebfb41?s=96&d=mm&r=g\",\"caption\":\"Stars Island La Palma\"},\"url\":\"https:\/\/www.starsislandlapalma.es\/en\/author\/star\/\"}]}<\/script>\n<!-- \/ Yoast SEO plugin. -->","yoast_head_json":{"title":"La Palma apuesta por concienciaci\u00f3n ciudadana asociada al astroturismo &#8902; Stars Island La Palma","robots":{"index":"index","follow":"follow","max-snippet":"max-snippet:-1","max-image-preview":"max-image-preview:large","max-video-preview":"max-video-preview:-1"},"canonical":"https:\/\/www.starsislandlapalma.es\/en\/la-palma-apuesta-por-concienciacion-ciudadana-asociada-al-astroturismo\/","og_locale":"en_US","og_type":"article","og_title":"La Palma apuesta por concienciaci\u00f3n ciudadana asociada al astroturismo &#8902; Stars Island La Palma","og_description":"Hoy ha tenido lugar en Fuencaliente la inauguraci\u00f3n de la acci\u00f3ndenominada \u2018Apaga la luz y enciende las estrellas\u2019, enmarcada en el Festival Astrofest, y que tiene como objetivo promocionar la isla como referencia internacional starlight La consejer\u00eda de Turismo del Cabildo de La Palma ha...","og_url":"https:\/\/www.starsislandlapalma.es\/en\/la-palma-apuesta-por-concienciacion-ciudadana-asociada-al-astroturismo\/","og_site_name":"Stars Island La Palma","article_publisher":"https:\/\/www.facebook.com\/pages\/Starsisland-La-Palma\/210888162375006?ref=hl","article_published_time":"2020-09-15T18:42:00+00:00","article_modified_time":"2021-05-25T14:07:34+00:00","og_image":[{"width":1500,"height":1003,"url":"https:\/\/www.starsislandlapalma.es\/wp-content\/uploads\/2020\/09\/apagalaluz-enciendelasestrellas-lapalma-destino-starlight-1.jpg","type":"image\/jpeg"}],"author":"Stars Island La Palma","twitter_misc":{"Written by":"Stars Island La Palma","Est. reading time":"2 minutes"},"schema":{"@context":"https:\/\/schema.org","@graph":[{"@type":"Article","@id":"https:\/\/www.starsislandlapalma.es\/en\/la-palma-apuesta-por-concienciacion-ciudadana-asociada-al-astroturismo\/#article","isPartOf":{"@id":"https:\/\/www.starsislandlapalma.es\/en\/la-palma-apuesta-por-concienciacion-ciudadana-asociada-al-astroturismo\/"},"author":{"name":"Stars Island La Palma","@id":"https:\/\/www.starsislandlapalma.es\/#\/schema\/person\/9043f5bd4f379ca7532bf525fa88073b"},"headline":"La Palma apuesta por concienciaci\u00f3n ciudadana asociada al astroturismo","datePublished":"2020-09-15T18:42:00+00:00","dateModified":"2021-05-25T14:07:34+00:00","mainEntityOfPage":{"@id":"https:\/\/www.starsislandlapalma.es\/en\/la-palma-apuesta-por-concienciacion-ciudadana-asociada-al-astroturismo\/"},"wordCount":459,"commentCount":0,"publisher":{"@id":"https:\/\/www.starsislandlapalma.es\/#organization"},"image":{"@id":"https:\/\/www.starsislandlapalma.es\/en\/la-palma-apuesta-por-concienciacion-ciudadana-asociada-al-astroturismo\/#primaryimage"},"thumbnailUrl":"https:\/\/www.starsislandlapalma.es\/wp-content\/uploads\/2020\/09\/apagalaluz-enciendelasestrellas-lapalma-destino-starlight-1.jpg","articleSection":["News"],"inLanguage":"en-US","potentialAction":[{"@type":"CommentAction","name":"Comment","target":["https:\/\/www.starsislandlapalma.es\/en\/la-palma-apuesta-por-concienciacion-ciudadana-asociada-al-astroturismo\/#respond"]}]},{"@type":"WebPage","@id":"https:\/\/www.starsislandlapalma.es\/en\/la-palma-apuesta-por-concienciacion-ciudadana-asociada-al-astroturismo\/","url":"https:\/\/www.starsislandlapalma.es\/en\/la-palma-apuesta-por-concienciacion-ciudadana-asociada-al-astroturismo\/","name":"La Palma apuesta por concienciaci\u00f3n ciudadana asociada al astroturismo &#8902; Stars Island La Palma","isPartOf":{"@id":"https:\/\/www.starsislandlapalma.es\/#website"},"primaryImageOfPage":{"@id":"https:\/\/www.starsislandlapalma.es\/en\/la-palma-apuesta-por-concienciacion-ciudadana-asociada-al-astroturismo\/#primaryimage"},"image":{"@id":"https:\/\/www.starsislandlapalma.es\/en\/la-palma-apuesta-por-concienciacion-ciudadana-asociada-al-astroturismo\/#primaryimage"},"thumbnailUrl":"https:\/\/www.starsislandlapalma.es\/wp-content\/uploads\/2020\/09\/apagalaluz-enciendelasestrellas-lapalma-destino-starlight-1.jpg","datePublished":"2020-09-15T18:42:00+00:00","dateModified":"2021-05-25T14:07:34+00:00","breadcrumb":{"@id":"https:\/\/www.starsislandlapalma.es\/en\/la-palma-apuesta-por-concienciacion-ciudadana-asociada-al-astroturismo\/#breadcrumb"},"inLanguage":"en-US","potentialAction":[{"@type":"ReadAction","target":["https:\/\/www.starsislandlapalma.es\/en\/la-palma-apuesta-por-concienciacion-ciudadana-asociada-al-astroturismo\/"]}]},{"@type":"ImageObject","inLanguage":"en-US","@id":"https:\/\/www.starsislandlapalma.es\/en\/la-palma-apuesta-por-concienciacion-ciudadana-asociada-al-astroturismo\/#primaryimage","url":"https:\/\/www.starsislandlapalma.es\/wp-content\/uploads\/2020\/09\/apagalaluz-enciendelasestrellas-lapalma-destino-starlight-1.jpg","contentUrl":"https:\/\/www.starsislandlapalma.es\/wp-content\/uploads\/2020\/09\/apagalaluz-enciendelasestrellas-lapalma-destino-starlight-1.jpg","width":1500,"height":1003},{"@type":"BreadcrumbList","@id":"https:\/\/www.starsislandlapalma.es\/en\/la-palma-apuesta-por-concienciacion-ciudadana-asociada-al-astroturismo\/#breadcrumb","itemListElement":[{"@type":"ListItem","position":1,"name":"Portada","item":"https:\/\/www.starsislandlapalma.es\/en\/"},{"@type":"ListItem","position":2,"name":"La Palma apuesta por concienciaci\u00f3n ciudadana asociada al astroturismo"}]},{"@type":"WebSite","@id":"https:\/\/www.starsislandlapalma.es\/#website","url":"https:\/\/www.starsislandlapalma.es\/","name":"Stars Island La Palma","description":"La Palma, el lugar perfecto para disfrutar del universo. Primera Reserva Starlight del mundo, en 2012 se reconoce como Destino Tur\u00edstico Starlight","publisher":{"@id":"https:\/\/www.starsislandlapalma.es\/#organization"},"potentialAction":[{"@type":"SearchAction","target":{"@type":"EntryPoint","urlTemplate":"https:\/\/www.starsislandlapalma.es\/?s={search_term_string}"},"query-input":{"@type":"PropertyValueSpecification","valueRequired":true,"valueName":"search_term_string"}}],"inLanguage":"en-US"},{"@type":"Organization","@id":"https:\/\/www.starsislandlapalma.es\/#organization","name":"Star Island La Palma","url":"https:\/\/www.starsislandlapalma.es\/","logo":{"@type":"ImageObject","inLanguage":"en-US","@id":"https:\/\/www.starsislandlapalma.es\/#\/schema\/logo\/image\/","url":"https:\/\/www.starsislandlapalma.es\/wp-content\/uploads\/2022\/01\/logo_starisland.png","contentUrl":"https:\/\/www.starsislandlapalma.es\/wp-content\/uploads\/2022\/01\/logo_starisland.png","width":172,"height":139,"caption":"Star Island La Palma"},"image":{"@id":"https:\/\/www.starsislandlapalma.es\/#\/schema\/logo\/image\/"},"sameAs":["https:\/\/www.facebook.com\/pages\/Starsisland-La-Palma\/210888162375006?ref=hl","https:\/\/x.com\/starsislandlapa","https:\/\/www.pinterest.com\/astroturismo\/","https:\/\/www.youtube.com\/channel\/UCV7sju1ggcBpJG39HQCBtsA"]},{"@type":"Person","@id":"https:\/\/www.starsislandlapalma.es\/#\/schema\/person\/9043f5bd4f379ca7532bf525fa88073b","name":"Stars Island La Palma","image":{"@type":"ImageObject","inLanguage":"en-US","@id":"https:\/\/www.starsislandlapalma.es\/#\/schema\/person\/image\/","url":"https:\/\/secure.gravatar.com\/avatar\/214edfeae37af83662fa1058aeebfb41?s=96&d=mm&r=g","contentUrl":"https:\/\/secure.gravatar.com\/avatar\/214edfeae37af83662fa1058aeebfb41?s=96&d=mm&r=g","caption":"Stars Island La Palma"},"url":"https:\/\/www.starsislandlapalma.es\/en\/author\/star\/"}]}},"_links":{"self":[{"href":"https:\/\/www.starsislandlapalma.es\/en\/wp-json\/wp\/v2\/posts\/22551\/"}],"collection":[{"href":"https:\/\/www.starsislandlapalma.es\/en\/wp-json\/wp\/v2\/posts\/"}],"about":[{"href":"https:\/\/www.starsislandlapalma.es\/en\/wp-json\/wp\/v2\/types\/post\/"}],"author":[{"embeddable":true,"href":"https:\/\/www.starsislandlapalma.es\/en\/wp-json\/wp\/v2\/users\/1\/"}],"replies":[{"embeddable":true,"href":"https:\/\/www.starsislandlapalma.es\/en\/wp-json\/wp\/v2\/comments\/?post=22551"}],"version-history":[{"count":0,"href":"https:\/\/www.starsislandlapalma.es\/en\/wp-json\/wp\/v2\/posts\/22551\/revisions\/"}],"wp:featuredmedia":[{"embeddable":true,"href":"https:\/\/www.starsislandlapalma.es\/en\/wp-json\/wp\/v2\/media\/21677\/"}],"wp:attachment":[{"href":"https:\/\/www.starsislandlapalma.es\/en\/wp-json\/wp\/v2\/media\/?parent=22551"}],"wp:term":[{"taxonomy":"category","embeddable":true,"href":"https:\/\/www.starsislandlapalma.es\/en\/wp-json\/wp\/v2\/categories\/?post=22551"},{"taxonomy":"post_tag","embeddable":true,"href":"https:\/\/www.starsislandlapalma.es\/en\/wp-json\/wp\/v2\/tags\/?post=22551"}],"curies":[{"name":"wp","href":"https:\/\/api.w.org\/{rel}","templated":true}]}}