{"id":22566,"date":"2020-08-04T07:50:19","date_gmt":"2020-08-04T07:50:19","guid":{"rendered":"https:\/\/www.starsislandlapalma.es\/taller-de-astrofotografia-y-astropaisaje-21-22-y-23-de-agosto\/"},"modified":"2021-05-25T14:08:07","modified_gmt":"2021-05-25T14:08:07","slug":"taller-de-astrofotografia-y-astropaisaje-21-22-y-23-de-agosto","status":"publish","type":"post","link":"https:\/\/www.starsislandlapalma.es\/en\/taller-de-astrofotografia-y-astropaisaje-21-22-y-23-de-agosto\/","title":{"rendered":"Taller de Astrofotograf\u00eda y Astropaisaje. 21, 22 y 23 de agosto"},"content":{"rendered":"\r\n<p>Toda la informaci\u00f3n y enlace para la inscripci\u00f3n en\u00a0<a href=\"https:\/\/editorial-alt.wixsite.com\/astrofotografia\" target=\"_blank\" rel=\"noreferrer noopener\">ASTROFEST (pinchando aqu\u00ed)<\/a><\/p>\r\n\r\n\r\n\r\n<p>El taller tendr\u00e1 lugar durante el fin de semana comprendido entre el viernes 21 de agosto por la tarde hasta el domingo 23 de agosto al mediod\u00eda; llev\u00e1ndose a cabo un total de seis sesiones de trabajo distribuidas entre ma\u00f1anas, tardes y noches. Se realizar\u00e1n las correspondientes pausas para almuerzos y cenas.<\/p>\r\n\r\n\r\n\r\n<p>Desde Afoto La Palma consideramos como elemento novedoso y a la vez positivo el reunir a todos los participantes en r\u00e9gimen de curso+alojamiento, por lo que proponemos que la actividad se lleve a cabo en un lugar que posibilite la realizaci\u00f3n del curso, y que ofrezca alojamiento y comidas.<\/p>\r\n\r\n\r\n\r\n<p>El curso est\u00e1 previsto para un m\u00e1ximo de 25 personas<\/p>\r\n\r\n\r\n\r\n<p><strong>ESTA ACTIVIDAD EST\u00c1 PROMOVIDA POR @FOTO LA PALMA Y ORGANIZADA POR ASTRONORTE Y CIELOS LA PALMA<\/strong><\/p>\r\n\r\n\r\n\r\n<h3 class=\"wp-block-heading\">PROGRAMA DEL TALLER<\/h3>\r\n\r\n\r\n\r\n<h4 class=\"wp-block-heading\"><strong>Viernes, 21<\/strong><\/h4>\r\n\r\n\r\n\r\n<p>17:00 h. Llegada y registro de los participantes. Acomodaci\u00f3n en el Albergue de Puntagorda.<\/p>\r\n\r\n\r\n\r\n<p>18:00 h. Sesi\u00f3n 1 \u2013 Teor\u00eda. INTRODUCCI\u00d3N B\u00c1SICA A LA ASTRONOM\u00cdA. Casa de la Cultura.<\/p>\r\n\r\n\r\n\r\n<p>C\u00f3mo localizar objetos en el cielo. Efem\u00e9rides astron\u00f3micas destacables. \u00bfQu\u00e9 fotografiar?.<\/p>\r\n\r\n\r\n\r\n<p>18:30 h. Sesi\u00f3n 2 \u2013 Teor\u00eda. FOTOGRAFIA DE ASTROPAISAJE. Casa de la Cultura.<\/p>\r\n\r\n\r\n\r\n<p>Equipo necesario, preparaci\u00f3n y montaje. Configuraci\u00f3n del equipo (ISO, apertura, exposiciones, balance de blancos, reducci\u00f3n de ruido\u2026).<\/p>\r\n\r\n\r\n\r\n<p><em><strong>Impartido por Juan Antonio Gonz\u00e1lez (<a href=\"http:\/\/www.cieloslapalma.com\/\" target=\"_blank\" rel=\"noreferrer noopener\">www.CielosLaPalma.com<\/a>).<\/strong><\/em><\/p>\r\n\r\n\r\n\r\n<p>\u200b<\/p>\r\n\r\n\r\n\r\n<p>19:00 h. Sesi\u00f3n 3 \u2013 Teor\u00eda. ASTROFOTOGRAF\u00cdA. Casa de la Cultura.<\/p>\r\n\r\n\r\n\r\n<p>Equipo necesario, preparaci\u00f3n y montaje. Configuraci\u00f3n del equipo (ISO, apertura, exposiciones, balance de blancos, reducci\u00f3n de ruido\u2026). Planificaci\u00f3n y encuadre. Autoguiado y plate solving. Obtenci\u00f3n de im\u00e1genes y tomas de calibraci\u00f3n.<\/p>\r\n\r\n\r\n\r\n<p>19:30 h. Sesi\u00f3n 4 \u2013 Pr\u00e1ctica. MONTAJE DE EQUIPO DE ASTROFOTOGRAF\u00cdA. Casa de la Cultura.<\/p>\r\n\r\n\r\n\r\n<p><em><strong>Impartido por Enrique Navarro (<a href=\"http:\/\/www.infoto.es\/\" target=\"_blank\" rel=\"noreferrer noopener\">www.InFoto.es<\/a>)<\/strong><\/em><\/p>\r\n\r\n\r\n\r\n<p>\u200b<\/p>\r\n\r\n\r\n\r\n<p>20:30 h. Regreso al Albergue Puntagorda.<\/p>\r\n\r\n\r\n\r\n<p>21:00 h. Cena.\u200b<\/p>\r\n\r\n\r\n\r\n<p>22:00 h. Sesi\u00f3n 5 \u2013 PR\u00c1CTICA. ASTROFOTOGRAFIA con Telescopio. Centro de Naturaleza La Rosa. Traslado en coches compartidos.<\/p>\r\n\r\n\r\n\r\n<p>01:00 h. Fin de la Sesi\u00f3n. Regreso al Albergue.<\/p>\r\n\r\n\r\n\r\n<p>\u200b<\/p>\r\n\r\n\r\n\r\n<h4 class=\"wp-block-heading\"><strong>S\u00e1bado, 22<\/strong><\/h4>\r\n\r\n\r\n\r\n<p>09:00 h. Desayuno en el Albergue.<\/p>\r\n\r\n\r\n\r\n<p>10:30 h. Sesi\u00f3n 6 \u2013 Teor\u00eda. EDICI\u00d3N Y REVELADO DE ASTROFOTOGRAFIA. Casa de la Cultura. Software (Photoshop, Lightroom, Pixinsight). Apilado. Edici\u00f3n RAW\u2026<\/p>\r\n\r\n\r\n\r\n<p>11:30 h. Sesi\u00f3n 7 \u2013 Pr\u00e1ctica. EDICI\u00d3N Y REVELADO DE UNA ASTROFOTOGRAF\u00cdA.<\/p>\r\n\r\n\r\n\r\n<p><em><strong>Impartido por video conferencia por Domingo Pestana Galv\u00e1n.<\/strong><\/em><\/p>\r\n\r\n\r\n\r\n<p>\u200b<\/p>\r\n\r\n\r\n\r\n<p>13:00 h. Fin de la sesi\u00f3n de ma\u00f1ana.<\/p>\r\n\r\n\r\n\r\n<p>14:00 h. Almuerzo en el Albergue de Puntagorda.<\/p>\r\n\r\n\r\n\r\n<p>15:00 h. Visita al Mercadillo del Agricultor (opcional).\u200b<\/p>\r\n\r\n\r\n\r\n<p>16:30 h. Sesi\u00f3n 8 \u2013 Teor\u00eda. LIGHT PAINTING. Casa de la Cultura.<\/p>\r\n\r\n\r\n\r\n<p>Impartido por Juan Manuel Cruz.<\/p>\r\n\r\n\r\n\r\n<p>17:00 h. Sesi\u00f3n 8 \u2013 Teor\u00eda. PLANIFICACI\u00d3N DE FOTOGRAFIA DE ASTROPAISAJE. Photopills. Google Earth. Apps astron\u00f3micas. Casa de la Cultura. Pr\u00e1ctica de uso de Apps, y planificaci\u00f3n de fotograf\u00eda.<\/p>\r\n\r\n\r\n\r\n<p><em><strong>Impartido por Jos\u00e9 Antonio Fern\u00e1ndez Arozena.<\/strong><\/em><\/p>\r\n\r\n\r\n\r\n<p>\u200b<\/p>\r\n\r\n\r\n\r\n<p>19:30 h. Sesi\u00f3n 9 \u2013 PR\u00c1CTICA. FOTOGRAF\u00cdA DEL ATARDECER. Hora dorada. Hora azul. Monta\u00f1a Braulio. Traslado en coches compartidos.<\/p>\r\n\r\n\r\n\r\n<p>\u200b21:45 h. Regreso al Albergue Puntagorda.<\/p>\r\n\r\n\r\n\r\n<p>22:00 h. Cena.<\/p>\r\n\r\n\r\n\r\n<p>22:45 h. Sesi\u00f3n 10 \u2013 PR\u00c1CTICA. FOTOGRAFIA DE ASTROPAISAJE. Mirador de El Roque. Traslado en coches compartidos.<\/p>\r\n\r\n\r\n\r\n<p>01:00 Fin de la Sesi\u00f3n. Regreso al Albergue.<\/p>\r\n\r\n\r\n\r\n<p>\u200b<\/p>\r\n\r\n\r\n\r\n<h4 class=\"wp-block-heading\"><strong>Domingo, 23<\/strong><\/h4>\r\n\r\n\r\n\r\n<p>09:00 Desayuno en el Albergue.<\/p>\r\n\r\n\r\n\r\n<p>10:30 h. Sesi\u00f3n 11 \u2013 PR\u00c1CTICA: REVELADO Y EDICI\u00d3N DE FOTOGRAFIA DE ASTRO PAISAJE. Casa de la Cultura. (Kike Navarro, Antonio Gonz\u00e1lez)<\/p>\r\n\r\n\r\n\r\n<p>\u200b12:30 h. Fin del Taller y Entrega de Diplomas a los participantes.<\/p>\r\n\r\n\r\n\r\n<p>13:30 h. Almuerzo en el patio de la Casa de la Cultura, ofrecido por el Ayuntamiento de Puntagorda.<\/p>\r\n","protected":false},"excerpt":{"rendered":"<p>Toda la informaci\u00f3n y enlace para la inscripci\u00f3n en\u00a0ASTROFEST (pinchando aqu\u00ed) El taller tendr\u00e1 lugar durante el fin de semana comprendido entre el viernes 21 de agosto por la tarde hasta el domingo 23 de agosto al mediod\u00eda; llev\u00e1ndose a cabo un total de seis&#8230;<\/p>\n","protected":false},"author":4,"featured_media":21622,"comment_status":"open","ping_status":"open","sticky":false,"template":"","format":"standard","meta":{"footnotes":""},"categories":[139,136],"tags":[],"yoast_head":"<!-- This site is optimized with the Yoast SEO plugin v24.5 - https:\/\/yoast.com\/wordpress\/plugins\/seo\/ -->\n<title>Taller de Astrofotograf\u00eda y Astropaisaje. 21, 22 y 23 de agosto &#8902; Stars Island La Palma<\/title>\n<meta name=\"robots\" content=\"index, follow, max-snippet:-1, max-image-preview:large, max-video-preview:-1\" \/>\n<link rel=\"canonical\" href=\"https:\/\/www.starsislandlapalma.es\/en\/taller-de-astrofotografia-y-astropaisaje-21-22-y-23-de-agosto\/\" \/>\n<meta property=\"og:locale\" content=\"en_US\" \/>\n<meta property=\"og:type\" content=\"article\" \/>\n<meta property=\"og:title\" content=\"Taller de Astrofotograf\u00eda y Astropaisaje. 21, 22 y 23 de agosto &#8902; Stars Island La Palma\" \/>\n<meta property=\"og:description\" content=\"Toda la informaci\u00f3n y enlace para la inscripci\u00f3n en\u00a0ASTROFEST (pinchando aqu\u00ed) El taller tendr\u00e1 lugar durante el fin de semana comprendido entre el viernes 21 de agosto por la tarde hasta el domingo 23 de agosto al mediod\u00eda; llev\u00e1ndose a cabo un total de seis...\" \/>\n<meta property=\"og:url\" content=\"https:\/\/www.starsislandlapalma.es\/en\/taller-de-astrofotografia-y-astropaisaje-21-22-y-23-de-agosto\/\" \/>\n<meta property=\"og:site_name\" content=\"Stars Island La Palma\" \/>\n<meta property=\"article:publisher\" content=\"https:\/\/www.facebook.com\/pages\/Starsisland-La-Palma\/210888162375006?ref=hl\" \/>\n<meta property=\"article:published_time\" content=\"2020-08-04T07:50:19+00:00\" \/>\n<meta property=\"article:modified_time\" content=\"2021-05-25T14:08:07+00:00\" \/>\n<meta property=\"og:image\" content=\"https:\/\/www.starsislandlapalma.es\/wp-content\/uploads\/2020\/08\/astrofotografia2020.jpeg\" \/>\n\t<meta property=\"og:image:width\" content=\"347\" \/>\n\t<meta property=\"og:image:height\" content=\"497\" \/>\n\t<meta property=\"og:image:type\" content=\"image\/jpeg\" \/>\n<meta name=\"author\" content=\"StarsIsland\" \/>\n<meta name=\"twitter:label1\" content=\"Written by\" \/>\n\t<meta name=\"twitter:data1\" content=\"StarsIsland\" \/>\n\t<meta name=\"twitter:label2\" content=\"Est. reading time\" \/>\n\t<meta name=\"twitter:data2\" content=\"3 minutes\" \/>\n<script type=\"application\/ld+json\" class=\"yoast-schema-graph\">{\"@context\":\"https:\/\/schema.org\",\"@graph\":[{\"@type\":\"Article\",\"@id\":\"https:\/\/www.starsislandlapalma.es\/en\/taller-de-astrofotografia-y-astropaisaje-21-22-y-23-de-agosto\/#article\",\"isPartOf\":{\"@id\":\"https:\/\/www.starsislandlapalma.es\/en\/taller-de-astrofotografia-y-astropaisaje-21-22-y-23-de-agosto\/\"},\"author\":{\"name\":\"StarsIsland\",\"@id\":\"https:\/\/www.starsislandlapalma.es\/#\/schema\/person\/d2618b46c3dc5c031ddd56a658f9ab25\"},\"headline\":\"Taller de Astrofotograf\u00eda y Astropaisaje. 21, 22 y 23 de agosto\",\"datePublished\":\"2020-08-04T07:50:19+00:00\",\"dateModified\":\"2021-05-25T14:08:07+00:00\",\"mainEntityOfPage\":{\"@id\":\"https:\/\/www.starsislandlapalma.es\/en\/taller-de-astrofotografia-y-astropaisaje-21-22-y-23-de-agosto\/\"},\"wordCount\":587,\"commentCount\":0,\"publisher\":{\"@id\":\"https:\/\/www.starsislandlapalma.es\/#organization\"},\"image\":{\"@id\":\"https:\/\/www.starsislandlapalma.es\/en\/taller-de-astrofotografia-y-astropaisaje-21-22-y-23-de-agosto\/#primaryimage\"},\"thumbnailUrl\":\"https:\/\/www.starsislandlapalma.es\/wp-content\/uploads\/2020\/08\/astrofotografia2020.jpeg\",\"articleSection\":[\"Events\",\"News\"],\"inLanguage\":\"en-US\",\"potentialAction\":[{\"@type\":\"CommentAction\",\"name\":\"Comment\",\"target\":[\"https:\/\/www.starsislandlapalma.es\/en\/taller-de-astrofotografia-y-astropaisaje-21-22-y-23-de-agosto\/#respond\"]}]},{\"@type\":\"WebPage\",\"@id\":\"https:\/\/www.starsislandlapalma.es\/en\/taller-de-astrofotografia-y-astropaisaje-21-22-y-23-de-agosto\/\",\"url\":\"https:\/\/www.starsislandlapalma.es\/en\/taller-de-astrofotografia-y-astropaisaje-21-22-y-23-de-agosto\/\",\"name\":\"Taller de Astrofotograf\u00eda y Astropaisaje. 21, 22 y 23 de agosto &#8902; Stars Island La Palma\",\"isPartOf\":{\"@id\":\"https:\/\/www.starsislandlapalma.es\/#website\"},\"primaryImageOfPage\":{\"@id\":\"https:\/\/www.starsislandlapalma.es\/en\/taller-de-astrofotografia-y-astropaisaje-21-22-y-23-de-agosto\/#primaryimage\"},\"image\":{\"@id\":\"https:\/\/www.starsislandlapalma.es\/en\/taller-de-astrofotografia-y-astropaisaje-21-22-y-23-de-agosto\/#primaryimage\"},\"thumbnailUrl\":\"https:\/\/www.starsislandlapalma.es\/wp-content\/uploads\/2020\/08\/astrofotografia2020.jpeg\",\"datePublished\":\"2020-08-04T07:50:19+00:00\",\"dateModified\":\"2021-05-25T14:08:07+00:00\",\"breadcrumb\":{\"@id\":\"https:\/\/www.starsislandlapalma.es\/en\/taller-de-astrofotografia-y-astropaisaje-21-22-y-23-de-agosto\/#breadcrumb\"},\"inLanguage\":\"en-US\",\"potentialAction\":[{\"@type\":\"ReadAction\",\"target\":[\"https:\/\/www.starsislandlapalma.es\/en\/taller-de-astrofotografia-y-astropaisaje-21-22-y-23-de-agosto\/\"]}]},{\"@type\":\"ImageObject\",\"inLanguage\":\"en-US\",\"@id\":\"https:\/\/www.starsislandlapalma.es\/en\/taller-de-astrofotografia-y-astropaisaje-21-22-y-23-de-agosto\/#primaryimage\",\"url\":\"https:\/\/www.starsislandlapalma.es\/wp-content\/uploads\/2020\/08\/astrofotografia2020.jpeg\",\"contentUrl\":\"https:\/\/www.starsislandlapalma.es\/wp-content\/uploads\/2020\/08\/astrofotografia2020.jpeg\",\"width\":347,\"height\":497},{\"@type\":\"BreadcrumbList\",\"@id\":\"https:\/\/www.starsislandlapalma.es\/en\/taller-de-astrofotografia-y-astropaisaje-21-22-y-23-de-agosto\/#breadcrumb\",\"itemListElement\":[{\"@type\":\"ListItem\",\"position\":1,\"name\":\"Portada\",\"item\":\"https:\/\/www.starsislandlapalma.es\/en\/\"},{\"@type\":\"ListItem\",\"position\":2,\"name\":\"Taller de Astrofotograf\u00eda y Astropaisaje. 21, 22 y 23 de agosto\"}]},{\"@type\":\"WebSite\",\"@id\":\"https:\/\/www.starsislandlapalma.es\/#website\",\"url\":\"https:\/\/www.starsislandlapalma.es\/\",\"name\":\"Stars Island La Palma\",\"description\":\"La Palma, el lugar perfecto para disfrutar del universo. Primera Reserva Starlight del mundo, en 2012 se reconoce como Destino Tur\u00edstico Starlight\",\"publisher\":{\"@id\":\"https:\/\/www.starsislandlapalma.es\/#organization\"},\"potentialAction\":[{\"@type\":\"SearchAction\",\"target\":{\"@type\":\"EntryPoint\",\"urlTemplate\":\"https:\/\/www.starsislandlapalma.es\/?s={search_term_string}\"},\"query-input\":{\"@type\":\"PropertyValueSpecification\",\"valueRequired\":true,\"valueName\":\"search_term_string\"}}],\"inLanguage\":\"en-US\"},{\"@type\":\"Organization\",\"@id\":\"https:\/\/www.starsislandlapalma.es\/#organization\",\"name\":\"Star Island La Palma\",\"url\":\"https:\/\/www.starsislandlapalma.es\/\",\"logo\":{\"@type\":\"ImageObject\",\"inLanguage\":\"en-US\",\"@id\":\"https:\/\/www.starsislandlapalma.es\/#\/schema\/logo\/image\/\",\"url\":\"https:\/\/www.starsislandlapalma.es\/wp-content\/uploads\/2022\/01\/logo_starisland.png\",\"contentUrl\":\"https:\/\/www.starsislandlapalma.es\/wp-content\/uploads\/2022\/01\/logo_starisland.png\",\"width\":172,\"height\":139,\"caption\":\"Star Island La Palma\"},\"image\":{\"@id\":\"https:\/\/www.starsislandlapalma.es\/#\/schema\/logo\/image\/\"},\"sameAs\":[\"https:\/\/www.facebook.com\/pages\/Starsisland-La-Palma\/210888162375006?ref=hl\",\"https:\/\/x.com\/starsislandlapa\",\"https:\/\/www.pinterest.com\/astroturismo\/\",\"https:\/\/www.youtube.com\/channel\/UCV7sju1ggcBpJG39HQCBtsA\"]},{\"@type\":\"Person\",\"@id\":\"https:\/\/www.starsislandlapalma.es\/#\/schema\/person\/d2618b46c3dc5c031ddd56a658f9ab25\",\"name\":\"StarsIsland\",\"image\":{\"@type\":\"ImageObject\",\"inLanguage\":\"en-US\",\"@id\":\"https:\/\/www.starsislandlapalma.es\/#\/schema\/person\/image\/\",\"url\":\"https:\/\/secure.gravatar.com\/avatar\/30a35f2b7b8f976566433f1ab7d6402f?s=96&d=mm&r=g\",\"contentUrl\":\"https:\/\/secure.gravatar.com\/avatar\/30a35f2b7b8f976566433f1ab7d6402f?s=96&d=mm&r=g\",\"caption\":\"StarsIsland\"},\"url\":\"https:\/\/www.starsislandlapalma.es\/en\/author\/starsisland\/\"}]}<\/script>\n<!-- \/ Yoast SEO plugin. -->","yoast_head_json":{"title":"Taller de Astrofotograf\u00eda y Astropaisaje. 21, 22 y 23 de agosto &#8902; Stars Island La Palma","robots":{"index":"index","follow":"follow","max-snippet":"max-snippet:-1","max-image-preview":"max-image-preview:large","max-video-preview":"max-video-preview:-1"},"canonical":"https:\/\/www.starsislandlapalma.es\/en\/taller-de-astrofotografia-y-astropaisaje-21-22-y-23-de-agosto\/","og_locale":"en_US","og_type":"article","og_title":"Taller de Astrofotograf\u00eda y Astropaisaje. 21, 22 y 23 de agosto &#8902; Stars Island La Palma","og_description":"Toda la informaci\u00f3n y enlace para la inscripci\u00f3n en\u00a0ASTROFEST (pinchando aqu\u00ed) El taller tendr\u00e1 lugar durante el fin de semana comprendido entre el viernes 21 de agosto por la tarde hasta el domingo 23 de agosto al mediod\u00eda; llev\u00e1ndose a cabo un total de seis...","og_url":"https:\/\/www.starsislandlapalma.es\/en\/taller-de-astrofotografia-y-astropaisaje-21-22-y-23-de-agosto\/","og_site_name":"Stars Island La Palma","article_publisher":"https:\/\/www.facebook.com\/pages\/Starsisland-La-Palma\/210888162375006?ref=hl","article_published_time":"2020-08-04T07:50:19+00:00","article_modified_time":"2021-05-25T14:08:07+00:00","og_image":[{"width":347,"height":497,"url":"https:\/\/www.starsislandlapalma.es\/wp-content\/uploads\/2020\/08\/astrofotografia2020.jpeg","type":"image\/jpeg"}],"author":"StarsIsland","twitter_misc":{"Written by":"StarsIsland","Est. reading time":"3 minutes"},"schema":{"@context":"https:\/\/schema.org","@graph":[{"@type":"Article","@id":"https:\/\/www.starsislandlapalma.es\/en\/taller-de-astrofotografia-y-astropaisaje-21-22-y-23-de-agosto\/#article","isPartOf":{"@id":"https:\/\/www.starsislandlapalma.es\/en\/taller-de-astrofotografia-y-astropaisaje-21-22-y-23-de-agosto\/"},"author":{"name":"StarsIsland","@id":"https:\/\/www.starsislandlapalma.es\/#\/schema\/person\/d2618b46c3dc5c031ddd56a658f9ab25"},"headline":"Taller de Astrofotograf\u00eda y Astropaisaje. 21, 22 y 23 de agosto","datePublished":"2020-08-04T07:50:19+00:00","dateModified":"2021-05-25T14:08:07+00:00","mainEntityOfPage":{"@id":"https:\/\/www.starsislandlapalma.es\/en\/taller-de-astrofotografia-y-astropaisaje-21-22-y-23-de-agosto\/"},"wordCount":587,"commentCount":0,"publisher":{"@id":"https:\/\/www.starsislandlapalma.es\/#organization"},"image":{"@id":"https:\/\/www.starsislandlapalma.es\/en\/taller-de-astrofotografia-y-astropaisaje-21-22-y-23-de-agosto\/#primaryimage"},"thumbnailUrl":"https:\/\/www.starsislandlapalma.es\/wp-content\/uploads\/2020\/08\/astrofotografia2020.jpeg","articleSection":["Events","News"],"inLanguage":"en-US","potentialAction":[{"@type":"CommentAction","name":"Comment","target":["https:\/\/www.starsislandlapalma.es\/en\/taller-de-astrofotografia-y-astropaisaje-21-22-y-23-de-agosto\/#respond"]}]},{"@type":"WebPage","@id":"https:\/\/www.starsislandlapalma.es\/en\/taller-de-astrofotografia-y-astropaisaje-21-22-y-23-de-agosto\/","url":"https:\/\/www.starsislandlapalma.es\/en\/taller-de-astrofotografia-y-astropaisaje-21-22-y-23-de-agosto\/","name":"Taller de Astrofotograf\u00eda y Astropaisaje. 21, 22 y 23 de agosto &#8902; Stars Island La Palma","isPartOf":{"@id":"https:\/\/www.starsislandlapalma.es\/#website"},"primaryImageOfPage":{"@id":"https:\/\/www.starsislandlapalma.es\/en\/taller-de-astrofotografia-y-astropaisaje-21-22-y-23-de-agosto\/#primaryimage"},"image":{"@id":"https:\/\/www.starsislandlapalma.es\/en\/taller-de-astrofotografia-y-astropaisaje-21-22-y-23-de-agosto\/#primaryimage"},"thumbnailUrl":"https:\/\/www.starsislandlapalma.es\/wp-content\/uploads\/2020\/08\/astrofotografia2020.jpeg","datePublished":"2020-08-04T07:50:19+00:00","dateModified":"2021-05-25T14:08:07+00:00","breadcrumb":{"@id":"https:\/\/www.starsislandlapalma.es\/en\/taller-de-astrofotografia-y-astropaisaje-21-22-y-23-de-agosto\/#breadcrumb"},"inLanguage":"en-US","potentialAction":[{"@type":"ReadAction","target":["https:\/\/www.starsislandlapalma.es\/en\/taller-de-astrofotografia-y-astropaisaje-21-22-y-23-de-agosto\/"]}]},{"@type":"ImageObject","inLanguage":"en-US","@id":"https:\/\/www.starsislandlapalma.es\/en\/taller-de-astrofotografia-y-astropaisaje-21-22-y-23-de-agosto\/#primaryimage","url":"https:\/\/www.starsislandlapalma.es\/wp-content\/uploads\/2020\/08\/astrofotografia2020.jpeg","contentUrl":"https:\/\/www.starsislandlapalma.es\/wp-content\/uploads\/2020\/08\/astrofotografia2020.jpeg","width":347,"height":497},{"@type":"BreadcrumbList","@id":"https:\/\/www.starsislandlapalma.es\/en\/taller-de-astrofotografia-y-astropaisaje-21-22-y-23-de-agosto\/#breadcrumb","itemListElement":[{"@type":"ListItem","position":1,"name":"Portada","item":"https:\/\/www.starsislandlapalma.es\/en\/"},{"@type":"ListItem","position":2,"name":"Taller de Astrofotograf\u00eda y Astropaisaje. 21, 22 y 23 de agosto"}]},{"@type":"WebSite","@id":"https:\/\/www.starsislandlapalma.es\/#website","url":"https:\/\/www.starsislandlapalma.es\/","name":"Stars Island La Palma","description":"La Palma, el lugar perfecto para disfrutar del universo. Primera Reserva Starlight del mundo, en 2012 se reconoce como Destino Tur\u00edstico Starlight","publisher":{"@id":"https:\/\/www.starsislandlapalma.es\/#organization"},"potentialAction":[{"@type":"SearchAction","target":{"@type":"EntryPoint","urlTemplate":"https:\/\/www.starsislandlapalma.es\/?s={search_term_string}"},"query-input":{"@type":"PropertyValueSpecification","valueRequired":true,"valueName":"search_term_string"}}],"inLanguage":"en-US"},{"@type":"Organization","@id":"https:\/\/www.starsislandlapalma.es\/#organization","name":"Star Island La Palma","url":"https:\/\/www.starsislandlapalma.es\/","logo":{"@type":"ImageObject","inLanguage":"en-US","@id":"https:\/\/www.starsislandlapalma.es\/#\/schema\/logo\/image\/","url":"https:\/\/www.starsislandlapalma.es\/wp-content\/uploads\/2022\/01\/logo_starisland.png","contentUrl":"https:\/\/www.starsislandlapalma.es\/wp-content\/uploads\/2022\/01\/logo_starisland.png","width":172,"height":139,"caption":"Star Island La Palma"},"image":{"@id":"https:\/\/www.starsislandlapalma.es\/#\/schema\/logo\/image\/"},"sameAs":["https:\/\/www.facebook.com\/pages\/Starsisland-La-Palma\/210888162375006?ref=hl","https:\/\/x.com\/starsislandlapa","https:\/\/www.pinterest.com\/astroturismo\/","https:\/\/www.youtube.com\/channel\/UCV7sju1ggcBpJG39HQCBtsA"]},{"@type":"Person","@id":"https:\/\/www.starsislandlapalma.es\/#\/schema\/person\/d2618b46c3dc5c031ddd56a658f9ab25","name":"StarsIsland","image":{"@type":"ImageObject","inLanguage":"en-US","@id":"https:\/\/www.starsislandlapalma.es\/#\/schema\/person\/image\/","url":"https:\/\/secure.gravatar.com\/avatar\/30a35f2b7b8f976566433f1ab7d6402f?s=96&d=mm&r=g","contentUrl":"https:\/\/secure.gravatar.com\/avatar\/30a35f2b7b8f976566433f1ab7d6402f?s=96&d=mm&r=g","caption":"StarsIsland"},"url":"https:\/\/www.starsislandlapalma.es\/en\/author\/starsisland\/"}]}},"_links":{"self":[{"href":"https:\/\/www.starsislandlapalma.es\/en\/wp-json\/wp\/v2\/posts\/22566\/"}],"collection":[{"href":"https:\/\/www.starsislandlapalma.es\/en\/wp-json\/wp\/v2\/posts\/"}],"about":[{"href":"https:\/\/www.starsislandlapalma.es\/en\/wp-json\/wp\/v2\/types\/post\/"}],"author":[{"embeddable":true,"href":"https:\/\/www.starsislandlapalma.es\/en\/wp-json\/wp\/v2\/users\/4\/"}],"replies":[{"embeddable":true,"href":"https:\/\/www.starsislandlapalma.es\/en\/wp-json\/wp\/v2\/comments\/?post=22566"}],"version-history":[{"count":0,"href":"https:\/\/www.starsislandlapalma.es\/en\/wp-json\/wp\/v2\/posts\/22566\/revisions\/"}],"wp:featuredmedia":[{"embeddable":true,"href":"https:\/\/www.starsislandlapalma.es\/en\/wp-json\/wp\/v2\/media\/21622\/"}],"wp:attachment":[{"href":"https:\/\/www.starsislandlapalma.es\/en\/wp-json\/wp\/v2\/media\/?parent=22566"}],"wp:term":[{"taxonomy":"category","embeddable":true,"href":"https:\/\/www.starsislandlapalma.es\/en\/wp-json\/wp\/v2\/categories\/?post=22566"},{"taxonomy":"post_tag","embeddable":true,"href":"https:\/\/www.starsislandlapalma.es\/en\/wp-json\/wp\/v2\/tags\/?post=22566"}],"curies":[{"name":"wp","href":"https:\/\/api.w.org\/{rel}","templated":true}]}}