{"id":22575,"date":"2020-07-29T13:51:22","date_gmt":"2020-07-29T13:51:22","guid":{"rendered":"https:\/\/www.starsislandlapalma.es\/astrofest-vuelve-a-reivindicar-a-la-palma-como-isla-de-referencia-internacional-para-la-astronomia-la-astrofisica-y-el-astroturismo\/"},"modified":"2021-05-25T14:08:31","modified_gmt":"2021-05-25T14:08:31","slug":"astrofest-vuelve-a-reivindicar-a-la-palma-como-isla-de-referencia-internacional-para-la-astronomia-la-astrofisica-y-el-astroturismo","status":"publish","type":"post","link":"https:\/\/www.starsislandlapalma.es\/en\/astrofest-vuelve-a-reivindicar-a-la-palma-como-isla-de-referencia-internacional-para-la-astronomia-la-astrofisica-y-el-astroturismo\/","title":{"rendered":"\u2018Astrofest\u2019 vuelve a reivindicar a La Palma como isla de referencia internacional para la astronom\u00eda, la astrof\u00edsica y el astroturismo"},"content":{"rendered":"\r\n<p><em>El consejero Ra\u00fal Camacho present\u00f3 este festival de eventos que acerca a la poblaci\u00f3n a las posibilidades de disfrute del cielo y las estrellas<\/em><\/p>\r\n\r\n\r\n\r\n<p><em>El calendario de actos se extiende hasta finales de octubre e incluye la conocida cita cultural \u2018Apaga la luz y enciende las estrellas\u2019<\/em><\/p>\r\n\r\n\r\n\r\n<p>El consejero de Turismo del Cabildo de La Palma, Ra\u00fal Camacho, ha presentado hoy en rueda de prensa <em>Astrofest<\/em>, el festival de eventos que organiza su departamento en colaboraci\u00f3n con varias entidades, instituciones y colectivos, con el objetivo de reivindicar a la isla como territorio pionero y de referencia internacional para la astronom\u00eda, la astrof\u00edsica y el astroturismo.<\/p>\r\n\r\n\r\n\r\n<p>\u201c<em>La Palma, La Isla Bonita<\/em> es una isla de estrellas. <em>Astrofest<\/em> es una iniciativa de la Consejer\u00eda de Turismo que as\u00ed lo reivindica. Este a\u00f1o lo hacemos con las restricciones derivadas de la crisis del coronavirus y,\u00a0 por tanto, tendr\u00e1 un marcado car\u00e1cter interior, con el fin de poner en valor la permanente relaci\u00f3n de La Palma con las estrellas\u201d, ha asegurado Camacho en su introducci\u00f3n.<\/p>\r\n\r\n\r\n\r\n<p>El consejero ha se\u00f1alado que dos eventos consolidados como el <a href=\"https:\/\/festivalito.com\/\"><strong>Festivalito, Festival de Cine de las Estrellas<\/strong><\/a> (del 1 al 8 de agosto) y el <strong>Festival de Senderismo y Monta\u00f1a<\/strong> (del 29 al 31 de octubre) forman parte este a\u00f1o de <em>Astrofest<\/em>.<\/p>\r\n\r\n\r\n\r\n<p>\u201cEl Astrofest involucra a todos los municipios de la isla de La Palma, si bien hay que destacar a varios Ayuntamientos que en sus programas de actividades incluyen la tem\u00e1tica del cielo con exposiciones, charlas, cine, talleres de fotograf\u00eda y encuentros espec\u00edficos. Me refiero a Tijarafe, El Paso, Fuencaliente, Puntagorda y Barlovento, que trabajan en esta tem\u00e1tica concreta\u201d, ha explicado.<\/p>\r\n\r\n\r\n\r\n<p>En el <strong>plano institucional<\/strong>, Ra\u00fal Camacho ha se\u00f1alado que en el presente 2020 La Palma renueva su <strong>Certificaci\u00f3n Starlight como Reserva y Destino Tur\u00edstico<\/strong>, y que el pasado 2019 se cre\u00f3 la Mesa de Turismo Cient\u00edfico y Astroturismo de la Organizaci\u00f3n Mundial del Turismo (OMT) de la que la isla forma parte. \u201cEstos hitos nos animan a celebrar <em>Astrofest<\/em> con una doble vocaci\u00f3n: las conferencias y citas profesionales en torno al cielo y los astros y la involucraci\u00f3n social ciudadana con actividades de dinamizaci\u00f3n\u201d, se\u00f1al\u00f3.<\/p>\r\n\r\n\r\n\r\n<p>Ser\u00e1 precisamente en la clausura de <em>Astrofest<\/em>, el 30 de octubre, cuando se renueven estas certificaciones Starlight y se celebren los 13 a\u00f1os de la <strong>Declaraci\u00f3n Starlight de La Palma<\/strong> del derecho de la humanidad al disfrute de los cielos nocturnos y las estrellas.<\/p>\r\n\r\n\r\n\r\n<p>En el apartado profesional, el 29 de septiembre se celebrar\u00e1 la <strong><em>jornada Starlight \u2013 Protecci\u00f3n del cielo y oportunidades de empleo<\/em><\/strong> dirigida a responsables municipales y empresarios tur\u00edsticos; tambi\u00e9n se celebrar\u00e1 una serie de <strong><em>webinars<\/em> de astronom\u00eda y turismo<\/strong> que tienen como objetivo divulgar para los profesionales del turismo de estrellas, aficionados y p\u00fablico en general.<\/p>\r\n\r\n\r\n\r\n<p><strong>\u2018Apaga la luz y enciende las estrellas\u2019<\/strong><\/p>\r\n\r\n\r\n\r\n<p>En el apartado social y de participaci\u00f3n ciudadana, Ra\u00fal Camacho destac\u00f3 especialmente la iniciativa <strong><em>Apaga la luz y enciende las estrellas<\/em><\/strong>, que este a\u00f1o se celebra el 17 de octubre. Se trata de apagones el\u00e9ctricos controlados y circunscritos a espacios emblem\u00e1ticos de cada uno de los municipios de la isla en los que se desarrollan actos culturales asociados (exposiciones, conciertos, recitales de poes\u00eda\u2026). \u201cLa iniciativa ha tenido una excelente acogida en ediciones anteriores y creemos que el m\u00e1s popular y representativo acto de <em>Astrofest<\/em>, a la vez que en el que se realiza una mayor coordinaci\u00f3n y colaboraci\u00f3n con los ayuntamientos\u201d, destac\u00f3 el consejero.<\/p>\r\n\r\n\r\n\r\n<p><em>Astrofest<\/em> tambi\u00e9n celebrar\u00e1 su tradicional concurso de dibujos infantiles con posterior exposici\u00f3n de los mejores trabajos. Adem\u00e1s, este a\u00f1o el <strong>alumnado de la Escuela de Arte Manolo Blahnik y la Fundaci\u00f3n CajaCanarias<\/strong> tambi\u00e9n estar\u00e1n representados en <em>Astrofest<\/em>, ya que se expondr\u00e1n los resultados de los mejores trabajos del concurso de dise\u00f1o gr\u00e1fico convocado en este centro de estudios art\u00edsticos.<\/p>\r\n\r\n\r\n\r\n<p>La agenda de <em>Astrofest<\/em> se completa con el <strong>Taller de fotograf\u00eda nocturna de Afoto La Palma <\/strong>del 21 al 23 de agosto en Puntagorda; la celebraci\u00f3n de la <strong>Ultramarat\u00f3n Messier<\/strong> de observaci\u00f3n de objetos celestes el 19 de septiembre en el Centro de Interpretaci\u00f3n de las Cavidades Volc\u00e1nicas \u2018Ca\u00f1os de Fuego\u2019; una <strong>ruta arqueoastron\u00f3mica por Fuencaliente<\/strong> el 26 de septiembre; y el <strong><em>Taller de G-Astronom\u00eda Saborea las estrellas<\/em><\/strong> el 6 de octubre, en el marco del programa Interreg Mac con la participaci\u00f3n de cocineros y alumnos de la Escuela de Hosteler\u00eda del IES Virgen de las Nieves.<\/p>\r\n\r\n\r\n\r\n<p><em>Astrofest<\/em>, en colaboraci\u00f3n con la Consejer\u00eda insular de Cultura y Patrimonio Hist\u00f3rico que dirige Jovita Monterrey, tambi\u00e9n dar\u00e1 cabida a la exposici\u00f3n del <strong>Concurso Internacional de Astrofotograf\u00eda<\/strong> que convoca dicho departamento y que, como en cada edici\u00f3n, se exhibir\u00e1 en varias sedes.<\/p>\r\n","protected":false},"excerpt":{"rendered":"<p>El consejero Ra\u00fal Camacho present\u00f3 este festival de eventos que acerca a la poblaci\u00f3n a las posibilidades de disfrute del cielo y las estrellas El calendario de actos se extiende hasta finales de octubre e incluye la conocida cita cultural \u2018Apaga la luz y enciende&#8230;<\/p>\n","protected":false},"author":4,"featured_media":21589,"comment_status":"open","ping_status":"open","sticky":false,"template":"","format":"standard","meta":{"footnotes":""},"categories":[139,136],"tags":[],"yoast_head":"<!-- This site is optimized with the Yoast SEO plugin v24.5 - https:\/\/yoast.com\/wordpress\/plugins\/seo\/ -->\n<title>\u2018Astrofest\u2019 vuelve a reivindicar a La Palma como isla de referencia internacional para la astronom\u00eda, la astrof\u00edsica y el astroturismo &#8902; Stars Island La Palma<\/title>\n<meta name=\"robots\" content=\"index, follow, max-snippet:-1, max-image-preview:large, max-video-preview:-1\" \/>\n<link rel=\"canonical\" href=\"https:\/\/www.starsislandlapalma.es\/en\/astrofest-vuelve-a-reivindicar-a-la-palma-como-isla-de-referencia-internacional-para-la-astronomia-la-astrofisica-y-el-astroturismo\/\" \/>\n<meta property=\"og:locale\" content=\"en_US\" \/>\n<meta property=\"og:type\" content=\"article\" \/>\n<meta property=\"og:title\" content=\"\u2018Astrofest\u2019 vuelve a reivindicar a La Palma como isla de referencia internacional para la astronom\u00eda, la astrof\u00edsica y el astroturismo &#8902; Stars Island La Palma\" \/>\n<meta property=\"og:description\" content=\"El consejero Ra\u00fal Camacho present\u00f3 este festival de eventos que acerca a la poblaci\u00f3n a las posibilidades de disfrute del cielo y las estrellas El calendario de actos se extiende hasta finales de octubre e incluye la conocida cita cultural \u2018Apaga la luz y enciende...\" \/>\n<meta property=\"og:url\" content=\"https:\/\/www.starsislandlapalma.es\/en\/astrofest-vuelve-a-reivindicar-a-la-palma-como-isla-de-referencia-internacional-para-la-astronomia-la-astrofisica-y-el-astroturismo\/\" \/>\n<meta property=\"og:site_name\" content=\"Stars Island La Palma\" \/>\n<meta property=\"article:publisher\" content=\"https:\/\/www.facebook.com\/pages\/Starsisland-La-Palma\/210888162375006?ref=hl\" \/>\n<meta property=\"article:published_time\" content=\"2020-07-29T13:51:22+00:00\" \/>\n<meta property=\"article:modified_time\" content=\"2021-05-25T14:08:31+00:00\" \/>\n<meta property=\"og:image\" content=\"https:\/\/www.starsislandlapalma.es\/wp-content\/uploads\/2020\/07\/CARTEL2020-ASTRO.jpg\" \/>\n\t<meta property=\"og:image:width\" content=\"1400\" \/>\n\t<meta property=\"og:image:height\" content=\"967\" \/>\n\t<meta property=\"og:image:type\" content=\"image\/jpeg\" \/>\n<meta name=\"author\" content=\"StarsIsland\" \/>\n<meta name=\"twitter:label1\" content=\"Written by\" \/>\n\t<meta name=\"twitter:data1\" content=\"StarsIsland\" \/>\n\t<meta name=\"twitter:label2\" content=\"Est. reading time\" \/>\n\t<meta name=\"twitter:data2\" content=\"4 minutes\" \/>\n<script type=\"application\/ld+json\" class=\"yoast-schema-graph\">{\"@context\":\"https:\/\/schema.org\",\"@graph\":[{\"@type\":\"Article\",\"@id\":\"https:\/\/www.starsislandlapalma.es\/en\/astrofest-vuelve-a-reivindicar-a-la-palma-como-isla-de-referencia-internacional-para-la-astronomia-la-astrofisica-y-el-astroturismo\/#article\",\"isPartOf\":{\"@id\":\"https:\/\/www.starsislandlapalma.es\/en\/astrofest-vuelve-a-reivindicar-a-la-palma-como-isla-de-referencia-internacional-para-la-astronomia-la-astrofisica-y-el-astroturismo\/\"},\"author\":{\"name\":\"StarsIsland\",\"@id\":\"https:\/\/www.starsislandlapalma.es\/#\/schema\/person\/d2618b46c3dc5c031ddd56a658f9ab25\"},\"headline\":\"\u2018Astrofest\u2019 vuelve a reivindicar a La Palma como isla de referencia internacional para la astronom\u00eda, la astrof\u00edsica y el astroturismo\",\"datePublished\":\"2020-07-29T13:51:22+00:00\",\"dateModified\":\"2021-05-25T14:08:31+00:00\",\"mainEntityOfPage\":{\"@id\":\"https:\/\/www.starsislandlapalma.es\/en\/astrofest-vuelve-a-reivindicar-a-la-palma-como-isla-de-referencia-internacional-para-la-astronomia-la-astrofisica-y-el-astroturismo\/\"},\"wordCount\":846,\"commentCount\":0,\"publisher\":{\"@id\":\"https:\/\/www.starsislandlapalma.es\/#organization\"},\"image\":{\"@id\":\"https:\/\/www.starsislandlapalma.es\/en\/astrofest-vuelve-a-reivindicar-a-la-palma-como-isla-de-referencia-internacional-para-la-astronomia-la-astrofisica-y-el-astroturismo\/#primaryimage\"},\"thumbnailUrl\":\"https:\/\/www.starsislandlapalma.es\/wp-content\/uploads\/2020\/07\/CARTEL2020-ASTRO.jpg\",\"articleSection\":[\"Events\",\"News\"],\"inLanguage\":\"en-US\",\"potentialAction\":[{\"@type\":\"CommentAction\",\"name\":\"Comment\",\"target\":[\"https:\/\/www.starsislandlapalma.es\/en\/astrofest-vuelve-a-reivindicar-a-la-palma-como-isla-de-referencia-internacional-para-la-astronomia-la-astrofisica-y-el-astroturismo\/#respond\"]}]},{\"@type\":\"WebPage\",\"@id\":\"https:\/\/www.starsislandlapalma.es\/en\/astrofest-vuelve-a-reivindicar-a-la-palma-como-isla-de-referencia-internacional-para-la-astronomia-la-astrofisica-y-el-astroturismo\/\",\"url\":\"https:\/\/www.starsislandlapalma.es\/en\/astrofest-vuelve-a-reivindicar-a-la-palma-como-isla-de-referencia-internacional-para-la-astronomia-la-astrofisica-y-el-astroturismo\/\",\"name\":\"\u2018Astrofest\u2019 vuelve a reivindicar a La Palma como isla de referencia internacional para la astronom\u00eda, la astrof\u00edsica y el astroturismo &#8902; Stars Island La Palma\",\"isPartOf\":{\"@id\":\"https:\/\/www.starsislandlapalma.es\/#website\"},\"primaryImageOfPage\":{\"@id\":\"https:\/\/www.starsislandlapalma.es\/en\/astrofest-vuelve-a-reivindicar-a-la-palma-como-isla-de-referencia-internacional-para-la-astronomia-la-astrofisica-y-el-astroturismo\/#primaryimage\"},\"image\":{\"@id\":\"https:\/\/www.starsislandlapalma.es\/en\/astrofest-vuelve-a-reivindicar-a-la-palma-como-isla-de-referencia-internacional-para-la-astronomia-la-astrofisica-y-el-astroturismo\/#primaryimage\"},\"thumbnailUrl\":\"https:\/\/www.starsislandlapalma.es\/wp-content\/uploads\/2020\/07\/CARTEL2020-ASTRO.jpg\",\"datePublished\":\"2020-07-29T13:51:22+00:00\",\"dateModified\":\"2021-05-25T14:08:31+00:00\",\"breadcrumb\":{\"@id\":\"https:\/\/www.starsislandlapalma.es\/en\/astrofest-vuelve-a-reivindicar-a-la-palma-como-isla-de-referencia-internacional-para-la-astronomia-la-astrofisica-y-el-astroturismo\/#breadcrumb\"},\"inLanguage\":\"en-US\",\"potentialAction\":[{\"@type\":\"ReadAction\",\"target\":[\"https:\/\/www.starsislandlapalma.es\/en\/astrofest-vuelve-a-reivindicar-a-la-palma-como-isla-de-referencia-internacional-para-la-astronomia-la-astrofisica-y-el-astroturismo\/\"]}]},{\"@type\":\"ImageObject\",\"inLanguage\":\"en-US\",\"@id\":\"https:\/\/www.starsislandlapalma.es\/en\/astrofest-vuelve-a-reivindicar-a-la-palma-como-isla-de-referencia-internacional-para-la-astronomia-la-astrofisica-y-el-astroturismo\/#primaryimage\",\"url\":\"https:\/\/www.starsislandlapalma.es\/wp-content\/uploads\/2020\/07\/CARTEL2020-ASTRO.jpg\",\"contentUrl\":\"https:\/\/www.starsislandlapalma.es\/wp-content\/uploads\/2020\/07\/CARTEL2020-ASTRO.jpg\",\"width\":1400,\"height\":967},{\"@type\":\"BreadcrumbList\",\"@id\":\"https:\/\/www.starsislandlapalma.es\/en\/astrofest-vuelve-a-reivindicar-a-la-palma-como-isla-de-referencia-internacional-para-la-astronomia-la-astrofisica-y-el-astroturismo\/#breadcrumb\",\"itemListElement\":[{\"@type\":\"ListItem\",\"position\":1,\"name\":\"Portada\",\"item\":\"https:\/\/www.starsislandlapalma.es\/en\/\"},{\"@type\":\"ListItem\",\"position\":2,\"name\":\"\u2018Astrofest\u2019 vuelve a reivindicar a La Palma como isla de referencia internacional para la astronom\u00eda, la astrof\u00edsica y el astroturismo\"}]},{\"@type\":\"WebSite\",\"@id\":\"https:\/\/www.starsislandlapalma.es\/#website\",\"url\":\"https:\/\/www.starsislandlapalma.es\/\",\"name\":\"Stars Island La Palma\",\"description\":\"La Palma, el lugar perfecto para disfrutar del universo. Primera Reserva Starlight del mundo, en 2012 se reconoce como Destino Tur\u00edstico Starlight\",\"publisher\":{\"@id\":\"https:\/\/www.starsislandlapalma.es\/#organization\"},\"potentialAction\":[{\"@type\":\"SearchAction\",\"target\":{\"@type\":\"EntryPoint\",\"urlTemplate\":\"https:\/\/www.starsislandlapalma.es\/?s={search_term_string}\"},\"query-input\":{\"@type\":\"PropertyValueSpecification\",\"valueRequired\":true,\"valueName\":\"search_term_string\"}}],\"inLanguage\":\"en-US\"},{\"@type\":\"Organization\",\"@id\":\"https:\/\/www.starsislandlapalma.es\/#organization\",\"name\":\"Star Island La Palma\",\"url\":\"https:\/\/www.starsislandlapalma.es\/\",\"logo\":{\"@type\":\"ImageObject\",\"inLanguage\":\"en-US\",\"@id\":\"https:\/\/www.starsislandlapalma.es\/#\/schema\/logo\/image\/\",\"url\":\"https:\/\/www.starsislandlapalma.es\/wp-content\/uploads\/2022\/01\/logo_starisland.png\",\"contentUrl\":\"https:\/\/www.starsislandlapalma.es\/wp-content\/uploads\/2022\/01\/logo_starisland.png\",\"width\":172,\"height\":139,\"caption\":\"Star Island La Palma\"},\"image\":{\"@id\":\"https:\/\/www.starsislandlapalma.es\/#\/schema\/logo\/image\/\"},\"sameAs\":[\"https:\/\/www.facebook.com\/pages\/Starsisland-La-Palma\/210888162375006?ref=hl\",\"https:\/\/x.com\/starsislandlapa\",\"https:\/\/www.pinterest.com\/astroturismo\/\",\"https:\/\/www.youtube.com\/channel\/UCV7sju1ggcBpJG39HQCBtsA\"]},{\"@type\":\"Person\",\"@id\":\"https:\/\/www.starsislandlapalma.es\/#\/schema\/person\/d2618b46c3dc5c031ddd56a658f9ab25\",\"name\":\"StarsIsland\",\"image\":{\"@type\":\"ImageObject\",\"inLanguage\":\"en-US\",\"@id\":\"https:\/\/www.starsislandlapalma.es\/#\/schema\/person\/image\/\",\"url\":\"https:\/\/secure.gravatar.com\/avatar\/30a35f2b7b8f976566433f1ab7d6402f?s=96&d=mm&r=g\",\"contentUrl\":\"https:\/\/secure.gravatar.com\/avatar\/30a35f2b7b8f976566433f1ab7d6402f?s=96&d=mm&r=g\",\"caption\":\"StarsIsland\"},\"url\":\"https:\/\/www.starsislandlapalma.es\/en\/author\/starsisland\/\"}]}<\/script>\n<!-- \/ Yoast SEO plugin. -->","yoast_head_json":{"title":"\u2018Astrofest\u2019 vuelve a reivindicar a La Palma como isla de referencia internacional para la astronom\u00eda, la astrof\u00edsica y el astroturismo &#8902; Stars Island La Palma","robots":{"index":"index","follow":"follow","max-snippet":"max-snippet:-1","max-image-preview":"max-image-preview:large","max-video-preview":"max-video-preview:-1"},"canonical":"https:\/\/www.starsislandlapalma.es\/en\/astrofest-vuelve-a-reivindicar-a-la-palma-como-isla-de-referencia-internacional-para-la-astronomia-la-astrofisica-y-el-astroturismo\/","og_locale":"en_US","og_type":"article","og_title":"\u2018Astrofest\u2019 vuelve a reivindicar a La Palma como isla de referencia internacional para la astronom\u00eda, la astrof\u00edsica y el astroturismo &#8902; Stars Island La Palma","og_description":"El consejero Ra\u00fal Camacho present\u00f3 este festival de eventos que acerca a la poblaci\u00f3n a las posibilidades de disfrute del cielo y las estrellas El calendario de actos se extiende hasta finales de octubre e incluye la conocida cita cultural \u2018Apaga la luz y enciende...","og_url":"https:\/\/www.starsislandlapalma.es\/en\/astrofest-vuelve-a-reivindicar-a-la-palma-como-isla-de-referencia-internacional-para-la-astronomia-la-astrofisica-y-el-astroturismo\/","og_site_name":"Stars Island La Palma","article_publisher":"https:\/\/www.facebook.com\/pages\/Starsisland-La-Palma\/210888162375006?ref=hl","article_published_time":"2020-07-29T13:51:22+00:00","article_modified_time":"2021-05-25T14:08:31+00:00","og_image":[{"width":1400,"height":967,"url":"https:\/\/www.starsislandlapalma.es\/wp-content\/uploads\/2020\/07\/CARTEL2020-ASTRO.jpg","type":"image\/jpeg"}],"author":"StarsIsland","twitter_misc":{"Written by":"StarsIsland","Est. reading time":"4 minutes"},"schema":{"@context":"https:\/\/schema.org","@graph":[{"@type":"Article","@id":"https:\/\/www.starsislandlapalma.es\/en\/astrofest-vuelve-a-reivindicar-a-la-palma-como-isla-de-referencia-internacional-para-la-astronomia-la-astrofisica-y-el-astroturismo\/#article","isPartOf":{"@id":"https:\/\/www.starsislandlapalma.es\/en\/astrofest-vuelve-a-reivindicar-a-la-palma-como-isla-de-referencia-internacional-para-la-astronomia-la-astrofisica-y-el-astroturismo\/"},"author":{"name":"StarsIsland","@id":"https:\/\/www.starsislandlapalma.es\/#\/schema\/person\/d2618b46c3dc5c031ddd56a658f9ab25"},"headline":"\u2018Astrofest\u2019 vuelve a reivindicar a La Palma como isla de referencia internacional para la astronom\u00eda, la astrof\u00edsica y el astroturismo","datePublished":"2020-07-29T13:51:22+00:00","dateModified":"2021-05-25T14:08:31+00:00","mainEntityOfPage":{"@id":"https:\/\/www.starsislandlapalma.es\/en\/astrofest-vuelve-a-reivindicar-a-la-palma-como-isla-de-referencia-internacional-para-la-astronomia-la-astrofisica-y-el-astroturismo\/"},"wordCount":846,"commentCount":0,"publisher":{"@id":"https:\/\/www.starsislandlapalma.es\/#organization"},"image":{"@id":"https:\/\/www.starsislandlapalma.es\/en\/astrofest-vuelve-a-reivindicar-a-la-palma-como-isla-de-referencia-internacional-para-la-astronomia-la-astrofisica-y-el-astroturismo\/#primaryimage"},"thumbnailUrl":"https:\/\/www.starsislandlapalma.es\/wp-content\/uploads\/2020\/07\/CARTEL2020-ASTRO.jpg","articleSection":["Events","News"],"inLanguage":"en-US","potentialAction":[{"@type":"CommentAction","name":"Comment","target":["https:\/\/www.starsislandlapalma.es\/en\/astrofest-vuelve-a-reivindicar-a-la-palma-como-isla-de-referencia-internacional-para-la-astronomia-la-astrofisica-y-el-astroturismo\/#respond"]}]},{"@type":"WebPage","@id":"https:\/\/www.starsislandlapalma.es\/en\/astrofest-vuelve-a-reivindicar-a-la-palma-como-isla-de-referencia-internacional-para-la-astronomia-la-astrofisica-y-el-astroturismo\/","url":"https:\/\/www.starsislandlapalma.es\/en\/astrofest-vuelve-a-reivindicar-a-la-palma-como-isla-de-referencia-internacional-para-la-astronomia-la-astrofisica-y-el-astroturismo\/","name":"\u2018Astrofest\u2019 vuelve a reivindicar a La Palma como isla de referencia internacional para la astronom\u00eda, la astrof\u00edsica y el astroturismo &#8902; Stars Island La Palma","isPartOf":{"@id":"https:\/\/www.starsislandlapalma.es\/#website"},"primaryImageOfPage":{"@id":"https:\/\/www.starsislandlapalma.es\/en\/astrofest-vuelve-a-reivindicar-a-la-palma-como-isla-de-referencia-internacional-para-la-astronomia-la-astrofisica-y-el-astroturismo\/#primaryimage"},"image":{"@id":"https:\/\/www.starsislandlapalma.es\/en\/astrofest-vuelve-a-reivindicar-a-la-palma-como-isla-de-referencia-internacional-para-la-astronomia-la-astrofisica-y-el-astroturismo\/#primaryimage"},"thumbnailUrl":"https:\/\/www.starsislandlapalma.es\/wp-content\/uploads\/2020\/07\/CARTEL2020-ASTRO.jpg","datePublished":"2020-07-29T13:51:22+00:00","dateModified":"2021-05-25T14:08:31+00:00","breadcrumb":{"@id":"https:\/\/www.starsislandlapalma.es\/en\/astrofest-vuelve-a-reivindicar-a-la-palma-como-isla-de-referencia-internacional-para-la-astronomia-la-astrofisica-y-el-astroturismo\/#breadcrumb"},"inLanguage":"en-US","potentialAction":[{"@type":"ReadAction","target":["https:\/\/www.starsislandlapalma.es\/en\/astrofest-vuelve-a-reivindicar-a-la-palma-como-isla-de-referencia-internacional-para-la-astronomia-la-astrofisica-y-el-astroturismo\/"]}]},{"@type":"ImageObject","inLanguage":"en-US","@id":"https:\/\/www.starsislandlapalma.es\/en\/astrofest-vuelve-a-reivindicar-a-la-palma-como-isla-de-referencia-internacional-para-la-astronomia-la-astrofisica-y-el-astroturismo\/#primaryimage","url":"https:\/\/www.starsislandlapalma.es\/wp-content\/uploads\/2020\/07\/CARTEL2020-ASTRO.jpg","contentUrl":"https:\/\/www.starsislandlapalma.es\/wp-content\/uploads\/2020\/07\/CARTEL2020-ASTRO.jpg","width":1400,"height":967},{"@type":"BreadcrumbList","@id":"https:\/\/www.starsislandlapalma.es\/en\/astrofest-vuelve-a-reivindicar-a-la-palma-como-isla-de-referencia-internacional-para-la-astronomia-la-astrofisica-y-el-astroturismo\/#breadcrumb","itemListElement":[{"@type":"ListItem","position":1,"name":"Portada","item":"https:\/\/www.starsislandlapalma.es\/en\/"},{"@type":"ListItem","position":2,"name":"\u2018Astrofest\u2019 vuelve a reivindicar a La Palma como isla de referencia internacional para la astronom\u00eda, la astrof\u00edsica y el astroturismo"}]},{"@type":"WebSite","@id":"https:\/\/www.starsislandlapalma.es\/#website","url":"https:\/\/www.starsislandlapalma.es\/","name":"Stars Island La Palma","description":"La Palma, el lugar perfecto para disfrutar del universo. Primera Reserva Starlight del mundo, en 2012 se reconoce como Destino Tur\u00edstico Starlight","publisher":{"@id":"https:\/\/www.starsislandlapalma.es\/#organization"},"potentialAction":[{"@type":"SearchAction","target":{"@type":"EntryPoint","urlTemplate":"https:\/\/www.starsislandlapalma.es\/?s={search_term_string}"},"query-input":{"@type":"PropertyValueSpecification","valueRequired":true,"valueName":"search_term_string"}}],"inLanguage":"en-US"},{"@type":"Organization","@id":"https:\/\/www.starsislandlapalma.es\/#organization","name":"Star Island La Palma","url":"https:\/\/www.starsislandlapalma.es\/","logo":{"@type":"ImageObject","inLanguage":"en-US","@id":"https:\/\/www.starsislandlapalma.es\/#\/schema\/logo\/image\/","url":"https:\/\/www.starsislandlapalma.es\/wp-content\/uploads\/2022\/01\/logo_starisland.png","contentUrl":"https:\/\/www.starsislandlapalma.es\/wp-content\/uploads\/2022\/01\/logo_starisland.png","width":172,"height":139,"caption":"Star Island La Palma"},"image":{"@id":"https:\/\/www.starsislandlapalma.es\/#\/schema\/logo\/image\/"},"sameAs":["https:\/\/www.facebook.com\/pages\/Starsisland-La-Palma\/210888162375006?ref=hl","https:\/\/x.com\/starsislandlapa","https:\/\/www.pinterest.com\/astroturismo\/","https:\/\/www.youtube.com\/channel\/UCV7sju1ggcBpJG39HQCBtsA"]},{"@type":"Person","@id":"https:\/\/www.starsislandlapalma.es\/#\/schema\/person\/d2618b46c3dc5c031ddd56a658f9ab25","name":"StarsIsland","image":{"@type":"ImageObject","inLanguage":"en-US","@id":"https:\/\/www.starsislandlapalma.es\/#\/schema\/person\/image\/","url":"https:\/\/secure.gravatar.com\/avatar\/30a35f2b7b8f976566433f1ab7d6402f?s=96&d=mm&r=g","contentUrl":"https:\/\/secure.gravatar.com\/avatar\/30a35f2b7b8f976566433f1ab7d6402f?s=96&d=mm&r=g","caption":"StarsIsland"},"url":"https:\/\/www.starsislandlapalma.es\/en\/author\/starsisland\/"}]}},"_links":{"self":[{"href":"https:\/\/www.starsislandlapalma.es\/en\/wp-json\/wp\/v2\/posts\/22575\/"}],"collection":[{"href":"https:\/\/www.starsislandlapalma.es\/en\/wp-json\/wp\/v2\/posts\/"}],"about":[{"href":"https:\/\/www.starsislandlapalma.es\/en\/wp-json\/wp\/v2\/types\/post\/"}],"author":[{"embeddable":true,"href":"https:\/\/www.starsislandlapalma.es\/en\/wp-json\/wp\/v2\/users\/4\/"}],"replies":[{"embeddable":true,"href":"https:\/\/www.starsislandlapalma.es\/en\/wp-json\/wp\/v2\/comments\/?post=22575"}],"version-history":[{"count":0,"href":"https:\/\/www.starsislandlapalma.es\/en\/wp-json\/wp\/v2\/posts\/22575\/revisions\/"}],"wp:featuredmedia":[{"embeddable":true,"href":"https:\/\/www.starsislandlapalma.es\/en\/wp-json\/wp\/v2\/media\/21589\/"}],"wp:attachment":[{"href":"https:\/\/www.starsislandlapalma.es\/en\/wp-json\/wp\/v2\/media\/?parent=22575"}],"wp:term":[{"taxonomy":"category","embeddable":true,"href":"https:\/\/www.starsislandlapalma.es\/en\/wp-json\/wp\/v2\/categories\/?post=22575"},{"taxonomy":"post_tag","embeddable":true,"href":"https:\/\/www.starsislandlapalma.es\/en\/wp-json\/wp\/v2\/tags\/?post=22575"}],"curies":[{"name":"wp","href":"https:\/\/api.w.org\/{rel}","templated":true}]}}