{"id":22719,"date":"2016-08-29T10:22:28","date_gmt":"2016-08-29T10:22:28","guid":{"rendered":"https:\/\/www.starsislandlapalma.es\/la-palma-representara-a-espana-en-el-primer-seminario-internacional-de-astroturismo-que-se-celebrara-en-chile\/"},"modified":"2021-05-25T14:15:01","modified_gmt":"2021-05-25T14:15:01","slug":"la-palma-representara-a-espana-en-el-primer-seminario-internacional-de-astroturismo-que-se-celebrara-en-chile","status":"publish","type":"post","link":"https:\/\/www.starsislandlapalma.es\/en\/la-palma-representara-a-espana-en-el-primer-seminario-internacional-de-astroturismo-que-se-celebrara-en-chile\/","title":{"rendered":"La Palma representar\u00e1 a Espa\u00f1a en el primer Seminario Internacional de Astroturismo que se celebrar\u00e1 en Chile"},"content":{"rendered":"<p style=\"text-align: center;\"><em>El Cabildo tendr\u00e1 una presencia muy destacada en el encuentro que se celebra en Coquimbo, regi\u00f3n del pa\u00eds andino con la que la Isla mantiene un convenio de colaboraci\u00f3n en materia de astroturismo<\/em><\/p>\n<p>&nbsp;<\/p>\n<p style=\"text-align: justify;\">La Isla de La Palma tendr\u00e1 una nueva oportunidad de dar a conocer su destacado posicionamiento en el segmento tur\u00edstico del astroturismo con motivo de su presencia en el primer Seminario Internacional de Astroturismo que se celebrar\u00e1 en la regi\u00f3n de Coquimbo, en Chile, y en el que la Isla ser\u00e1 la representante de Espa\u00f1a.<\/p>\n<p style=\"text-align: justify;\">La consejera de Turismo del Cabildo de La Palma, Alicia Vanoostende, se\u00f1ala que la jefa de secci\u00f3n de asuntos generales del Servicio de Turismo del Cabildo, Ana Casta\u00f1eda, y el profesor de Turismo de la Universidad de La Laguna y auditor Starlight, Carlos Fern\u00e1ndez, acudir\u00e1n al pa\u00eds andino no s\u00f3lo para ofrecer las primeras conferencias del primer panel del seminario, sino tambi\u00e9n para mantener una reuni\u00f3n de trabajo para \u00a0planificar la implementaci\u00f3n y desarrollo de las l\u00edneas de trabajo conjuntas que se recogen en el convenio suscrito entre La Palma y Coquimbo en materia de astroturismo.<\/p>\n<p style=\"text-align: justify;\">Alicia Vanoostende recuerda que en La Palma ya se han celebrado dos conferencias internacionales de astroturismo en las que Chile ha estado representado. \u201cTanto los convenios con otras zonas o regiones como los encuentros que hemos propiciado en La Palma dan cuenta del compromiso del Cabildo con este segmento tur\u00edstico que tan buenas experiencias ha reportado al turismo en La Palma, a empresas de nuestra Isla y a los visitantes que han encontrado en La Palma un inmejorable destino de estrellas, \u00fanico en todo el hemisferio norte. Ahora es el momento de que La Palma tambi\u00e9n demuestre su potencial a nivel internacional y siga intercambiando experiencias con Coquimbo, en Chile, como nuestro principal aliado y compa\u00f1ero de experiencias en el astroturismo en el hemisferio sur\u201d, se\u00f1ala Alicia Vanoostende.<\/p>\n<p style=\"text-align: justify;\">El pr\u00f3ximo 5 de septiembre, la referida t\u00e9cnico de Turismo del Cabildo mantendr\u00e1 una reuni\u00f3n con varios representantes en distintos sectores de la regi\u00f3n de Coquimbo para planificar la puesta en marcha y desarrollo de l\u00edneas de trabajo conjuntas que se recogen en el convenio que esa regi\u00f3n mantiene con La Palma. Asistir\u00e1n a este encuentro la encargada de marketing del Servicio Nacional de Turismo en esa regi\u00f3n, as\u00ed como representantes de la Unidad Regional de Asuntos Internacionales, de Planificaci\u00f3n, de la Corporaci\u00f3n de Fomento y de la Corporaci\u00f3n Regional de Desarrollo Productivo de Coquimbo.<\/p>\n<p style=\"text-align: justify;\"><img decoding=\"async\" class=\"size-full wp-image-20604 aligncenter\" src=\"http:\/\/www.starsislandlapalma.es\/wp-content\/uploads\/2016\/08\/280915-Convenio-Coquimbo-2.jpg\" alt=\"280915-Convenio-Coquimbo-2\" width=\"1024\" height=\"768\" srcset=\"https:\/\/www.starsislandlapalma.es\/wp-content\/uploads\/2016\/08\/280915-Convenio-Coquimbo-2.jpg 1024w, https:\/\/www.starsislandlapalma.es\/wp-content\/uploads\/2016\/08\/280915-Convenio-Coquimbo-2-300x225.jpg 300w, https:\/\/www.starsislandlapalma.es\/wp-content\/uploads\/2016\/08\/280915-Convenio-Coquimbo-2-768x576.jpg 768w\" sizes=\"(max-width: 1024px) 100vw, 1024px\" \/><\/p>\n<p style=\"text-align: justify;\">En cuanto al Seminario Internacional de Astroturismo de Chile, que se celebrar\u00e1 el 8 y 9 de septiembre, la representante del Cabildo abrir\u00e1 el primer panel de conferencias con una charla acerca de <em>La experiencia del destino La Palma en materia astrotur\u00edstica, desde la perspectiva p\u00fablica<\/em>, y le seguir\u00e1 la ponencia del tambi\u00e9n palmero, gu\u00eda y auditor <em>Starlight <\/em>y profesor de Turismo de la ULL, Carlos Fern\u00e1ndez, que abordar\u00e1 la experiencia de La Palma en astroturismo desde la perspectiva privada.<\/p>\n","protected":false},"excerpt":{"rendered":"<p>El Cabildo tendr\u00e1 una presencia muy destacada en el encuentro que se celebra en Coquimbo, regi\u00f3n del pa\u00eds andino con la que la Isla mantiene un convenio de colaboraci\u00f3n en materia de astroturismo &nbsp; La Isla de La Palma tendr\u00e1 una nueva oportunidad de dar&#8230;<\/p>\n","protected":false},"author":1,"featured_media":22721,"comment_status":"open","ping_status":"open","sticky":false,"template":"","format":"standard","meta":{"footnotes":""},"categories":[136],"tags":[292,160,712],"yoast_head":"<!-- This site is optimized with the Yoast SEO plugin v24.5 - https:\/\/yoast.com\/wordpress\/plugins\/seo\/ -->\n<title>La Palma representar\u00e1 a Espa\u00f1a en el primer Seminario Internacional de Astroturismo que se celebrar\u00e1 en Chile &#8902; Stars Island La Palma<\/title>\n<meta name=\"robots\" content=\"index, follow, max-snippet:-1, max-image-preview:large, max-video-preview:-1\" \/>\n<link rel=\"canonical\" href=\"https:\/\/www.starsislandlapalma.es\/en\/la-palma-representara-a-espana-en-el-primer-seminario-internacional-de-astroturismo-que-se-celebrara-en-chile\/\" \/>\n<meta property=\"og:locale\" content=\"en_US\" \/>\n<meta property=\"og:type\" content=\"article\" \/>\n<meta property=\"og:title\" content=\"La Palma representar\u00e1 a Espa\u00f1a en el primer Seminario Internacional de Astroturismo que se celebrar\u00e1 en Chile &#8902; Stars Island La Palma\" \/>\n<meta property=\"og:description\" content=\"El Cabildo tendr\u00e1 una presencia muy destacada en el encuentro que se celebra en Coquimbo, regi\u00f3n del pa\u00eds andino con la que la Isla mantiene un convenio de colaboraci\u00f3n en materia de astroturismo &nbsp; La Isla de La Palma tendr\u00e1 una nueva oportunidad de dar...\" \/>\n<meta property=\"og:url\" content=\"https:\/\/www.starsislandlapalma.es\/en\/la-palma-representara-a-espana-en-el-primer-seminario-internacional-de-astroturismo-que-se-celebrara-en-chile\/\" \/>\n<meta property=\"og:site_name\" content=\"Stars Island La Palma\" \/>\n<meta property=\"article:publisher\" content=\"https:\/\/www.facebook.com\/pages\/Starsisland-La-Palma\/210888162375006?ref=hl\" \/>\n<meta property=\"article:published_time\" content=\"2016-08-29T10:22:28+00:00\" \/>\n<meta property=\"article:modified_time\" content=\"2021-05-25T14:15:01+00:00\" \/>\n<meta property=\"og:image\" content=\"https:\/\/www.starsislandlapalma.es\/wp-content\/uploads\/2016\/08\/210116-Reunion-FITUR-Astroturismo-Coquimbo-Chile-1.jpg\" \/>\n\t<meta property=\"og:image:width\" content=\"1024\" \/>\n\t<meta property=\"og:image:height\" content=\"576\" \/>\n\t<meta property=\"og:image:type\" content=\"image\/jpeg\" \/>\n<meta name=\"author\" content=\"Stars Island La Palma\" \/>\n<meta name=\"twitter:label1\" content=\"Written by\" \/>\n\t<meta name=\"twitter:data1\" content=\"Stars Island La Palma\" \/>\n\t<meta name=\"twitter:label2\" content=\"Est. reading time\" \/>\n\t<meta name=\"twitter:data2\" content=\"3 minutes\" \/>\n<script type=\"application\/ld+json\" class=\"yoast-schema-graph\">{\"@context\":\"https:\/\/schema.org\",\"@graph\":[{\"@type\":\"Article\",\"@id\":\"https:\/\/www.starsislandlapalma.es\/en\/la-palma-representara-a-espana-en-el-primer-seminario-internacional-de-astroturismo-que-se-celebrara-en-chile\/#article\",\"isPartOf\":{\"@id\":\"https:\/\/www.starsislandlapalma.es\/en\/la-palma-representara-a-espana-en-el-primer-seminario-internacional-de-astroturismo-que-se-celebrara-en-chile\/\"},\"author\":{\"name\":\"Stars Island La Palma\",\"@id\":\"https:\/\/www.starsislandlapalma.es\/#\/schema\/person\/9043f5bd4f379ca7532bf525fa88073b\"},\"headline\":\"La Palma representar\u00e1 a Espa\u00f1a en el primer Seminario Internacional de Astroturismo que se celebrar\u00e1 en Chile\",\"datePublished\":\"2016-08-29T10:22:28+00:00\",\"dateModified\":\"2021-05-25T14:15:01+00:00\",\"mainEntityOfPage\":{\"@id\":\"https:\/\/www.starsislandlapalma.es\/en\/la-palma-representara-a-espana-en-el-primer-seminario-internacional-de-astroturismo-que-se-celebrara-en-chile\/\"},\"wordCount\":540,\"commentCount\":0,\"publisher\":{\"@id\":\"https:\/\/www.starsislandlapalma.es\/#organization\"},\"image\":{\"@id\":\"https:\/\/www.starsislandlapalma.es\/en\/la-palma-representara-a-espana-en-el-primer-seminario-internacional-de-astroturismo-que-se-celebrara-en-chile\/#primaryimage\"},\"thumbnailUrl\":\"https:\/\/www.starsislandlapalma.es\/wp-content\/uploads\/2016\/08\/210116-Reunion-FITUR-Astroturismo-Coquimbo-Chile-1.jpg\",\"keywords\":[\"Cabildo de La Palma\",\"la palma\",\"Seminario Internacional de Astroturismo de Chile\"],\"articleSection\":[\"News\"],\"inLanguage\":\"en-US\",\"potentialAction\":[{\"@type\":\"CommentAction\",\"name\":\"Comment\",\"target\":[\"https:\/\/www.starsislandlapalma.es\/en\/la-palma-representara-a-espana-en-el-primer-seminario-internacional-de-astroturismo-que-se-celebrara-en-chile\/#respond\"]}]},{\"@type\":\"WebPage\",\"@id\":\"https:\/\/www.starsislandlapalma.es\/en\/la-palma-representara-a-espana-en-el-primer-seminario-internacional-de-astroturismo-que-se-celebrara-en-chile\/\",\"url\":\"https:\/\/www.starsislandlapalma.es\/en\/la-palma-representara-a-espana-en-el-primer-seminario-internacional-de-astroturismo-que-se-celebrara-en-chile\/\",\"name\":\"La Palma representar\u00e1 a Espa\u00f1a en el primer Seminario Internacional de Astroturismo que se celebrar\u00e1 en Chile &#8902; Stars Island La Palma\",\"isPartOf\":{\"@id\":\"https:\/\/www.starsislandlapalma.es\/#website\"},\"primaryImageOfPage\":{\"@id\":\"https:\/\/www.starsislandlapalma.es\/en\/la-palma-representara-a-espana-en-el-primer-seminario-internacional-de-astroturismo-que-se-celebrara-en-chile\/#primaryimage\"},\"image\":{\"@id\":\"https:\/\/www.starsislandlapalma.es\/en\/la-palma-representara-a-espana-en-el-primer-seminario-internacional-de-astroturismo-que-se-celebrara-en-chile\/#primaryimage\"},\"thumbnailUrl\":\"https:\/\/www.starsislandlapalma.es\/wp-content\/uploads\/2016\/08\/210116-Reunion-FITUR-Astroturismo-Coquimbo-Chile-1.jpg\",\"datePublished\":\"2016-08-29T10:22:28+00:00\",\"dateModified\":\"2021-05-25T14:15:01+00:00\",\"breadcrumb\":{\"@id\":\"https:\/\/www.starsislandlapalma.es\/en\/la-palma-representara-a-espana-en-el-primer-seminario-internacional-de-astroturismo-que-se-celebrara-en-chile\/#breadcrumb\"},\"inLanguage\":\"en-US\",\"potentialAction\":[{\"@type\":\"ReadAction\",\"target\":[\"https:\/\/www.starsislandlapalma.es\/en\/la-palma-representara-a-espana-en-el-primer-seminario-internacional-de-astroturismo-que-se-celebrara-en-chile\/\"]}]},{\"@type\":\"ImageObject\",\"inLanguage\":\"en-US\",\"@id\":\"https:\/\/www.starsislandlapalma.es\/en\/la-palma-representara-a-espana-en-el-primer-seminario-internacional-de-astroturismo-que-se-celebrara-en-chile\/#primaryimage\",\"url\":\"https:\/\/www.starsislandlapalma.es\/wp-content\/uploads\/2016\/08\/210116-Reunion-FITUR-Astroturismo-Coquimbo-Chile-1.jpg\",\"contentUrl\":\"https:\/\/www.starsislandlapalma.es\/wp-content\/uploads\/2016\/08\/210116-Reunion-FITUR-Astroturismo-Coquimbo-Chile-1.jpg\",\"width\":1024,\"height\":576},{\"@type\":\"BreadcrumbList\",\"@id\":\"https:\/\/www.starsislandlapalma.es\/en\/la-palma-representara-a-espana-en-el-primer-seminario-internacional-de-astroturismo-que-se-celebrara-en-chile\/#breadcrumb\",\"itemListElement\":[{\"@type\":\"ListItem\",\"position\":1,\"name\":\"Portada\",\"item\":\"https:\/\/www.starsislandlapalma.es\/en\/\"},{\"@type\":\"ListItem\",\"position\":2,\"name\":\"La Palma representar\u00e1 a Espa\u00f1a en el primer Seminario Internacional de Astroturismo que se celebrar\u00e1 en Chile\"}]},{\"@type\":\"WebSite\",\"@id\":\"https:\/\/www.starsislandlapalma.es\/#website\",\"url\":\"https:\/\/www.starsislandlapalma.es\/\",\"name\":\"Stars Island La Palma\",\"description\":\"La Palma, el lugar perfecto para disfrutar del universo. Primera Reserva Starlight del mundo, en 2012 se reconoce como Destino Tur\u00edstico Starlight\",\"publisher\":{\"@id\":\"https:\/\/www.starsislandlapalma.es\/#organization\"},\"potentialAction\":[{\"@type\":\"SearchAction\",\"target\":{\"@type\":\"EntryPoint\",\"urlTemplate\":\"https:\/\/www.starsislandlapalma.es\/?s={search_term_string}\"},\"query-input\":{\"@type\":\"PropertyValueSpecification\",\"valueRequired\":true,\"valueName\":\"search_term_string\"}}],\"inLanguage\":\"en-US\"},{\"@type\":\"Organization\",\"@id\":\"https:\/\/www.starsislandlapalma.es\/#organization\",\"name\":\"Star Island La Palma\",\"url\":\"https:\/\/www.starsislandlapalma.es\/\",\"logo\":{\"@type\":\"ImageObject\",\"inLanguage\":\"en-US\",\"@id\":\"https:\/\/www.starsislandlapalma.es\/#\/schema\/logo\/image\/\",\"url\":\"https:\/\/www.starsislandlapalma.es\/wp-content\/uploads\/2022\/01\/logo_starisland.png\",\"contentUrl\":\"https:\/\/www.starsislandlapalma.es\/wp-content\/uploads\/2022\/01\/logo_starisland.png\",\"width\":172,\"height\":139,\"caption\":\"Star Island La Palma\"},\"image\":{\"@id\":\"https:\/\/www.starsislandlapalma.es\/#\/schema\/logo\/image\/\"},\"sameAs\":[\"https:\/\/www.facebook.com\/pages\/Starsisland-La-Palma\/210888162375006?ref=hl\",\"https:\/\/x.com\/starsislandlapa\",\"https:\/\/www.pinterest.com\/astroturismo\/\",\"https:\/\/www.youtube.com\/channel\/UCV7sju1ggcBpJG39HQCBtsA\"]},{\"@type\":\"Person\",\"@id\":\"https:\/\/www.starsislandlapalma.es\/#\/schema\/person\/9043f5bd4f379ca7532bf525fa88073b\",\"name\":\"Stars Island La Palma\",\"image\":{\"@type\":\"ImageObject\",\"inLanguage\":\"en-US\",\"@id\":\"https:\/\/www.starsislandlapalma.es\/#\/schema\/person\/image\/\",\"url\":\"https:\/\/secure.gravatar.com\/avatar\/214edfeae37af83662fa1058aeebfb41?s=96&d=mm&r=g\",\"contentUrl\":\"https:\/\/secure.gravatar.com\/avatar\/214edfeae37af83662fa1058aeebfb41?s=96&d=mm&r=g\",\"caption\":\"Stars Island La Palma\"},\"url\":\"https:\/\/www.starsislandlapalma.es\/en\/author\/star\/\"}]}<\/script>\n<!-- \/ Yoast SEO plugin. -->","yoast_head_json":{"title":"La Palma representar\u00e1 a Espa\u00f1a en el primer Seminario Internacional de Astroturismo que se celebrar\u00e1 en Chile &#8902; Stars Island La Palma","robots":{"index":"index","follow":"follow","max-snippet":"max-snippet:-1","max-image-preview":"max-image-preview:large","max-video-preview":"max-video-preview:-1"},"canonical":"https:\/\/www.starsislandlapalma.es\/en\/la-palma-representara-a-espana-en-el-primer-seminario-internacional-de-astroturismo-que-se-celebrara-en-chile\/","og_locale":"en_US","og_type":"article","og_title":"La Palma representar\u00e1 a Espa\u00f1a en el primer Seminario Internacional de Astroturismo que se celebrar\u00e1 en Chile &#8902; Stars Island La Palma","og_description":"El Cabildo tendr\u00e1 una presencia muy destacada en el encuentro que se celebra en Coquimbo, regi\u00f3n del pa\u00eds andino con la que la Isla mantiene un convenio de colaboraci\u00f3n en materia de astroturismo &nbsp; La Isla de La Palma tendr\u00e1 una nueva oportunidad de dar...","og_url":"https:\/\/www.starsislandlapalma.es\/en\/la-palma-representara-a-espana-en-el-primer-seminario-internacional-de-astroturismo-que-se-celebrara-en-chile\/","og_site_name":"Stars Island La Palma","article_publisher":"https:\/\/www.facebook.com\/pages\/Starsisland-La-Palma\/210888162375006?ref=hl","article_published_time":"2016-08-29T10:22:28+00:00","article_modified_time":"2021-05-25T14:15:01+00:00","og_image":[{"width":1024,"height":576,"url":"https:\/\/www.starsislandlapalma.es\/wp-content\/uploads\/2016\/08\/210116-Reunion-FITUR-Astroturismo-Coquimbo-Chile-1.jpg","type":"image\/jpeg"}],"author":"Stars Island La Palma","twitter_misc":{"Written by":"Stars Island La Palma","Est. reading time":"3 minutes"},"schema":{"@context":"https:\/\/schema.org","@graph":[{"@type":"Article","@id":"https:\/\/www.starsislandlapalma.es\/en\/la-palma-representara-a-espana-en-el-primer-seminario-internacional-de-astroturismo-que-se-celebrara-en-chile\/#article","isPartOf":{"@id":"https:\/\/www.starsislandlapalma.es\/en\/la-palma-representara-a-espana-en-el-primer-seminario-internacional-de-astroturismo-que-se-celebrara-en-chile\/"},"author":{"name":"Stars Island La Palma","@id":"https:\/\/www.starsislandlapalma.es\/#\/schema\/person\/9043f5bd4f379ca7532bf525fa88073b"},"headline":"La Palma representar\u00e1 a Espa\u00f1a en el primer Seminario Internacional de Astroturismo que se celebrar\u00e1 en Chile","datePublished":"2016-08-29T10:22:28+00:00","dateModified":"2021-05-25T14:15:01+00:00","mainEntityOfPage":{"@id":"https:\/\/www.starsislandlapalma.es\/en\/la-palma-representara-a-espana-en-el-primer-seminario-internacional-de-astroturismo-que-se-celebrara-en-chile\/"},"wordCount":540,"commentCount":0,"publisher":{"@id":"https:\/\/www.starsislandlapalma.es\/#organization"},"image":{"@id":"https:\/\/www.starsislandlapalma.es\/en\/la-palma-representara-a-espana-en-el-primer-seminario-internacional-de-astroturismo-que-se-celebrara-en-chile\/#primaryimage"},"thumbnailUrl":"https:\/\/www.starsislandlapalma.es\/wp-content\/uploads\/2016\/08\/210116-Reunion-FITUR-Astroturismo-Coquimbo-Chile-1.jpg","keywords":["Cabildo de La Palma","la palma","Seminario Internacional de Astroturismo de Chile"],"articleSection":["News"],"inLanguage":"en-US","potentialAction":[{"@type":"CommentAction","name":"Comment","target":["https:\/\/www.starsislandlapalma.es\/en\/la-palma-representara-a-espana-en-el-primer-seminario-internacional-de-astroturismo-que-se-celebrara-en-chile\/#respond"]}]},{"@type":"WebPage","@id":"https:\/\/www.starsislandlapalma.es\/en\/la-palma-representara-a-espana-en-el-primer-seminario-internacional-de-astroturismo-que-se-celebrara-en-chile\/","url":"https:\/\/www.starsislandlapalma.es\/en\/la-palma-representara-a-espana-en-el-primer-seminario-internacional-de-astroturismo-que-se-celebrara-en-chile\/","name":"La Palma representar\u00e1 a Espa\u00f1a en el primer Seminario Internacional de Astroturismo que se celebrar\u00e1 en Chile &#8902; Stars Island La Palma","isPartOf":{"@id":"https:\/\/www.starsislandlapalma.es\/#website"},"primaryImageOfPage":{"@id":"https:\/\/www.starsislandlapalma.es\/en\/la-palma-representara-a-espana-en-el-primer-seminario-internacional-de-astroturismo-que-se-celebrara-en-chile\/#primaryimage"},"image":{"@id":"https:\/\/www.starsislandlapalma.es\/en\/la-palma-representara-a-espana-en-el-primer-seminario-internacional-de-astroturismo-que-se-celebrara-en-chile\/#primaryimage"},"thumbnailUrl":"https:\/\/www.starsislandlapalma.es\/wp-content\/uploads\/2016\/08\/210116-Reunion-FITUR-Astroturismo-Coquimbo-Chile-1.jpg","datePublished":"2016-08-29T10:22:28+00:00","dateModified":"2021-05-25T14:15:01+00:00","breadcrumb":{"@id":"https:\/\/www.starsislandlapalma.es\/en\/la-palma-representara-a-espana-en-el-primer-seminario-internacional-de-astroturismo-que-se-celebrara-en-chile\/#breadcrumb"},"inLanguage":"en-US","potentialAction":[{"@type":"ReadAction","target":["https:\/\/www.starsislandlapalma.es\/en\/la-palma-representara-a-espana-en-el-primer-seminario-internacional-de-astroturismo-que-se-celebrara-en-chile\/"]}]},{"@type":"ImageObject","inLanguage":"en-US","@id":"https:\/\/www.starsislandlapalma.es\/en\/la-palma-representara-a-espana-en-el-primer-seminario-internacional-de-astroturismo-que-se-celebrara-en-chile\/#primaryimage","url":"https:\/\/www.starsislandlapalma.es\/wp-content\/uploads\/2016\/08\/210116-Reunion-FITUR-Astroturismo-Coquimbo-Chile-1.jpg","contentUrl":"https:\/\/www.starsislandlapalma.es\/wp-content\/uploads\/2016\/08\/210116-Reunion-FITUR-Astroturismo-Coquimbo-Chile-1.jpg","width":1024,"height":576},{"@type":"BreadcrumbList","@id":"https:\/\/www.starsislandlapalma.es\/en\/la-palma-representara-a-espana-en-el-primer-seminario-internacional-de-astroturismo-que-se-celebrara-en-chile\/#breadcrumb","itemListElement":[{"@type":"ListItem","position":1,"name":"Portada","item":"https:\/\/www.starsislandlapalma.es\/en\/"},{"@type":"ListItem","position":2,"name":"La Palma representar\u00e1 a Espa\u00f1a en el primer Seminario Internacional de Astroturismo que se celebrar\u00e1 en Chile"}]},{"@type":"WebSite","@id":"https:\/\/www.starsislandlapalma.es\/#website","url":"https:\/\/www.starsislandlapalma.es\/","name":"Stars Island La Palma","description":"La Palma, el lugar perfecto para disfrutar del universo. Primera Reserva Starlight del mundo, en 2012 se reconoce como Destino Tur\u00edstico Starlight","publisher":{"@id":"https:\/\/www.starsislandlapalma.es\/#organization"},"potentialAction":[{"@type":"SearchAction","target":{"@type":"EntryPoint","urlTemplate":"https:\/\/www.starsislandlapalma.es\/?s={search_term_string}"},"query-input":{"@type":"PropertyValueSpecification","valueRequired":true,"valueName":"search_term_string"}}],"inLanguage":"en-US"},{"@type":"Organization","@id":"https:\/\/www.starsislandlapalma.es\/#organization","name":"Star Island La Palma","url":"https:\/\/www.starsislandlapalma.es\/","logo":{"@type":"ImageObject","inLanguage":"en-US","@id":"https:\/\/www.starsislandlapalma.es\/#\/schema\/logo\/image\/","url":"https:\/\/www.starsislandlapalma.es\/wp-content\/uploads\/2022\/01\/logo_starisland.png","contentUrl":"https:\/\/www.starsislandlapalma.es\/wp-content\/uploads\/2022\/01\/logo_starisland.png","width":172,"height":139,"caption":"Star Island La Palma"},"image":{"@id":"https:\/\/www.starsislandlapalma.es\/#\/schema\/logo\/image\/"},"sameAs":["https:\/\/www.facebook.com\/pages\/Starsisland-La-Palma\/210888162375006?ref=hl","https:\/\/x.com\/starsislandlapa","https:\/\/www.pinterest.com\/astroturismo\/","https:\/\/www.youtube.com\/channel\/UCV7sju1ggcBpJG39HQCBtsA"]},{"@type":"Person","@id":"https:\/\/www.starsislandlapalma.es\/#\/schema\/person\/9043f5bd4f379ca7532bf525fa88073b","name":"Stars Island La Palma","image":{"@type":"ImageObject","inLanguage":"en-US","@id":"https:\/\/www.starsislandlapalma.es\/#\/schema\/person\/image\/","url":"https:\/\/secure.gravatar.com\/avatar\/214edfeae37af83662fa1058aeebfb41?s=96&d=mm&r=g","contentUrl":"https:\/\/secure.gravatar.com\/avatar\/214edfeae37af83662fa1058aeebfb41?s=96&d=mm&r=g","caption":"Stars Island La Palma"},"url":"https:\/\/www.starsislandlapalma.es\/en\/author\/star\/"}]}},"_links":{"self":[{"href":"https:\/\/www.starsislandlapalma.es\/en\/wp-json\/wp\/v2\/posts\/22719\/"}],"collection":[{"href":"https:\/\/www.starsislandlapalma.es\/en\/wp-json\/wp\/v2\/posts\/"}],"about":[{"href":"https:\/\/www.starsislandlapalma.es\/en\/wp-json\/wp\/v2\/types\/post\/"}],"author":[{"embeddable":true,"href":"https:\/\/www.starsislandlapalma.es\/en\/wp-json\/wp\/v2\/users\/1\/"}],"replies":[{"embeddable":true,"href":"https:\/\/www.starsislandlapalma.es\/en\/wp-json\/wp\/v2\/comments\/?post=22719"}],"version-history":[{"count":0,"href":"https:\/\/www.starsislandlapalma.es\/en\/wp-json\/wp\/v2\/posts\/22719\/revisions\/"}],"wp:featuredmedia":[{"embeddable":true,"href":"https:\/\/www.starsislandlapalma.es\/en\/wp-json\/wp\/v2\/media\/22721\/"}],"wp:attachment":[{"href":"https:\/\/www.starsislandlapalma.es\/en\/wp-json\/wp\/v2\/media\/?parent=22719"}],"wp:term":[{"taxonomy":"category","embeddable":true,"href":"https:\/\/www.starsislandlapalma.es\/en\/wp-json\/wp\/v2\/categories\/?post=22719"},{"taxonomy":"post_tag","embeddable":true,"href":"https:\/\/www.starsislandlapalma.es\/en\/wp-json\/wp\/v2\/tags\/?post=22719"}],"curies":[{"name":"wp","href":"https:\/\/api.w.org\/{rel}","templated":true}]}}