{"id":22748,"date":"2016-07-04T07:21:41","date_gmt":"2016-07-04T07:21:41","guid":{"rendered":"https:\/\/www.starsislandlapalma.es\/la-palma-acoge-un-seminario-internacional-sobre-la-observacion-de-los-astros-y-la-contaminacion-luminica\/"},"modified":"2021-05-25T14:16:01","modified_gmt":"2021-05-25T14:16:01","slug":"la-palma-acoge-un-seminario-internacional-sobre-la-observacion-de-los-astros-y-la-contaminacion-luminica","status":"publish","type":"post","link":"https:\/\/www.starsislandlapalma.es\/en\/la-palma-acoge-un-seminario-internacional-sobre-la-observacion-de-los-astros-y-la-contaminacion-luminica\/","title":{"rendered":"La Palma acoge un seminario internacional sobre la observaci\u00f3n de los astros y la contaminaci\u00f3n lum\u00ednica"},"content":{"rendered":"<p class=\"\" style=\"text-align: justify;\">La Palma acoger\u00e1 entre el lunes 4 y el mi\u00e9rcoles 6 de julio un seminario internacional dedicado a la observaci\u00f3n de las estrellas y la contaminaci\u00f3n lum\u00ednica. Este evento est\u00e1 organizado bajo el nombre <i>Starlight, beyond light pollution<\/i> (Luz de las estrellas, m\u00e1s all\u00e1 de la contaminaci\u00f3n lum\u00ednica) y tendr\u00e1 lugar en sesiones de tarde en el hotel Las Olas de Los Cancajos, en Bre\u00f1a Baja, excepto el martes 5, que se celebrar\u00e1 en el Observatorio del Roque de Los Muchachos.<\/p>\n<p class=\"\" style=\"text-align: justify;\">El Cabildo de La Palma, a trav\u00e9s del Servicio de Turismo, que dirige Alicia Vanoostende, colabora en este importante encuentro que organiza la empresa Astro Travels y que tambi\u00e9n cuenta con la colaboraci\u00f3n del Instituto de Astrof\u00edsica de Canarias, Isaac Newton Group (ING) y Transportes Insular, entre otros.<\/p>\n<p class=\"\" style=\"text-align: justify;\">El seminario se inaugurar\u00e1 el lunes 4 de julio a las 11:30 horas en la Casa Principal de Salazar de Santa Cruz de La Palma, con la presencia de la consejera de Planificaci\u00f3n y Turismo, Alicia Vanoostende. En este mismo acto, y especialmente destacada, ser\u00e1 la presencia de Fabio Falchi, autor del Atlas Mundial de la Contaminaci\u00f3n Lum\u00ednica, una obra ya difundida en prestigiosas publicaciones cient\u00edficas, y que en La Palma se presentar\u00e1 por primera vez como un libro.<\/p>\n<p class=\"\" style=\"text-align: justify;\">Alicia Vanoostende ha explicado que este seminario <i>Starlight beyond light pollution <\/i>surge a ra\u00edz de la visita a la isla, en mayo de 2015, de un grupo de expertos de Ruman\u00eda para desarrollar un intercambio sobre la tem\u00e1tica de contaminaci\u00f3n lum\u00ednica, en la que se estableci\u00f3 conexi\u00f3n internacional con organismos y asociaciones internacionales vinculados a esta iniciativa.<\/p>\n<p class=\"\" style=\"text-align: justify;\">&#8220;Este a\u00f1o La Palma vuelve a convertirse en un referente internacional de la observaci\u00f3n astron\u00f3mica y la defensa de los cielos limpios. Vamos a contar con la participaci\u00f3n presencial o por internet de renombrados ponentes de Canarias, Estados Unidos, Rumania, Italia, Canad\u00e1 y Chile&#8221;, ha destacado la consejera.<\/p>\n<p class=\"\" style=\"text-align: justify;\">Participar\u00e1n en este seminario\u00a0 Cipriano Mar\u00edn, coordinador de la iniciativa Starlight en colaboraci\u00f3n con la UNESCO; Ovidiu Vaduvescu, de Astro Travels, ING e IAC; Valentin Grigore, presidente de SARM, coordinador nacional en Ruman\u00eda de Astr\u00f3nomos Sin Fronteras (AWB); Audrey Fischer, presidenta de la Sociedad Astron\u00f3mica de Chicago y fundadora de <i>One Star at Time<\/i>; Connie Walker, del Observatorio Nacional de Astronom\u00eda \u00d3ptica de Estados Unidos (NOAO), Sociedad Astron\u00f3mica del Pac\u00edfico, Asociaci\u00f3n Internacional Cielo Nocturno (IDA) y Uni\u00f3n Astron\u00f3mica Internacional (IAU); Fabio Falchi del Instituto de Ciencia y Tecnolog\u00eda de Contaminaci\u00f3n Lum\u00ednica (ISTIL) y CieloBuio, autor principal de atlas mundial de la contaminaci\u00f3n lum\u00ednica; Juan Carlos P\u00e9rez Arencibia, administrador del Observatorio del Roque de Los Muchachos; Javier D\u00edaz Castro, jefe de la Oficina T\u00e9cnica para la Protecci\u00f3n de la Calidad del Cielo del Instituto de Astrof\u00edsica de Canarias (IAC); Antonia Varela P\u00e9rez, de la Fundaci\u00f3n Starlight e IAC; Elena Nordio, astr\u00f3noma y gu\u00eda Starlight, fundadora de Astro La Palma; y Ana Casta\u00f1eda, del Servicio de Turismo del Cabildo Insular de La Palma.<\/p>\n<p class=\"\" style=\"text-align: justify;\">A trav\u00e9s de un webcast en internet participar\u00e1n Michael Siminovich, director del Centro de Tecnolog\u00eda de Iluminaci\u00f3n de California (USA); Rod McConnell, fundador de la Asociaci\u00f3n Cielos Nocturnos de Alberta (Canada); Richard Wainscoast, del Instituto de Astronom\u00eda de la Universidad de Hawaii y comisionado para la protecci\u00f3n de espacios existentes y potenciales para la observaci\u00f3n y el control de contaminaci\u00f3n lum\u00ednica; Ian Cheney, director de La ciudad oscura, considerada la mejor pel\u00edcula realizada sobre la luz en el mundo; Pedro Sanhueza, director de OPCC, La Serena, punto focal de la iniciativa Starlight en Latinoam\u00e9rica; Antonio Gallardo Campos, director de la Reserva de la Biosfera de Fuertevetura; Salvador Ribas, director del Parque Astron\u00f3mico del Montsec (Lleida); Colleen Murray, profesora y coach de un instituto en Chicago; y Diane Turnshek, de la Universidad Carnegie Mellon.<\/p>\n<p class=\"\" style=\"text-align: justify;\"><a href=\"http:\/\/www.astro-travels.com\/La-Palma-Starlight-2016.html\" target=\"_blank\" rel=\"noopener noreferrer\">http:\/\/www.astro-travels.com\/La-Palma-Starlight-2016.html<\/a><\/p>\n","protected":false},"excerpt":{"rendered":"<p>La Palma acoger\u00e1 entre el lunes 4 y el mi\u00e9rcoles 6 de julio un seminario internacional dedicado a la observaci\u00f3n de las estrellas y la contaminaci\u00f3n lum\u00ednica. Este evento est\u00e1 organizado bajo el nombre Starlight, beyond light pollution (Luz de las estrellas, m\u00e1s all\u00e1 de&#8230;<\/p>\n","protected":false},"author":1,"featured_media":22749,"comment_status":"open","ping_status":"open","sticky":false,"template":"","format":"standard","meta":{"footnotes":""},"categories":[136],"tags":[726,714,727,728,729],"yoast_head":"<!-- This site is optimized with the Yoast SEO plugin v24.5 - https:\/\/yoast.com\/wordpress\/plugins\/seo\/ -->\n<title>La Palma acoge un seminario internacional sobre la observaci\u00f3n de los astros y la contaminaci\u00f3n lum\u00ednica &#8902; Stars Island La Palma<\/title>\n<meta name=\"robots\" content=\"index, follow, max-snippet:-1, max-image-preview:large, max-video-preview:-1\" \/>\n<link rel=\"canonical\" href=\"https:\/\/www.starsislandlapalma.es\/en\/la-palma-acoge-un-seminario-internacional-sobre-la-observacion-de-los-astros-y-la-contaminacion-luminica\/\" \/>\n<meta property=\"og:locale\" content=\"en_US\" \/>\n<meta property=\"og:type\" content=\"article\" \/>\n<meta property=\"og:title\" content=\"La Palma acoge un seminario internacional sobre la observaci\u00f3n de los astros y la contaminaci\u00f3n lum\u00ednica &#8902; Stars Island La Palma\" \/>\n<meta property=\"og:description\" content=\"La Palma acoger\u00e1 entre el lunes 4 y el mi\u00e9rcoles 6 de julio un seminario internacional dedicado a la observaci\u00f3n de las estrellas y la contaminaci\u00f3n lum\u00ednica. Este evento est\u00e1 organizado bajo el nombre Starlight, beyond light pollution (Luz de las estrellas, m\u00e1s all\u00e1 de...\" \/>\n<meta property=\"og:url\" content=\"https:\/\/www.starsislandlapalma.es\/en\/la-palma-acoge-un-seminario-internacional-sobre-la-observacion-de-los-astros-y-la-contaminacion-luminica\/\" \/>\n<meta property=\"og:site_name\" content=\"Stars Island La Palma\" \/>\n<meta property=\"article:publisher\" content=\"https:\/\/www.facebook.com\/pages\/Starsisland-La-Palma\/210888162375006?ref=hl\" \/>\n<meta property=\"article:published_time\" content=\"2016-07-04T07:21:41+00:00\" \/>\n<meta property=\"article:modified_time\" content=\"2021-05-25T14:16:01+00:00\" \/>\n<meta property=\"og:image\" content=\"https:\/\/www.starsislandlapalma.es\/wp-content\/uploads\/2016\/07\/Alicia_Vanoostende.jpg\" \/>\n\t<meta property=\"og:image:width\" content=\"883\" \/>\n\t<meta property=\"og:image:height\" content=\"589\" \/>\n\t<meta property=\"og:image:type\" content=\"image\/jpeg\" \/>\n<meta name=\"author\" content=\"Stars Island La Palma\" \/>\n<meta name=\"twitter:label1\" content=\"Written by\" \/>\n\t<meta name=\"twitter:data1\" content=\"Stars Island La Palma\" \/>\n\t<meta name=\"twitter:label2\" content=\"Est. reading time\" \/>\n\t<meta name=\"twitter:data2\" content=\"3 minutes\" \/>\n<script type=\"application\/ld+json\" class=\"yoast-schema-graph\">{\"@context\":\"https:\/\/schema.org\",\"@graph\":[{\"@type\":\"Article\",\"@id\":\"https:\/\/www.starsislandlapalma.es\/en\/la-palma-acoge-un-seminario-internacional-sobre-la-observacion-de-los-astros-y-la-contaminacion-luminica\/#article\",\"isPartOf\":{\"@id\":\"https:\/\/www.starsislandlapalma.es\/en\/la-palma-acoge-un-seminario-internacional-sobre-la-observacion-de-los-astros-y-la-contaminacion-luminica\/\"},\"author\":{\"name\":\"Stars Island La Palma\",\"@id\":\"https:\/\/www.starsislandlapalma.es\/#\/schema\/person\/9043f5bd4f379ca7532bf525fa88073b\"},\"headline\":\"La Palma acoge un seminario internacional sobre la observaci\u00f3n de los astros y la contaminaci\u00f3n lum\u00ednica\",\"datePublished\":\"2016-07-04T07:21:41+00:00\",\"dateModified\":\"2021-05-25T14:16:01+00:00\",\"mainEntityOfPage\":{\"@id\":\"https:\/\/www.starsislandlapalma.es\/en\/la-palma-acoge-un-seminario-internacional-sobre-la-observacion-de-los-astros-y-la-contaminacion-luminica\/\"},\"wordCount\":702,\"commentCount\":0,\"publisher\":{\"@id\":\"https:\/\/www.starsislandlapalma.es\/#organization\"},\"image\":{\"@id\":\"https:\/\/www.starsislandlapalma.es\/en\/la-palma-acoge-un-seminario-internacional-sobre-la-observacion-de-los-astros-y-la-contaminacion-luminica\/#primaryimage\"},\"thumbnailUrl\":\"https:\/\/www.starsislandlapalma.es\/wp-content\/uploads\/2016\/07\/Alicia_Vanoostende.jpg\",\"keywords\":[\"Astro Travels\",\"Instituto de Astrof\u00edsica de Canarias\",\"Isaac Newton Group\",\"Seminario Starlight beyond light pollution\",\"Transportes Insular\"],\"articleSection\":[\"News\"],\"inLanguage\":\"en-US\",\"potentialAction\":[{\"@type\":\"CommentAction\",\"name\":\"Comment\",\"target\":[\"https:\/\/www.starsislandlapalma.es\/en\/la-palma-acoge-un-seminario-internacional-sobre-la-observacion-de-los-astros-y-la-contaminacion-luminica\/#respond\"]}]},{\"@type\":\"WebPage\",\"@id\":\"https:\/\/www.starsislandlapalma.es\/en\/la-palma-acoge-un-seminario-internacional-sobre-la-observacion-de-los-astros-y-la-contaminacion-luminica\/\",\"url\":\"https:\/\/www.starsislandlapalma.es\/en\/la-palma-acoge-un-seminario-internacional-sobre-la-observacion-de-los-astros-y-la-contaminacion-luminica\/\",\"name\":\"La Palma acoge un seminario internacional sobre la observaci\u00f3n de los astros y la contaminaci\u00f3n lum\u00ednica &#8902; Stars Island La Palma\",\"isPartOf\":{\"@id\":\"https:\/\/www.starsislandlapalma.es\/#website\"},\"primaryImageOfPage\":{\"@id\":\"https:\/\/www.starsislandlapalma.es\/en\/la-palma-acoge-un-seminario-internacional-sobre-la-observacion-de-los-astros-y-la-contaminacion-luminica\/#primaryimage\"},\"image\":{\"@id\":\"https:\/\/www.starsislandlapalma.es\/en\/la-palma-acoge-un-seminario-internacional-sobre-la-observacion-de-los-astros-y-la-contaminacion-luminica\/#primaryimage\"},\"thumbnailUrl\":\"https:\/\/www.starsislandlapalma.es\/wp-content\/uploads\/2016\/07\/Alicia_Vanoostende.jpg\",\"datePublished\":\"2016-07-04T07:21:41+00:00\",\"dateModified\":\"2021-05-25T14:16:01+00:00\",\"breadcrumb\":{\"@id\":\"https:\/\/www.starsislandlapalma.es\/en\/la-palma-acoge-un-seminario-internacional-sobre-la-observacion-de-los-astros-y-la-contaminacion-luminica\/#breadcrumb\"},\"inLanguage\":\"en-US\",\"potentialAction\":[{\"@type\":\"ReadAction\",\"target\":[\"https:\/\/www.starsislandlapalma.es\/en\/la-palma-acoge-un-seminario-internacional-sobre-la-observacion-de-los-astros-y-la-contaminacion-luminica\/\"]}]},{\"@type\":\"ImageObject\",\"inLanguage\":\"en-US\",\"@id\":\"https:\/\/www.starsislandlapalma.es\/en\/la-palma-acoge-un-seminario-internacional-sobre-la-observacion-de-los-astros-y-la-contaminacion-luminica\/#primaryimage\",\"url\":\"https:\/\/www.starsislandlapalma.es\/wp-content\/uploads\/2016\/07\/Alicia_Vanoostende.jpg\",\"contentUrl\":\"https:\/\/www.starsislandlapalma.es\/wp-content\/uploads\/2016\/07\/Alicia_Vanoostende.jpg\",\"width\":883,\"height\":589},{\"@type\":\"BreadcrumbList\",\"@id\":\"https:\/\/www.starsislandlapalma.es\/en\/la-palma-acoge-un-seminario-internacional-sobre-la-observacion-de-los-astros-y-la-contaminacion-luminica\/#breadcrumb\",\"itemListElement\":[{\"@type\":\"ListItem\",\"position\":1,\"name\":\"Portada\",\"item\":\"https:\/\/www.starsislandlapalma.es\/en\/\"},{\"@type\":\"ListItem\",\"position\":2,\"name\":\"La Palma acoge un seminario internacional sobre la observaci\u00f3n de los astros y la contaminaci\u00f3n lum\u00ednica\"}]},{\"@type\":\"WebSite\",\"@id\":\"https:\/\/www.starsislandlapalma.es\/#website\",\"url\":\"https:\/\/www.starsislandlapalma.es\/\",\"name\":\"Stars Island La Palma\",\"description\":\"La Palma, el lugar perfecto para disfrutar del universo. Primera Reserva Starlight del mundo, en 2012 se reconoce como Destino Tur\u00edstico Starlight\",\"publisher\":{\"@id\":\"https:\/\/www.starsislandlapalma.es\/#organization\"},\"potentialAction\":[{\"@type\":\"SearchAction\",\"target\":{\"@type\":\"EntryPoint\",\"urlTemplate\":\"https:\/\/www.starsislandlapalma.es\/?s={search_term_string}\"},\"query-input\":{\"@type\":\"PropertyValueSpecification\",\"valueRequired\":true,\"valueName\":\"search_term_string\"}}],\"inLanguage\":\"en-US\"},{\"@type\":\"Organization\",\"@id\":\"https:\/\/www.starsislandlapalma.es\/#organization\",\"name\":\"Star Island La Palma\",\"url\":\"https:\/\/www.starsislandlapalma.es\/\",\"logo\":{\"@type\":\"ImageObject\",\"inLanguage\":\"en-US\",\"@id\":\"https:\/\/www.starsislandlapalma.es\/#\/schema\/logo\/image\/\",\"url\":\"https:\/\/www.starsislandlapalma.es\/wp-content\/uploads\/2022\/01\/logo_starisland.png\",\"contentUrl\":\"https:\/\/www.starsislandlapalma.es\/wp-content\/uploads\/2022\/01\/logo_starisland.png\",\"width\":172,\"height\":139,\"caption\":\"Star Island La Palma\"},\"image\":{\"@id\":\"https:\/\/www.starsislandlapalma.es\/#\/schema\/logo\/image\/\"},\"sameAs\":[\"https:\/\/www.facebook.com\/pages\/Starsisland-La-Palma\/210888162375006?ref=hl\",\"https:\/\/x.com\/starsislandlapa\",\"https:\/\/www.pinterest.com\/astroturismo\/\",\"https:\/\/www.youtube.com\/channel\/UCV7sju1ggcBpJG39HQCBtsA\"]},{\"@type\":\"Person\",\"@id\":\"https:\/\/www.starsislandlapalma.es\/#\/schema\/person\/9043f5bd4f379ca7532bf525fa88073b\",\"name\":\"Stars Island La Palma\",\"image\":{\"@type\":\"ImageObject\",\"inLanguage\":\"en-US\",\"@id\":\"https:\/\/www.starsislandlapalma.es\/#\/schema\/person\/image\/\",\"url\":\"https:\/\/secure.gravatar.com\/avatar\/214edfeae37af83662fa1058aeebfb41?s=96&d=mm&r=g\",\"contentUrl\":\"https:\/\/secure.gravatar.com\/avatar\/214edfeae37af83662fa1058aeebfb41?s=96&d=mm&r=g\",\"caption\":\"Stars Island La Palma\"},\"url\":\"https:\/\/www.starsislandlapalma.es\/en\/author\/star\/\"}]}<\/script>\n<!-- \/ Yoast SEO plugin. -->","yoast_head_json":{"title":"La Palma acoge un seminario internacional sobre la observaci\u00f3n de los astros y la contaminaci\u00f3n lum\u00ednica &#8902; Stars Island La Palma","robots":{"index":"index","follow":"follow","max-snippet":"max-snippet:-1","max-image-preview":"max-image-preview:large","max-video-preview":"max-video-preview:-1"},"canonical":"https:\/\/www.starsislandlapalma.es\/en\/la-palma-acoge-un-seminario-internacional-sobre-la-observacion-de-los-astros-y-la-contaminacion-luminica\/","og_locale":"en_US","og_type":"article","og_title":"La Palma acoge un seminario internacional sobre la observaci\u00f3n de los astros y la contaminaci\u00f3n lum\u00ednica &#8902; Stars Island La Palma","og_description":"La Palma acoger\u00e1 entre el lunes 4 y el mi\u00e9rcoles 6 de julio un seminario internacional dedicado a la observaci\u00f3n de las estrellas y la contaminaci\u00f3n lum\u00ednica. Este evento est\u00e1 organizado bajo el nombre Starlight, beyond light pollution (Luz de las estrellas, m\u00e1s all\u00e1 de...","og_url":"https:\/\/www.starsislandlapalma.es\/en\/la-palma-acoge-un-seminario-internacional-sobre-la-observacion-de-los-astros-y-la-contaminacion-luminica\/","og_site_name":"Stars Island La Palma","article_publisher":"https:\/\/www.facebook.com\/pages\/Starsisland-La-Palma\/210888162375006?ref=hl","article_published_time":"2016-07-04T07:21:41+00:00","article_modified_time":"2021-05-25T14:16:01+00:00","og_image":[{"width":883,"height":589,"url":"https:\/\/www.starsislandlapalma.es\/wp-content\/uploads\/2016\/07\/Alicia_Vanoostende.jpg","type":"image\/jpeg"}],"author":"Stars Island La Palma","twitter_misc":{"Written by":"Stars Island La Palma","Est. reading time":"3 minutes"},"schema":{"@context":"https:\/\/schema.org","@graph":[{"@type":"Article","@id":"https:\/\/www.starsislandlapalma.es\/en\/la-palma-acoge-un-seminario-internacional-sobre-la-observacion-de-los-astros-y-la-contaminacion-luminica\/#article","isPartOf":{"@id":"https:\/\/www.starsislandlapalma.es\/en\/la-palma-acoge-un-seminario-internacional-sobre-la-observacion-de-los-astros-y-la-contaminacion-luminica\/"},"author":{"name":"Stars Island La Palma","@id":"https:\/\/www.starsislandlapalma.es\/#\/schema\/person\/9043f5bd4f379ca7532bf525fa88073b"},"headline":"La Palma acoge un seminario internacional sobre la observaci\u00f3n de los astros y la contaminaci\u00f3n lum\u00ednica","datePublished":"2016-07-04T07:21:41+00:00","dateModified":"2021-05-25T14:16:01+00:00","mainEntityOfPage":{"@id":"https:\/\/www.starsislandlapalma.es\/en\/la-palma-acoge-un-seminario-internacional-sobre-la-observacion-de-los-astros-y-la-contaminacion-luminica\/"},"wordCount":702,"commentCount":0,"publisher":{"@id":"https:\/\/www.starsislandlapalma.es\/#organization"},"image":{"@id":"https:\/\/www.starsislandlapalma.es\/en\/la-palma-acoge-un-seminario-internacional-sobre-la-observacion-de-los-astros-y-la-contaminacion-luminica\/#primaryimage"},"thumbnailUrl":"https:\/\/www.starsislandlapalma.es\/wp-content\/uploads\/2016\/07\/Alicia_Vanoostende.jpg","keywords":["Astro Travels","Instituto de Astrof\u00edsica de Canarias","Isaac Newton Group","Seminario Starlight beyond light pollution","Transportes Insular"],"articleSection":["News"],"inLanguage":"en-US","potentialAction":[{"@type":"CommentAction","name":"Comment","target":["https:\/\/www.starsislandlapalma.es\/en\/la-palma-acoge-un-seminario-internacional-sobre-la-observacion-de-los-astros-y-la-contaminacion-luminica\/#respond"]}]},{"@type":"WebPage","@id":"https:\/\/www.starsislandlapalma.es\/en\/la-palma-acoge-un-seminario-internacional-sobre-la-observacion-de-los-astros-y-la-contaminacion-luminica\/","url":"https:\/\/www.starsislandlapalma.es\/en\/la-palma-acoge-un-seminario-internacional-sobre-la-observacion-de-los-astros-y-la-contaminacion-luminica\/","name":"La Palma acoge un seminario internacional sobre la observaci\u00f3n de los astros y la contaminaci\u00f3n lum\u00ednica &#8902; Stars Island La Palma","isPartOf":{"@id":"https:\/\/www.starsislandlapalma.es\/#website"},"primaryImageOfPage":{"@id":"https:\/\/www.starsislandlapalma.es\/en\/la-palma-acoge-un-seminario-internacional-sobre-la-observacion-de-los-astros-y-la-contaminacion-luminica\/#primaryimage"},"image":{"@id":"https:\/\/www.starsislandlapalma.es\/en\/la-palma-acoge-un-seminario-internacional-sobre-la-observacion-de-los-astros-y-la-contaminacion-luminica\/#primaryimage"},"thumbnailUrl":"https:\/\/www.starsislandlapalma.es\/wp-content\/uploads\/2016\/07\/Alicia_Vanoostende.jpg","datePublished":"2016-07-04T07:21:41+00:00","dateModified":"2021-05-25T14:16:01+00:00","breadcrumb":{"@id":"https:\/\/www.starsislandlapalma.es\/en\/la-palma-acoge-un-seminario-internacional-sobre-la-observacion-de-los-astros-y-la-contaminacion-luminica\/#breadcrumb"},"inLanguage":"en-US","potentialAction":[{"@type":"ReadAction","target":["https:\/\/www.starsislandlapalma.es\/en\/la-palma-acoge-un-seminario-internacional-sobre-la-observacion-de-los-astros-y-la-contaminacion-luminica\/"]}]},{"@type":"ImageObject","inLanguage":"en-US","@id":"https:\/\/www.starsislandlapalma.es\/en\/la-palma-acoge-un-seminario-internacional-sobre-la-observacion-de-los-astros-y-la-contaminacion-luminica\/#primaryimage","url":"https:\/\/www.starsislandlapalma.es\/wp-content\/uploads\/2016\/07\/Alicia_Vanoostende.jpg","contentUrl":"https:\/\/www.starsislandlapalma.es\/wp-content\/uploads\/2016\/07\/Alicia_Vanoostende.jpg","width":883,"height":589},{"@type":"BreadcrumbList","@id":"https:\/\/www.starsislandlapalma.es\/en\/la-palma-acoge-un-seminario-internacional-sobre-la-observacion-de-los-astros-y-la-contaminacion-luminica\/#breadcrumb","itemListElement":[{"@type":"ListItem","position":1,"name":"Portada","item":"https:\/\/www.starsislandlapalma.es\/en\/"},{"@type":"ListItem","position":2,"name":"La Palma acoge un seminario internacional sobre la observaci\u00f3n de los astros y la contaminaci\u00f3n lum\u00ednica"}]},{"@type":"WebSite","@id":"https:\/\/www.starsislandlapalma.es\/#website","url":"https:\/\/www.starsislandlapalma.es\/","name":"Stars Island La Palma","description":"La Palma, el lugar perfecto para disfrutar del universo. Primera Reserva Starlight del mundo, en 2012 se reconoce como Destino Tur\u00edstico Starlight","publisher":{"@id":"https:\/\/www.starsislandlapalma.es\/#organization"},"potentialAction":[{"@type":"SearchAction","target":{"@type":"EntryPoint","urlTemplate":"https:\/\/www.starsislandlapalma.es\/?s={search_term_string}"},"query-input":{"@type":"PropertyValueSpecification","valueRequired":true,"valueName":"search_term_string"}}],"inLanguage":"en-US"},{"@type":"Organization","@id":"https:\/\/www.starsislandlapalma.es\/#organization","name":"Star Island La Palma","url":"https:\/\/www.starsislandlapalma.es\/","logo":{"@type":"ImageObject","inLanguage":"en-US","@id":"https:\/\/www.starsislandlapalma.es\/#\/schema\/logo\/image\/","url":"https:\/\/www.starsislandlapalma.es\/wp-content\/uploads\/2022\/01\/logo_starisland.png","contentUrl":"https:\/\/www.starsislandlapalma.es\/wp-content\/uploads\/2022\/01\/logo_starisland.png","width":172,"height":139,"caption":"Star Island La Palma"},"image":{"@id":"https:\/\/www.starsislandlapalma.es\/#\/schema\/logo\/image\/"},"sameAs":["https:\/\/www.facebook.com\/pages\/Starsisland-La-Palma\/210888162375006?ref=hl","https:\/\/x.com\/starsislandlapa","https:\/\/www.pinterest.com\/astroturismo\/","https:\/\/www.youtube.com\/channel\/UCV7sju1ggcBpJG39HQCBtsA"]},{"@type":"Person","@id":"https:\/\/www.starsislandlapalma.es\/#\/schema\/person\/9043f5bd4f379ca7532bf525fa88073b","name":"Stars Island La Palma","image":{"@type":"ImageObject","inLanguage":"en-US","@id":"https:\/\/www.starsislandlapalma.es\/#\/schema\/person\/image\/","url":"https:\/\/secure.gravatar.com\/avatar\/214edfeae37af83662fa1058aeebfb41?s=96&d=mm&r=g","contentUrl":"https:\/\/secure.gravatar.com\/avatar\/214edfeae37af83662fa1058aeebfb41?s=96&d=mm&r=g","caption":"Stars Island La Palma"},"url":"https:\/\/www.starsislandlapalma.es\/en\/author\/star\/"}]}},"_links":{"self":[{"href":"https:\/\/www.starsislandlapalma.es\/en\/wp-json\/wp\/v2\/posts\/22748\/"}],"collection":[{"href":"https:\/\/www.starsislandlapalma.es\/en\/wp-json\/wp\/v2\/posts\/"}],"about":[{"href":"https:\/\/www.starsislandlapalma.es\/en\/wp-json\/wp\/v2\/types\/post\/"}],"author":[{"embeddable":true,"href":"https:\/\/www.starsislandlapalma.es\/en\/wp-json\/wp\/v2\/users\/1\/"}],"replies":[{"embeddable":true,"href":"https:\/\/www.starsislandlapalma.es\/en\/wp-json\/wp\/v2\/comments\/?post=22748"}],"version-history":[{"count":0,"href":"https:\/\/www.starsislandlapalma.es\/en\/wp-json\/wp\/v2\/posts\/22748\/revisions\/"}],"wp:featuredmedia":[{"embeddable":true,"href":"https:\/\/www.starsislandlapalma.es\/en\/wp-json\/wp\/v2\/media\/22749\/"}],"wp:attachment":[{"href":"https:\/\/www.starsislandlapalma.es\/en\/wp-json\/wp\/v2\/media\/?parent=22748"}],"wp:term":[{"taxonomy":"category","embeddable":true,"href":"https:\/\/www.starsislandlapalma.es\/en\/wp-json\/wp\/v2\/categories\/?post=22748"},{"taxonomy":"post_tag","embeddable":true,"href":"https:\/\/www.starsislandlapalma.es\/en\/wp-json\/wp\/v2\/tags\/?post=22748"}],"curies":[{"name":"wp","href":"https:\/\/api.w.org\/{rel}","templated":true}]}}