{"id":22924,"date":"2021-06-21T07:11:02","date_gmt":"2021-06-21T07:11:02","guid":{"rendered":"https:\/\/www.starsislandlapalma.es\/el-ceip-los-canarios-se-adhiere-a-los-principios-starlight-inspirando-a-su-alumnado-la-proteccion-del-cielo-nocturno\/"},"modified":"2021-06-21T07:11:02","modified_gmt":"2021-06-21T07:11:02","slug":"el-ceip-los-canarios-se-adhiere-a-los-principios-starlight-inspirando-a-su-alumnado-la-proteccion-del-cielo-nocturno","status":"publish","type":"post","link":"https:\/\/www.starsislandlapalma.es\/en\/el-ceip-los-canarios-se-adhiere-a-los-principios-starlight-inspirando-a-su-alumnado-la-proteccion-del-cielo-nocturno\/","title":{"rendered":"El CEIP Los Canarios se adhiere a los principios Starlight inspirando a su alumnado la protecci\u00f3n del cielo nocturno"},"content":{"rendered":"<blockquote>\n<p style=\"text-align: justify;\">El CEIP de Los Canarios, en el municipio de Fuencaliente, es pionero en el archipi\u00e9lago al adherirse a los principios impulsados por la Fundaci\u00f3n Starlight, creando conciencia entre su alumnado en la necesidad de proteger el cielo nocturno y la difusi\u00f3n cultural de la astronom\u00eda.<\/p>\n<\/blockquote>\n<p style=\"text-align: justify;\">Desde el Ayuntamiento de Fuencaliente y la Fundaci\u00f3n Starlight, que dirige Antonia Varela, se trabaja conjuntamente con todo el profesorado, que dirige Inocencia Correa, para la realizaci\u00f3n de actividades de divulgaci\u00f3n cient\u00edfica que ayuda a los escolares a generar esas conductas positivas hacia uno de los principales recursos tur\u00edsticos del municipio, como es la calidad de su cielo nocturno.<\/p>\n<p style=\"text-align: justify;\">En esa l\u00ednea de trabajo, durante todo el curso, el CEIP Los Canarios particip\u00f3 en los actos convocados por la Fundaci\u00f3n Starlight y el Ayuntamiento de Fuencaliente, naciendo la idea de indagar un poco m\u00e1s en el tema de la contaminaci\u00f3n lum\u00ednica y de c\u00f3mo este fen\u00f3meno creciente puede afectar al trabajo que los astr\u00f3nomos desarrollan en la Isla.<\/p>\n<p style=\"text-align: justify;\">De esta manera, el claustro de profesores decidi\u00f3 adherirse a los principios Starlight, siendo uno de los compromisos adquiridos la divulgaci\u00f3n y concienciaci\u00f3n de este problema entre la comunidad educativa y p\u00fablico en general.<\/p>\n<p style=\"text-align: justify;\">Durante todo el curso escolares y docentes han trabajado en las consecuencias y posibles soluciones de la contaminaci\u00f3n lum\u00ednica, dise\u00f1ando un proyecto que se realizar\u00e1 a lo largo de todo el curso pr\u00f3ximo, donde se reforzar\u00e1n estos valores y se a\u00f1adir\u00e1n otros aspectos, como las vocaciones cient\u00edficas, entre otros.<\/p>\n<p style=\"text-align: justify;\">Como resultado de ese trabajo, tambi\u00e9n se ha editado un folleto con la plena participaci\u00f3n del alumnado, en el que, bajo el lema \u2018\u00a1Cuidemos nuestro cielo, para nuestro disfrute y el de las generaciones venideras!\u2019, se hace un repaso de las causas y causantes, adem\u00e1s de las medidas a tomar para reducir este tipo de contaminaci\u00f3n.<\/p>\n<p style=\"text-align: justify;\">Desde el Ayuntamiento de Fuencaliente, a trav\u00e9s de su alcalde Gregorio Alonso y de la concejala de Educaci\u00f3n, Celia Santos, se ha hecho llegar la felicitaci\u00f3n y agradecimiento por este esfuerzo de concienciaci\u00f3n realizado por parte del profesorado y alumnado del centro, poniendo un importante granito de arena al trabajo que desde el consistorio se est\u00e1 realizando para poner en valor el cielo nocturno como uno de los principales recursos tur\u00edsticos de la localidad.<\/p>\n","protected":false},"excerpt":{"rendered":"<p>El CEIP de Los Canarios, en el municipio de Fuencaliente, es pionero en el archipi\u00e9lago al adherirse a los principios impulsados por la Fundaci\u00f3n Starlight, creando conciencia entre su alumnado en la necesidad de proteger el cielo nocturno y la difusi\u00f3n cultural de la astronom\u00eda.<\/p>\n","protected":false},"author":4,"featured_media":22921,"comment_status":"open","ping_status":"open","sticky":false,"template":"","format":"standard","meta":{"footnotes":""},"categories":[136],"tags":[],"yoast_head":"<!-- This site is optimized with the Yoast SEO plugin v24.5 - https:\/\/yoast.com\/wordpress\/plugins\/seo\/ -->\n<title>El CEIP Los Canarios se adhiere a los principios Starlight inspirando a su alumnado la protecci\u00f3n del cielo nocturno &#8902; Stars Island La Palma<\/title>\n<meta name=\"robots\" content=\"index, follow, max-snippet:-1, max-image-preview:large, max-video-preview:-1\" \/>\n<link rel=\"canonical\" href=\"https:\/\/www.starsislandlapalma.es\/en\/el-ceip-los-canarios-se-adhiere-a-los-principios-starlight-inspirando-a-su-alumnado-la-proteccion-del-cielo-nocturno\/\" \/>\n<meta property=\"og:locale\" content=\"en_US\" \/>\n<meta property=\"og:type\" content=\"article\" \/>\n<meta property=\"og:title\" content=\"El CEIP Los Canarios se adhiere a los principios Starlight inspirando a su alumnado la protecci\u00f3n del cielo nocturno &#8902; Stars Island La Palma\" \/>\n<meta property=\"og:description\" content=\"El CEIP de Los Canarios, en el municipio de Fuencaliente, es pionero en el archipi\u00e9lago al adherirse a los principios impulsados por la Fundaci\u00f3n Starlight, creando conciencia entre su alumnado en la necesidad de proteger el cielo nocturno y la difusi\u00f3n cultural de la astronom\u00eda.\" \/>\n<meta property=\"og:url\" content=\"https:\/\/www.starsislandlapalma.es\/en\/el-ceip-los-canarios-se-adhiere-a-los-principios-starlight-inspirando-a-su-alumnado-la-proteccion-del-cielo-nocturno\/\" \/>\n<meta property=\"og:site_name\" content=\"Stars Island La Palma\" \/>\n<meta property=\"article:publisher\" content=\"https:\/\/www.facebook.com\/pages\/Starsisland-La-Palma\/210888162375006?ref=hl\" \/>\n<meta property=\"article:published_time\" content=\"2021-06-21T07:11:02+00:00\" \/>\n<meta property=\"og:image\" content=\"https:\/\/www.starsislandlapalma.es\/wp-content\/uploads\/2021\/06\/CEIP_Canarios_Starlight.jpg\" \/>\n\t<meta property=\"og:image:width\" content=\"1111\" \/>\n\t<meta property=\"og:image:height\" content=\"837\" \/>\n\t<meta property=\"og:image:type\" content=\"image\/jpeg\" \/>\n<meta name=\"author\" content=\"StarsIsland\" \/>\n<meta name=\"twitter:label1\" content=\"Written by\" \/>\n\t<meta name=\"twitter:data1\" content=\"StarsIsland\" \/>\n\t<meta name=\"twitter:label2\" content=\"Est. reading time\" \/>\n\t<meta name=\"twitter:data2\" content=\"2 minutes\" \/>\n<script type=\"application\/ld+json\" class=\"yoast-schema-graph\">{\"@context\":\"https:\/\/schema.org\",\"@graph\":[{\"@type\":\"Article\",\"@id\":\"https:\/\/www.starsislandlapalma.es\/en\/el-ceip-los-canarios-se-adhiere-a-los-principios-starlight-inspirando-a-su-alumnado-la-proteccion-del-cielo-nocturno\/#article\",\"isPartOf\":{\"@id\":\"https:\/\/www.starsislandlapalma.es\/en\/el-ceip-los-canarios-se-adhiere-a-los-principios-starlight-inspirando-a-su-alumnado-la-proteccion-del-cielo-nocturno\/\"},\"author\":{\"name\":\"StarsIsland\",\"@id\":\"https:\/\/www.starsislandlapalma.es\/#\/schema\/person\/d2618b46c3dc5c031ddd56a658f9ab25\"},\"headline\":\"El CEIP Los Canarios se adhiere a los principios Starlight inspirando a su alumnado la protecci\u00f3n del cielo nocturno\",\"datePublished\":\"2021-06-21T07:11:02+00:00\",\"mainEntityOfPage\":{\"@id\":\"https:\/\/www.starsislandlapalma.es\/en\/el-ceip-los-canarios-se-adhiere-a-los-principios-starlight-inspirando-a-su-alumnado-la-proteccion-del-cielo-nocturno\/\"},\"wordCount\":433,\"commentCount\":0,\"publisher\":{\"@id\":\"https:\/\/www.starsislandlapalma.es\/#organization\"},\"image\":{\"@id\":\"https:\/\/www.starsislandlapalma.es\/en\/el-ceip-los-canarios-se-adhiere-a-los-principios-starlight-inspirando-a-su-alumnado-la-proteccion-del-cielo-nocturno\/#primaryimage\"},\"thumbnailUrl\":\"https:\/\/www.starsislandlapalma.es\/wp-content\/uploads\/2021\/06\/CEIP_Canarios_Starlight.jpg\",\"articleSection\":[\"News\"],\"inLanguage\":\"en-US\",\"potentialAction\":[{\"@type\":\"CommentAction\",\"name\":\"Comment\",\"target\":[\"https:\/\/www.starsislandlapalma.es\/en\/el-ceip-los-canarios-se-adhiere-a-los-principios-starlight-inspirando-a-su-alumnado-la-proteccion-del-cielo-nocturno\/#respond\"]}]},{\"@type\":\"WebPage\",\"@id\":\"https:\/\/www.starsislandlapalma.es\/en\/el-ceip-los-canarios-se-adhiere-a-los-principios-starlight-inspirando-a-su-alumnado-la-proteccion-del-cielo-nocturno\/\",\"url\":\"https:\/\/www.starsislandlapalma.es\/en\/el-ceip-los-canarios-se-adhiere-a-los-principios-starlight-inspirando-a-su-alumnado-la-proteccion-del-cielo-nocturno\/\",\"name\":\"El CEIP Los Canarios se adhiere a los principios Starlight inspirando a su alumnado la protecci\u00f3n del cielo nocturno &#8902; Stars Island La Palma\",\"isPartOf\":{\"@id\":\"https:\/\/www.starsislandlapalma.es\/#website\"},\"primaryImageOfPage\":{\"@id\":\"https:\/\/www.starsislandlapalma.es\/en\/el-ceip-los-canarios-se-adhiere-a-los-principios-starlight-inspirando-a-su-alumnado-la-proteccion-del-cielo-nocturno\/#primaryimage\"},\"image\":{\"@id\":\"https:\/\/www.starsislandlapalma.es\/en\/el-ceip-los-canarios-se-adhiere-a-los-principios-starlight-inspirando-a-su-alumnado-la-proteccion-del-cielo-nocturno\/#primaryimage\"},\"thumbnailUrl\":\"https:\/\/www.starsislandlapalma.es\/wp-content\/uploads\/2021\/06\/CEIP_Canarios_Starlight.jpg\",\"datePublished\":\"2021-06-21T07:11:02+00:00\",\"breadcrumb\":{\"@id\":\"https:\/\/www.starsislandlapalma.es\/en\/el-ceip-los-canarios-se-adhiere-a-los-principios-starlight-inspirando-a-su-alumnado-la-proteccion-del-cielo-nocturno\/#breadcrumb\"},\"inLanguage\":\"en-US\",\"potentialAction\":[{\"@type\":\"ReadAction\",\"target\":[\"https:\/\/www.starsislandlapalma.es\/en\/el-ceip-los-canarios-se-adhiere-a-los-principios-starlight-inspirando-a-su-alumnado-la-proteccion-del-cielo-nocturno\/\"]}]},{\"@type\":\"ImageObject\",\"inLanguage\":\"en-US\",\"@id\":\"https:\/\/www.starsislandlapalma.es\/en\/el-ceip-los-canarios-se-adhiere-a-los-principios-starlight-inspirando-a-su-alumnado-la-proteccion-del-cielo-nocturno\/#primaryimage\",\"url\":\"https:\/\/www.starsislandlapalma.es\/wp-content\/uploads\/2021\/06\/CEIP_Canarios_Starlight.jpg\",\"contentUrl\":\"https:\/\/www.starsislandlapalma.es\/wp-content\/uploads\/2021\/06\/CEIP_Canarios_Starlight.jpg\",\"width\":1111,\"height\":837},{\"@type\":\"BreadcrumbList\",\"@id\":\"https:\/\/www.starsislandlapalma.es\/en\/el-ceip-los-canarios-se-adhiere-a-los-principios-starlight-inspirando-a-su-alumnado-la-proteccion-del-cielo-nocturno\/#breadcrumb\",\"itemListElement\":[{\"@type\":\"ListItem\",\"position\":1,\"name\":\"Portada\",\"item\":\"https:\/\/www.starsislandlapalma.es\/en\/\"},{\"@type\":\"ListItem\",\"position\":2,\"name\":\"El CEIP Los Canarios se adhiere a los principios Starlight inspirando a su alumnado la protecci\u00f3n del cielo nocturno\"}]},{\"@type\":\"WebSite\",\"@id\":\"https:\/\/www.starsislandlapalma.es\/#website\",\"url\":\"https:\/\/www.starsislandlapalma.es\/\",\"name\":\"Stars Island La Palma\",\"description\":\"La Palma, el lugar perfecto para disfrutar del universo. Primera Reserva Starlight del mundo, en 2012 se reconoce como Destino Tur\u00edstico Starlight\",\"publisher\":{\"@id\":\"https:\/\/www.starsislandlapalma.es\/#organization\"},\"potentialAction\":[{\"@type\":\"SearchAction\",\"target\":{\"@type\":\"EntryPoint\",\"urlTemplate\":\"https:\/\/www.starsislandlapalma.es\/?s={search_term_string}\"},\"query-input\":{\"@type\":\"PropertyValueSpecification\",\"valueRequired\":true,\"valueName\":\"search_term_string\"}}],\"inLanguage\":\"en-US\"},{\"@type\":\"Organization\",\"@id\":\"https:\/\/www.starsislandlapalma.es\/#organization\",\"name\":\"Star Island La Palma\",\"url\":\"https:\/\/www.starsislandlapalma.es\/\",\"logo\":{\"@type\":\"ImageObject\",\"inLanguage\":\"en-US\",\"@id\":\"https:\/\/www.starsislandlapalma.es\/#\/schema\/logo\/image\/\",\"url\":\"https:\/\/www.starsislandlapalma.es\/wp-content\/uploads\/2022\/01\/logo_starisland.png\",\"contentUrl\":\"https:\/\/www.starsislandlapalma.es\/wp-content\/uploads\/2022\/01\/logo_starisland.png\",\"width\":172,\"height\":139,\"caption\":\"Star Island La Palma\"},\"image\":{\"@id\":\"https:\/\/www.starsislandlapalma.es\/#\/schema\/logo\/image\/\"},\"sameAs\":[\"https:\/\/www.facebook.com\/pages\/Starsisland-La-Palma\/210888162375006?ref=hl\",\"https:\/\/x.com\/starsislandlapa\",\"https:\/\/www.pinterest.com\/astroturismo\/\",\"https:\/\/www.youtube.com\/channel\/UCV7sju1ggcBpJG39HQCBtsA\"]},{\"@type\":\"Person\",\"@id\":\"https:\/\/www.starsislandlapalma.es\/#\/schema\/person\/d2618b46c3dc5c031ddd56a658f9ab25\",\"name\":\"StarsIsland\",\"image\":{\"@type\":\"ImageObject\",\"inLanguage\":\"en-US\",\"@id\":\"https:\/\/www.starsislandlapalma.es\/#\/schema\/person\/image\/\",\"url\":\"https:\/\/secure.gravatar.com\/avatar\/30a35f2b7b8f976566433f1ab7d6402f?s=96&d=mm&r=g\",\"contentUrl\":\"https:\/\/secure.gravatar.com\/avatar\/30a35f2b7b8f976566433f1ab7d6402f?s=96&d=mm&r=g\",\"caption\":\"StarsIsland\"},\"url\":\"https:\/\/www.starsislandlapalma.es\/en\/author\/starsisland\/\"}]}<\/script>\n<!-- \/ Yoast SEO plugin. -->","yoast_head_json":{"title":"El CEIP Los Canarios se adhiere a los principios Starlight inspirando a su alumnado la protecci\u00f3n del cielo nocturno &#8902; Stars Island La Palma","robots":{"index":"index","follow":"follow","max-snippet":"max-snippet:-1","max-image-preview":"max-image-preview:large","max-video-preview":"max-video-preview:-1"},"canonical":"https:\/\/www.starsislandlapalma.es\/en\/el-ceip-los-canarios-se-adhiere-a-los-principios-starlight-inspirando-a-su-alumnado-la-proteccion-del-cielo-nocturno\/","og_locale":"en_US","og_type":"article","og_title":"El CEIP Los Canarios se adhiere a los principios Starlight inspirando a su alumnado la protecci\u00f3n del cielo nocturno &#8902; Stars Island La Palma","og_description":"El CEIP de Los Canarios, en el municipio de Fuencaliente, es pionero en el archipi\u00e9lago al adherirse a los principios impulsados por la Fundaci\u00f3n Starlight, creando conciencia entre su alumnado en la necesidad de proteger el cielo nocturno y la difusi\u00f3n cultural de la astronom\u00eda.","og_url":"https:\/\/www.starsislandlapalma.es\/en\/el-ceip-los-canarios-se-adhiere-a-los-principios-starlight-inspirando-a-su-alumnado-la-proteccion-del-cielo-nocturno\/","og_site_name":"Stars Island La Palma","article_publisher":"https:\/\/www.facebook.com\/pages\/Starsisland-La-Palma\/210888162375006?ref=hl","article_published_time":"2021-06-21T07:11:02+00:00","og_image":[{"width":1111,"height":837,"url":"https:\/\/www.starsislandlapalma.es\/wp-content\/uploads\/2021\/06\/CEIP_Canarios_Starlight.jpg","type":"image\/jpeg"}],"author":"StarsIsland","twitter_misc":{"Written by":"StarsIsland","Est. reading time":"2 minutes"},"schema":{"@context":"https:\/\/schema.org","@graph":[{"@type":"Article","@id":"https:\/\/www.starsislandlapalma.es\/en\/el-ceip-los-canarios-se-adhiere-a-los-principios-starlight-inspirando-a-su-alumnado-la-proteccion-del-cielo-nocturno\/#article","isPartOf":{"@id":"https:\/\/www.starsislandlapalma.es\/en\/el-ceip-los-canarios-se-adhiere-a-los-principios-starlight-inspirando-a-su-alumnado-la-proteccion-del-cielo-nocturno\/"},"author":{"name":"StarsIsland","@id":"https:\/\/www.starsislandlapalma.es\/#\/schema\/person\/d2618b46c3dc5c031ddd56a658f9ab25"},"headline":"El CEIP Los Canarios se adhiere a los principios Starlight inspirando a su alumnado la protecci\u00f3n del cielo nocturno","datePublished":"2021-06-21T07:11:02+00:00","mainEntityOfPage":{"@id":"https:\/\/www.starsislandlapalma.es\/en\/el-ceip-los-canarios-se-adhiere-a-los-principios-starlight-inspirando-a-su-alumnado-la-proteccion-del-cielo-nocturno\/"},"wordCount":433,"commentCount":0,"publisher":{"@id":"https:\/\/www.starsislandlapalma.es\/#organization"},"image":{"@id":"https:\/\/www.starsislandlapalma.es\/en\/el-ceip-los-canarios-se-adhiere-a-los-principios-starlight-inspirando-a-su-alumnado-la-proteccion-del-cielo-nocturno\/#primaryimage"},"thumbnailUrl":"https:\/\/www.starsislandlapalma.es\/wp-content\/uploads\/2021\/06\/CEIP_Canarios_Starlight.jpg","articleSection":["News"],"inLanguage":"en-US","potentialAction":[{"@type":"CommentAction","name":"Comment","target":["https:\/\/www.starsislandlapalma.es\/en\/el-ceip-los-canarios-se-adhiere-a-los-principios-starlight-inspirando-a-su-alumnado-la-proteccion-del-cielo-nocturno\/#respond"]}]},{"@type":"WebPage","@id":"https:\/\/www.starsislandlapalma.es\/en\/el-ceip-los-canarios-se-adhiere-a-los-principios-starlight-inspirando-a-su-alumnado-la-proteccion-del-cielo-nocturno\/","url":"https:\/\/www.starsislandlapalma.es\/en\/el-ceip-los-canarios-se-adhiere-a-los-principios-starlight-inspirando-a-su-alumnado-la-proteccion-del-cielo-nocturno\/","name":"El CEIP Los Canarios se adhiere a los principios Starlight inspirando a su alumnado la protecci\u00f3n del cielo nocturno &#8902; Stars Island La Palma","isPartOf":{"@id":"https:\/\/www.starsislandlapalma.es\/#website"},"primaryImageOfPage":{"@id":"https:\/\/www.starsislandlapalma.es\/en\/el-ceip-los-canarios-se-adhiere-a-los-principios-starlight-inspirando-a-su-alumnado-la-proteccion-del-cielo-nocturno\/#primaryimage"},"image":{"@id":"https:\/\/www.starsislandlapalma.es\/en\/el-ceip-los-canarios-se-adhiere-a-los-principios-starlight-inspirando-a-su-alumnado-la-proteccion-del-cielo-nocturno\/#primaryimage"},"thumbnailUrl":"https:\/\/www.starsislandlapalma.es\/wp-content\/uploads\/2021\/06\/CEIP_Canarios_Starlight.jpg","datePublished":"2021-06-21T07:11:02+00:00","breadcrumb":{"@id":"https:\/\/www.starsislandlapalma.es\/en\/el-ceip-los-canarios-se-adhiere-a-los-principios-starlight-inspirando-a-su-alumnado-la-proteccion-del-cielo-nocturno\/#breadcrumb"},"inLanguage":"en-US","potentialAction":[{"@type":"ReadAction","target":["https:\/\/www.starsislandlapalma.es\/en\/el-ceip-los-canarios-se-adhiere-a-los-principios-starlight-inspirando-a-su-alumnado-la-proteccion-del-cielo-nocturno\/"]}]},{"@type":"ImageObject","inLanguage":"en-US","@id":"https:\/\/www.starsislandlapalma.es\/en\/el-ceip-los-canarios-se-adhiere-a-los-principios-starlight-inspirando-a-su-alumnado-la-proteccion-del-cielo-nocturno\/#primaryimage","url":"https:\/\/www.starsislandlapalma.es\/wp-content\/uploads\/2021\/06\/CEIP_Canarios_Starlight.jpg","contentUrl":"https:\/\/www.starsislandlapalma.es\/wp-content\/uploads\/2021\/06\/CEIP_Canarios_Starlight.jpg","width":1111,"height":837},{"@type":"BreadcrumbList","@id":"https:\/\/www.starsislandlapalma.es\/en\/el-ceip-los-canarios-se-adhiere-a-los-principios-starlight-inspirando-a-su-alumnado-la-proteccion-del-cielo-nocturno\/#breadcrumb","itemListElement":[{"@type":"ListItem","position":1,"name":"Portada","item":"https:\/\/www.starsislandlapalma.es\/en\/"},{"@type":"ListItem","position":2,"name":"El CEIP Los Canarios se adhiere a los principios Starlight inspirando a su alumnado la protecci\u00f3n del cielo nocturno"}]},{"@type":"WebSite","@id":"https:\/\/www.starsislandlapalma.es\/#website","url":"https:\/\/www.starsislandlapalma.es\/","name":"Stars Island La Palma","description":"La Palma, el lugar perfecto para disfrutar del universo. Primera Reserva Starlight del mundo, en 2012 se reconoce como Destino Tur\u00edstico Starlight","publisher":{"@id":"https:\/\/www.starsislandlapalma.es\/#organization"},"potentialAction":[{"@type":"SearchAction","target":{"@type":"EntryPoint","urlTemplate":"https:\/\/www.starsislandlapalma.es\/?s={search_term_string}"},"query-input":{"@type":"PropertyValueSpecification","valueRequired":true,"valueName":"search_term_string"}}],"inLanguage":"en-US"},{"@type":"Organization","@id":"https:\/\/www.starsislandlapalma.es\/#organization","name":"Star Island La Palma","url":"https:\/\/www.starsislandlapalma.es\/","logo":{"@type":"ImageObject","inLanguage":"en-US","@id":"https:\/\/www.starsislandlapalma.es\/#\/schema\/logo\/image\/","url":"https:\/\/www.starsislandlapalma.es\/wp-content\/uploads\/2022\/01\/logo_starisland.png","contentUrl":"https:\/\/www.starsislandlapalma.es\/wp-content\/uploads\/2022\/01\/logo_starisland.png","width":172,"height":139,"caption":"Star Island La Palma"},"image":{"@id":"https:\/\/www.starsislandlapalma.es\/#\/schema\/logo\/image\/"},"sameAs":["https:\/\/www.facebook.com\/pages\/Starsisland-La-Palma\/210888162375006?ref=hl","https:\/\/x.com\/starsislandlapa","https:\/\/www.pinterest.com\/astroturismo\/","https:\/\/www.youtube.com\/channel\/UCV7sju1ggcBpJG39HQCBtsA"]},{"@type":"Person","@id":"https:\/\/www.starsislandlapalma.es\/#\/schema\/person\/d2618b46c3dc5c031ddd56a658f9ab25","name":"StarsIsland","image":{"@type":"ImageObject","inLanguage":"en-US","@id":"https:\/\/www.starsislandlapalma.es\/#\/schema\/person\/image\/","url":"https:\/\/secure.gravatar.com\/avatar\/30a35f2b7b8f976566433f1ab7d6402f?s=96&d=mm&r=g","contentUrl":"https:\/\/secure.gravatar.com\/avatar\/30a35f2b7b8f976566433f1ab7d6402f?s=96&d=mm&r=g","caption":"StarsIsland"},"url":"https:\/\/www.starsislandlapalma.es\/en\/author\/starsisland\/"}]}},"_links":{"self":[{"href":"https:\/\/www.starsislandlapalma.es\/en\/wp-json\/wp\/v2\/posts\/22924\/"}],"collection":[{"href":"https:\/\/www.starsislandlapalma.es\/en\/wp-json\/wp\/v2\/posts\/"}],"about":[{"href":"https:\/\/www.starsislandlapalma.es\/en\/wp-json\/wp\/v2\/types\/post\/"}],"author":[{"embeddable":true,"href":"https:\/\/www.starsislandlapalma.es\/en\/wp-json\/wp\/v2\/users\/4\/"}],"replies":[{"embeddable":true,"href":"https:\/\/www.starsislandlapalma.es\/en\/wp-json\/wp\/v2\/comments\/?post=22924"}],"version-history":[{"count":0,"href":"https:\/\/www.starsislandlapalma.es\/en\/wp-json\/wp\/v2\/posts\/22924\/revisions\/"}],"wp:featuredmedia":[{"embeddable":true,"href":"https:\/\/www.starsislandlapalma.es\/en\/wp-json\/wp\/v2\/media\/22921\/"}],"wp:attachment":[{"href":"https:\/\/www.starsislandlapalma.es\/en\/wp-json\/wp\/v2\/media\/?parent=22924"}],"wp:term":[{"taxonomy":"category","embeddable":true,"href":"https:\/\/www.starsislandlapalma.es\/en\/wp-json\/wp\/v2\/categories\/?post=22924"},{"taxonomy":"post_tag","embeddable":true,"href":"https:\/\/www.starsislandlapalma.es\/en\/wp-json\/wp\/v2\/tags\/?post=22924"}],"curies":[{"name":"wp","href":"https:\/\/api.w.org\/{rel}","templated":true}]}}