{"id":23735,"date":"2021-10-29T10:53:12","date_gmt":"2021-10-29T10:53:12","guid":{"rendered":"https:\/\/www.starsislandlapalma.es\/bonus-earth-science-picture-of-the-day-la-palma-volcanic-eruption-and-earthquakes\/"},"modified":"2021-10-29T10:53:12","modified_gmt":"2021-10-29T10:53:12","slug":"bonus-earth-science-picture-of-the-day-la-palma-volcanic-eruption-and-earthquakes","status":"publish","type":"post","link":"https:\/\/www.starsislandlapalma.es\/en\/bonus-earth-science-picture-of-the-day-la-palma-volcanic-eruption-and-earthquakes\/","title":{"rendered":"Bonus Earth Science Picture of the Day La Palma Volcanic Eruption and Earthquakes. Photographer &#038; Summary Author: Jos\u00e9 Fern\u00e1ndez Arozena"},"content":{"rendered":"<blockquote class=\"instagram-media\" style=\"background: #FFF; border: 0; border-radius: 3px; box-shadow: 0 0 1px 0 rgba(0,0,0,0.5),0 1px 10px 0 rgba(0,0,0,0.15); margin: 1px; max-width: 540px; min-width: 326px; padding: 0; width: calc(100% - 2px);\" data-instgrm-captioned=\"\" data-instgrm-permalink=\"https:\/\/www.instagram.com\/p\/CVkXPbpBAbe\/?utm_source=ig_embed&amp;utm_campaign=loading\" data-instgrm-version=\"14\">\n<div style=\"padding: 16px;\">\n<p>&nbsp;<\/p>\n<div style=\"display: flex; flex-direction: row; align-items: center;\">\n<div style=\"background-color: #f4f4f4; border-radius: 50%; flex-grow: 0; height: 40px; margin-right: 14px; width: 40px;\"><\/div>\n<div style=\"display: flex; flex-direction: column; flex-grow: 1; justify-content: center;\">\n<div style=\"background-color: #f4f4f4; border-radius: 4px; flex-grow: 0; height: 14px; margin-bottom: 6px; width: 100px;\"><\/div>\n<div style=\"background-color: #f4f4f4; border-radius: 4px; flex-grow: 0; height: 14px; width: 60px;\"><\/div>\n<\/div>\n<\/div>\n<div style=\"padding: 19% 0;\"><\/div>\n<div style=\"display: block; height: 50px; margin: 0 auto 12px; width: 50px;\"><\/div>\n<div style=\"padding-top: 8px;\">\n<div style=\"color: #3897f0; font-family: Arial,sans-serif; font-size: 14px; font-style: normal; font-weight: 550; line-height: 18px;\">Ver esta publicaci\u00f3n en Instagram<\/div>\n<\/div>\n<div style=\"padding: 12.5% 0;\"><\/div>\n<div style=\"display: flex; flex-direction: row; margin-bottom: 14px; align-items: center;\">\n<div>\n<div style=\"background-color: #f4f4f4; border-radius: 50%; height: 12.5px; width: 12.5px; transform: translateX(0px) translateY(7px);\"><\/div>\n<div style=\"background-color: #f4f4f4; height: 12.5px; transform: rotate(-45deg) translateX(3px) translateY(1px); width: 12.5px; flex-grow: 0; margin-right: 14px; margin-left: 2px;\"><\/div>\n<div style=\"background-color: #f4f4f4; border-radius: 50%; height: 12.5px; width: 12.5px; transform: translateX(9px) translateY(-18px);\"><\/div>\n<\/div>\n<div style=\"margin-left: 8px;\">\n<div style=\"background-color: #f4f4f4; border-radius: 50%; flex-grow: 0; height: 20px; width: 20px;\"><\/div>\n<div style=\"width: 0; height: 0; border-top: 2px solid transparent; border-left: 6px solid #f4f4f4; border-bottom: 2px solid transparent; transform: translateX(16px) translateY(-4px) rotate(30deg);\"><\/div>\n<\/div>\n<div style=\"margin-left: auto;\">\n<div style=\"width: 0px; border-top: 8px solid #F4F4F4; border-right: 8px solid transparent; transform: translateY(16px);\"><\/div>\n<div style=\"background-color: #f4f4f4; flex-grow: 0; height: 12px; width: 16px; transform: translateY(-4px);\"><\/div>\n<div style=\"width: 0; height: 0; border-top: 8px solid #F4F4F4; border-left: 8px solid transparent; transform: translateY(-4px) translateX(8px);\"><\/div>\n<\/div>\n<\/div>\n<div style=\"display: flex; flex-direction: column; flex-grow: 1; justify-content: center; margin-bottom: 24px;\">\n<div style=\"background-color: #f4f4f4; border-radius: 4px; flex-grow: 0; height: 14px; margin-bottom: 6px; width: 224px;\"><\/div>\n<div style=\"background-color: #f4f4f4; border-radius: 4px; flex-grow: 0; height: 14px; width: 144px;\"><\/div>\n<\/div>\n<p>&nbsp;<\/p>\n<p style=\"color: #c9c8cd; font-family: Arial,sans-serif; font-size: 14px; line-height: 17px; margin-bottom: 0; margin-top: 8px; overflow: hidden; padding: 8px 0 7px; text-align: center; text-overflow: ellipsis; white-space: nowrap;\"><a style=\"color: #c9c8cd; font-family: Arial,sans-serif; font-size: 14px; font-style: normal; font-weight: normal; line-height: 17px; text-decoration: none;\" href=\"https:\/\/www.instagram.com\/p\/CVkXPbpBAbe\/?utm_source=ig_embed&amp;utm_campaign=loading\" target=\"_blank\" rel=\"noopener\">Una publicaci\u00f3n compartida por @earthpicoftheday<\/a><\/p>\n<\/div>\n<\/blockquote>\n<p><script async src=\"\/\/www.instagram.com\/embed.js\"><\/script><\/p>\n","protected":false},"excerpt":{"rendered":"<p>&nbsp; Ver esta publicaci\u00f3n en Instagram &nbsp; Una publicaci\u00f3n compartida por @earthpicoftheday<\/p>\n","protected":false},"author":2,"featured_media":23718,"comment_status":"open","ping_status":"open","sticky":false,"template":"","format":"standard","meta":{"footnotes":""},"categories":[136],"tags":[],"yoast_head":"<!-- This site is optimized with the Yoast SEO plugin v24.5 - https:\/\/yoast.com\/wordpress\/plugins\/seo\/ -->\n<title>Bonus Earth Science Picture of the Day La Palma Volcanic Eruption and Earthquakes. Photographer &amp; Summary Author: Jos\u00e9 Fern\u00e1ndez Arozena &#8902; Stars Island La Palma<\/title>\n<meta name=\"robots\" content=\"index, follow, max-snippet:-1, max-image-preview:large, max-video-preview:-1\" \/>\n<link rel=\"canonical\" href=\"https:\/\/www.starsislandlapalma.es\/en\/bonus-earth-science-picture-of-the-day-la-palma-volcanic-eruption-and-earthquakes\/\" \/>\n<meta property=\"og:locale\" content=\"en_US\" \/>\n<meta property=\"og:type\" content=\"article\" \/>\n<meta property=\"og:title\" content=\"Bonus Earth Science Picture of the Day La Palma Volcanic Eruption and Earthquakes. Photographer &amp; Summary Author: Jos\u00e9 Fern\u00e1ndez Arozena &#8902; Stars Island La Palma\" \/>\n<meta property=\"og:description\" content=\"&nbsp; Ver esta publicaci\u00f3n en Instagram &nbsp; Una publicaci\u00f3n compartida por @earthpicoftheday\" \/>\n<meta property=\"og:url\" content=\"https:\/\/www.starsislandlapalma.es\/en\/bonus-earth-science-picture-of-the-day-la-palma-volcanic-eruption-and-earthquakes\/\" \/>\n<meta property=\"og:site_name\" content=\"Stars Island La Palma\" \/>\n<meta property=\"article:publisher\" content=\"https:\/\/www.facebook.com\/pages\/Starsisland-La-Palma\/210888162375006?ref=hl\" \/>\n<meta property=\"article:published_time\" content=\"2021-10-29T10:53:12+00:00\" \/>\n<meta property=\"og:image\" content=\"https:\/\/www.starsislandlapalma.es\/wp-content\/uploads\/2021\/10\/usra.png\" \/>\n\t<meta property=\"og:image:width\" content=\"200\" \/>\n\t<meta property=\"og:image:height\" content=\"200\" \/>\n\t<meta property=\"og:image:type\" content=\"image\/png\" \/>\n<meta name=\"author\" content=\"StarIsland\" \/>\n<meta name=\"twitter:label1\" content=\"Written by\" \/>\n\t<meta name=\"twitter:data1\" content=\"StarIsland\" \/>\n<script type=\"application\/ld+json\" class=\"yoast-schema-graph\">{\"@context\":\"https:\/\/schema.org\",\"@graph\":[{\"@type\":\"Article\",\"@id\":\"https:\/\/www.starsislandlapalma.es\/en\/bonus-earth-science-picture-of-the-day-la-palma-volcanic-eruption-and-earthquakes\/#article\",\"isPartOf\":{\"@id\":\"https:\/\/www.starsislandlapalma.es\/en\/bonus-earth-science-picture-of-the-day-la-palma-volcanic-eruption-and-earthquakes\/\"},\"author\":{\"name\":\"StarIsland\",\"@id\":\"https:\/\/www.starsislandlapalma.es\/#\/schema\/person\/f13229a3b841af335ecd3f1dbd12ac3a\"},\"headline\":\"Bonus Earth Science Picture of the Day La Palma Volcanic Eruption and Earthquakes. Photographer &#038; Summary Author: Jos\u00e9 Fern\u00e1ndez Arozena\",\"datePublished\":\"2021-10-29T10:53:12+00:00\",\"mainEntityOfPage\":{\"@id\":\"https:\/\/www.starsislandlapalma.es\/en\/bonus-earth-science-picture-of-the-day-la-palma-volcanic-eruption-and-earthquakes\/\"},\"wordCount\":34,\"commentCount\":0,\"publisher\":{\"@id\":\"https:\/\/www.starsislandlapalma.es\/#organization\"},\"image\":{\"@id\":\"https:\/\/www.starsislandlapalma.es\/en\/bonus-earth-science-picture-of-the-day-la-palma-volcanic-eruption-and-earthquakes\/#primaryimage\"},\"thumbnailUrl\":\"https:\/\/www.starsislandlapalma.es\/wp-content\/uploads\/2021\/10\/usra.png\",\"articleSection\":[\"News\"],\"inLanguage\":\"en-US\",\"potentialAction\":[{\"@type\":\"CommentAction\",\"name\":\"Comment\",\"target\":[\"https:\/\/www.starsislandlapalma.es\/en\/bonus-earth-science-picture-of-the-day-la-palma-volcanic-eruption-and-earthquakes\/#respond\"]}]},{\"@type\":\"WebPage\",\"@id\":\"https:\/\/www.starsislandlapalma.es\/en\/bonus-earth-science-picture-of-the-day-la-palma-volcanic-eruption-and-earthquakes\/\",\"url\":\"https:\/\/www.starsislandlapalma.es\/en\/bonus-earth-science-picture-of-the-day-la-palma-volcanic-eruption-and-earthquakes\/\",\"name\":\"Bonus Earth Science Picture of the Day La Palma Volcanic Eruption and Earthquakes. Photographer & Summary Author: Jos\u00e9 Fern\u00e1ndez Arozena &#8902; Stars Island La Palma\",\"isPartOf\":{\"@id\":\"https:\/\/www.starsislandlapalma.es\/#website\"},\"primaryImageOfPage\":{\"@id\":\"https:\/\/www.starsislandlapalma.es\/en\/bonus-earth-science-picture-of-the-day-la-palma-volcanic-eruption-and-earthquakes\/#primaryimage\"},\"image\":{\"@id\":\"https:\/\/www.starsislandlapalma.es\/en\/bonus-earth-science-picture-of-the-day-la-palma-volcanic-eruption-and-earthquakes\/#primaryimage\"},\"thumbnailUrl\":\"https:\/\/www.starsislandlapalma.es\/wp-content\/uploads\/2021\/10\/usra.png\",\"datePublished\":\"2021-10-29T10:53:12+00:00\",\"breadcrumb\":{\"@id\":\"https:\/\/www.starsislandlapalma.es\/en\/bonus-earth-science-picture-of-the-day-la-palma-volcanic-eruption-and-earthquakes\/#breadcrumb\"},\"inLanguage\":\"en-US\",\"potentialAction\":[{\"@type\":\"ReadAction\",\"target\":[\"https:\/\/www.starsislandlapalma.es\/en\/bonus-earth-science-picture-of-the-day-la-palma-volcanic-eruption-and-earthquakes\/\"]}]},{\"@type\":\"ImageObject\",\"inLanguage\":\"en-US\",\"@id\":\"https:\/\/www.starsislandlapalma.es\/en\/bonus-earth-science-picture-of-the-day-la-palma-volcanic-eruption-and-earthquakes\/#primaryimage\",\"url\":\"https:\/\/www.starsislandlapalma.es\/wp-content\/uploads\/2021\/10\/usra.png\",\"contentUrl\":\"https:\/\/www.starsislandlapalma.es\/wp-content\/uploads\/2021\/10\/usra.png\",\"width\":200,\"height\":200},{\"@type\":\"BreadcrumbList\",\"@id\":\"https:\/\/www.starsislandlapalma.es\/en\/bonus-earth-science-picture-of-the-day-la-palma-volcanic-eruption-and-earthquakes\/#breadcrumb\",\"itemListElement\":[{\"@type\":\"ListItem\",\"position\":1,\"name\":\"Portada\",\"item\":\"https:\/\/www.starsislandlapalma.es\/en\/\"},{\"@type\":\"ListItem\",\"position\":2,\"name\":\"Bonus Earth Science Picture of the Day La Palma Volcanic Eruption and Earthquakes. Photographer &#038; Summary Author: Jos\u00e9 Fern\u00e1ndez Arozena\"}]},{\"@type\":\"WebSite\",\"@id\":\"https:\/\/www.starsislandlapalma.es\/#website\",\"url\":\"https:\/\/www.starsislandlapalma.es\/\",\"name\":\"Stars Island La Palma\",\"description\":\"La Palma, el lugar perfecto para disfrutar del universo. Primera Reserva Starlight del mundo, en 2012 se reconoce como Destino Tur\u00edstico Starlight\",\"publisher\":{\"@id\":\"https:\/\/www.starsislandlapalma.es\/#organization\"},\"potentialAction\":[{\"@type\":\"SearchAction\",\"target\":{\"@type\":\"EntryPoint\",\"urlTemplate\":\"https:\/\/www.starsislandlapalma.es\/?s={search_term_string}\"},\"query-input\":{\"@type\":\"PropertyValueSpecification\",\"valueRequired\":true,\"valueName\":\"search_term_string\"}}],\"inLanguage\":\"en-US\"},{\"@type\":\"Organization\",\"@id\":\"https:\/\/www.starsislandlapalma.es\/#organization\",\"name\":\"Star Island La Palma\",\"url\":\"https:\/\/www.starsislandlapalma.es\/\",\"logo\":{\"@type\":\"ImageObject\",\"inLanguage\":\"en-US\",\"@id\":\"https:\/\/www.starsislandlapalma.es\/#\/schema\/logo\/image\/\",\"url\":\"https:\/\/www.starsislandlapalma.es\/wp-content\/uploads\/2022\/01\/logo_starisland.png\",\"contentUrl\":\"https:\/\/www.starsislandlapalma.es\/wp-content\/uploads\/2022\/01\/logo_starisland.png\",\"width\":172,\"height\":139,\"caption\":\"Star Island La Palma\"},\"image\":{\"@id\":\"https:\/\/www.starsislandlapalma.es\/#\/schema\/logo\/image\/\"},\"sameAs\":[\"https:\/\/www.facebook.com\/pages\/Starsisland-La-Palma\/210888162375006?ref=hl\",\"https:\/\/x.com\/starsislandlapa\",\"https:\/\/www.pinterest.com\/astroturismo\/\",\"https:\/\/www.youtube.com\/channel\/UCV7sju1ggcBpJG39HQCBtsA\"]},{\"@type\":\"Person\",\"@id\":\"https:\/\/www.starsislandlapalma.es\/#\/schema\/person\/f13229a3b841af335ecd3f1dbd12ac3a\",\"name\":\"StarIsland\",\"image\":{\"@type\":\"ImageObject\",\"inLanguage\":\"en-US\",\"@id\":\"https:\/\/www.starsislandlapalma.es\/#\/schema\/person\/image\/\",\"url\":\"https:\/\/secure.gravatar.com\/avatar\/3cfee98e8471f9b7d33d9e257374fe5d?s=96&d=mm&r=g\",\"contentUrl\":\"https:\/\/secure.gravatar.com\/avatar\/3cfee98e8471f9b7d33d9e257374fe5d?s=96&d=mm&r=g\",\"caption\":\"StarIsland\"},\"url\":\"https:\/\/www.starsislandlapalma.es\/en\/author\/starisland\/\"}]}<\/script>\n<!-- \/ Yoast SEO plugin. -->","yoast_head_json":{"title":"Bonus Earth Science Picture of the Day La Palma Volcanic Eruption and Earthquakes. Photographer & Summary Author: Jos\u00e9 Fern\u00e1ndez Arozena &#8902; Stars Island La Palma","robots":{"index":"index","follow":"follow","max-snippet":"max-snippet:-1","max-image-preview":"max-image-preview:large","max-video-preview":"max-video-preview:-1"},"canonical":"https:\/\/www.starsislandlapalma.es\/en\/bonus-earth-science-picture-of-the-day-la-palma-volcanic-eruption-and-earthquakes\/","og_locale":"en_US","og_type":"article","og_title":"Bonus Earth Science Picture of the Day La Palma Volcanic Eruption and Earthquakes. Photographer & Summary Author: Jos\u00e9 Fern\u00e1ndez Arozena &#8902; Stars Island La Palma","og_description":"&nbsp; Ver esta publicaci\u00f3n en Instagram &nbsp; Una publicaci\u00f3n compartida por @earthpicoftheday","og_url":"https:\/\/www.starsislandlapalma.es\/en\/bonus-earth-science-picture-of-the-day-la-palma-volcanic-eruption-and-earthquakes\/","og_site_name":"Stars Island La Palma","article_publisher":"https:\/\/www.facebook.com\/pages\/Starsisland-La-Palma\/210888162375006?ref=hl","article_published_time":"2021-10-29T10:53:12+00:00","og_image":[{"width":200,"height":200,"url":"https:\/\/www.starsislandlapalma.es\/wp-content\/uploads\/2021\/10\/usra.png","type":"image\/png"}],"author":"StarIsland","twitter_misc":{"Written by":"StarIsland"},"schema":{"@context":"https:\/\/schema.org","@graph":[{"@type":"Article","@id":"https:\/\/www.starsislandlapalma.es\/en\/bonus-earth-science-picture-of-the-day-la-palma-volcanic-eruption-and-earthquakes\/#article","isPartOf":{"@id":"https:\/\/www.starsislandlapalma.es\/en\/bonus-earth-science-picture-of-the-day-la-palma-volcanic-eruption-and-earthquakes\/"},"author":{"name":"StarIsland","@id":"https:\/\/www.starsislandlapalma.es\/#\/schema\/person\/f13229a3b841af335ecd3f1dbd12ac3a"},"headline":"Bonus Earth Science Picture of the Day La Palma Volcanic Eruption and Earthquakes. Photographer &#038; Summary Author: Jos\u00e9 Fern\u00e1ndez Arozena","datePublished":"2021-10-29T10:53:12+00:00","mainEntityOfPage":{"@id":"https:\/\/www.starsislandlapalma.es\/en\/bonus-earth-science-picture-of-the-day-la-palma-volcanic-eruption-and-earthquakes\/"},"wordCount":34,"commentCount":0,"publisher":{"@id":"https:\/\/www.starsislandlapalma.es\/#organization"},"image":{"@id":"https:\/\/www.starsislandlapalma.es\/en\/bonus-earth-science-picture-of-the-day-la-palma-volcanic-eruption-and-earthquakes\/#primaryimage"},"thumbnailUrl":"https:\/\/www.starsislandlapalma.es\/wp-content\/uploads\/2021\/10\/usra.png","articleSection":["News"],"inLanguage":"en-US","potentialAction":[{"@type":"CommentAction","name":"Comment","target":["https:\/\/www.starsislandlapalma.es\/en\/bonus-earth-science-picture-of-the-day-la-palma-volcanic-eruption-and-earthquakes\/#respond"]}]},{"@type":"WebPage","@id":"https:\/\/www.starsislandlapalma.es\/en\/bonus-earth-science-picture-of-the-day-la-palma-volcanic-eruption-and-earthquakes\/","url":"https:\/\/www.starsislandlapalma.es\/en\/bonus-earth-science-picture-of-the-day-la-palma-volcanic-eruption-and-earthquakes\/","name":"Bonus Earth Science Picture of the Day La Palma Volcanic Eruption and Earthquakes. Photographer & Summary Author: Jos\u00e9 Fern\u00e1ndez Arozena &#8902; Stars Island La Palma","isPartOf":{"@id":"https:\/\/www.starsislandlapalma.es\/#website"},"primaryImageOfPage":{"@id":"https:\/\/www.starsislandlapalma.es\/en\/bonus-earth-science-picture-of-the-day-la-palma-volcanic-eruption-and-earthquakes\/#primaryimage"},"image":{"@id":"https:\/\/www.starsislandlapalma.es\/en\/bonus-earth-science-picture-of-the-day-la-palma-volcanic-eruption-and-earthquakes\/#primaryimage"},"thumbnailUrl":"https:\/\/www.starsislandlapalma.es\/wp-content\/uploads\/2021\/10\/usra.png","datePublished":"2021-10-29T10:53:12+00:00","breadcrumb":{"@id":"https:\/\/www.starsislandlapalma.es\/en\/bonus-earth-science-picture-of-the-day-la-palma-volcanic-eruption-and-earthquakes\/#breadcrumb"},"inLanguage":"en-US","potentialAction":[{"@type":"ReadAction","target":["https:\/\/www.starsislandlapalma.es\/en\/bonus-earth-science-picture-of-the-day-la-palma-volcanic-eruption-and-earthquakes\/"]}]},{"@type":"ImageObject","inLanguage":"en-US","@id":"https:\/\/www.starsislandlapalma.es\/en\/bonus-earth-science-picture-of-the-day-la-palma-volcanic-eruption-and-earthquakes\/#primaryimage","url":"https:\/\/www.starsislandlapalma.es\/wp-content\/uploads\/2021\/10\/usra.png","contentUrl":"https:\/\/www.starsislandlapalma.es\/wp-content\/uploads\/2021\/10\/usra.png","width":200,"height":200},{"@type":"BreadcrumbList","@id":"https:\/\/www.starsislandlapalma.es\/en\/bonus-earth-science-picture-of-the-day-la-palma-volcanic-eruption-and-earthquakes\/#breadcrumb","itemListElement":[{"@type":"ListItem","position":1,"name":"Portada","item":"https:\/\/www.starsislandlapalma.es\/en\/"},{"@type":"ListItem","position":2,"name":"Bonus Earth Science Picture of the Day La Palma Volcanic Eruption and Earthquakes. Photographer &#038; Summary Author: Jos\u00e9 Fern\u00e1ndez Arozena"}]},{"@type":"WebSite","@id":"https:\/\/www.starsislandlapalma.es\/#website","url":"https:\/\/www.starsislandlapalma.es\/","name":"Stars Island La Palma","description":"La Palma, el lugar perfecto para disfrutar del universo. Primera Reserva Starlight del mundo, en 2012 se reconoce como Destino Tur\u00edstico Starlight","publisher":{"@id":"https:\/\/www.starsislandlapalma.es\/#organization"},"potentialAction":[{"@type":"SearchAction","target":{"@type":"EntryPoint","urlTemplate":"https:\/\/www.starsislandlapalma.es\/?s={search_term_string}"},"query-input":{"@type":"PropertyValueSpecification","valueRequired":true,"valueName":"search_term_string"}}],"inLanguage":"en-US"},{"@type":"Organization","@id":"https:\/\/www.starsislandlapalma.es\/#organization","name":"Star Island La Palma","url":"https:\/\/www.starsislandlapalma.es\/","logo":{"@type":"ImageObject","inLanguage":"en-US","@id":"https:\/\/www.starsislandlapalma.es\/#\/schema\/logo\/image\/","url":"https:\/\/www.starsislandlapalma.es\/wp-content\/uploads\/2022\/01\/logo_starisland.png","contentUrl":"https:\/\/www.starsislandlapalma.es\/wp-content\/uploads\/2022\/01\/logo_starisland.png","width":172,"height":139,"caption":"Star Island La Palma"},"image":{"@id":"https:\/\/www.starsislandlapalma.es\/#\/schema\/logo\/image\/"},"sameAs":["https:\/\/www.facebook.com\/pages\/Starsisland-La-Palma\/210888162375006?ref=hl","https:\/\/x.com\/starsislandlapa","https:\/\/www.pinterest.com\/astroturismo\/","https:\/\/www.youtube.com\/channel\/UCV7sju1ggcBpJG39HQCBtsA"]},{"@type":"Person","@id":"https:\/\/www.starsislandlapalma.es\/#\/schema\/person\/f13229a3b841af335ecd3f1dbd12ac3a","name":"StarIsland","image":{"@type":"ImageObject","inLanguage":"en-US","@id":"https:\/\/www.starsislandlapalma.es\/#\/schema\/person\/image\/","url":"https:\/\/secure.gravatar.com\/avatar\/3cfee98e8471f9b7d33d9e257374fe5d?s=96&d=mm&r=g","contentUrl":"https:\/\/secure.gravatar.com\/avatar\/3cfee98e8471f9b7d33d9e257374fe5d?s=96&d=mm&r=g","caption":"StarIsland"},"url":"https:\/\/www.starsislandlapalma.es\/en\/author\/starisland\/"}]}},"_links":{"self":[{"href":"https:\/\/www.starsislandlapalma.es\/en\/wp-json\/wp\/v2\/posts\/23735\/"}],"collection":[{"href":"https:\/\/www.starsislandlapalma.es\/en\/wp-json\/wp\/v2\/posts\/"}],"about":[{"href":"https:\/\/www.starsislandlapalma.es\/en\/wp-json\/wp\/v2\/types\/post\/"}],"author":[{"embeddable":true,"href":"https:\/\/www.starsislandlapalma.es\/en\/wp-json\/wp\/v2\/users\/2\/"}],"replies":[{"embeddable":true,"href":"https:\/\/www.starsislandlapalma.es\/en\/wp-json\/wp\/v2\/comments\/?post=23735"}],"version-history":[{"count":0,"href":"https:\/\/www.starsislandlapalma.es\/en\/wp-json\/wp\/v2\/posts\/23735\/revisions\/"}],"wp:featuredmedia":[{"embeddable":true,"href":"https:\/\/www.starsislandlapalma.es\/en\/wp-json\/wp\/v2\/media\/23718\/"}],"wp:attachment":[{"href":"https:\/\/www.starsislandlapalma.es\/en\/wp-json\/wp\/v2\/media\/?parent=23735"}],"wp:term":[{"taxonomy":"category","embeddable":true,"href":"https:\/\/www.starsislandlapalma.es\/en\/wp-json\/wp\/v2\/categories\/?post=23735"},{"taxonomy":"post_tag","embeddable":true,"href":"https:\/\/www.starsislandlapalma.es\/en\/wp-json\/wp\/v2\/tags\/?post=23735"}],"curies":[{"name":"wp","href":"https:\/\/api.w.org\/{rel}","templated":true}]}}