{"id":24455,"date":"2021-11-30T07:49:05","date_gmt":"2021-11-30T07:49:05","guid":{"rendered":"https:\/\/www.starsislandlapalma.es\/unidos-por-la-palma\/"},"modified":"2022-01-13T11:00:34","modified_gmt":"2022-01-13T11:00:34","slug":"unidos-por-la-palma","status":"publish","type":"post","link":"https:\/\/www.starsislandlapalma.es\/en\/unidos-por-la-palma\/","title":{"rendered":"Unidos por La Palma"},"content":{"rendered":"<h6>Fuente de la informaci\u00f3n: <a href=\"https:\/\/www.latribunadeciudadreal.es\/Noticia\/Z0EF18693-A637-07B2-B141CA905E8FBCA4\/202111\/Unidos-por-La-Palma\" target=\"_blank\" rel=\"noopener\">www.latribunadeciudadreal.es<\/a><\/h6>\n<h2 class=\"Subtitulo\">El Hoyo, Solana del Pino y Brazatortas celebrar\u00e1n el 4 de diciembre para celebrar el &#8216;Apag\u00f3n Starlight por La Palma&#8217;<\/h2>\n<p>Los municipios de El Hoyo, Solana del Pino y Brazatortas se unen para celebrar el pr\u00f3ximo d\u00eda 4 de diciembre el &#8216;Apag\u00f3n Starlight por la Palma&#8217;, una iniciativa promovida por la Fundaci\u00f3n Starlight de solidaridad con el pueblo de la Palma y para poner en valor el cielo oscuro como patrimonio cultural, cient\u00edfico y medioambiental.<\/p>\n<p>Valle de Alcudia y Sierra Madrona est\u00e1 catalogado como destino Starlight, lo que certifica la calidad de sus cielos para la observaci\u00f3n astron\u00f3mica. Esto, seg\u00fan los organizadores, &#8220;nos motiva para comprometernos con la divulgaci\u00f3n de la astronom\u00eda y la conservaci\u00f3n del cielo nocturno, evitando la contaminaci\u00f3n lum\u00ednica y sensibilizando a trav\u00e9s del conocimiento a la ciudadan\u00eda&#8221;.<\/p>\n<p>Ocho municipios conforman el Destino Starlight: Almod\u00f3var del Campo, Fuencaliente, Mestanza, Cabezarrubias del Puerto, Hinojosas de Calatrava, Brazatortas, Solana del Pino y San Lorenzo de Calatrava.<\/p>\n<p>La Palma es la primera Reserva y Destino Starlight del mundo. Con el objetivo de poder ayudar econ\u00f3micamente a las familias damnificadas por la erupci\u00f3n del volc\u00e1n de La Palma, la Fundaci\u00f3n Starlight donar\u00e1 un paquete de ayudas econ\u00f3micas por un valor de 20.000 euros para familias con ni\u00f1os menores de 18 a\u00f1os con el fin de intentar cubrir, en la medida de lo posible, algunas necesidades educativas as\u00ed como asistenciales (alimentos o ropa).<\/p>\n<p>Precisamente, el t\u00e9rmino Apag\u00f3n se acu\u00f1\u00f3 en La Palma para designar la actividad que se realiza cada 20 de abril para celebrar la Declaraci\u00f3n Starlight o de La Palma, tambi\u00e9n llamada Noche Mundial Starlight. En este evento, hasta la fecha gratuito, se propone la recaudaci\u00f3n de fondos mediante entradas o donaciones. La fecha propuesta inicialmente para el &#8216;Apag\u00f3n Starlight&#8217; es el s\u00e1bado 4 de diciembre.<\/p>\n<p><img decoding=\"async\" class=\"alignleft size-full wp-image-24306\" src=\"https:\/\/www.starsislandlapalma.es\/wp-content\/uploads\/2021\/11\/starlight.jpg\" alt=\"\" width=\"593\" height=\"841\" srcset=\"https:\/\/www.starsislandlapalma.es\/wp-content\/uploads\/2021\/11\/starlight.jpg 593w, https:\/\/www.starsislandlapalma.es\/wp-content\/uploads\/2021\/11\/starlight-212x300.jpg 212w\" sizes=\"(max-width: 593px) 100vw, 593px\" \/><\/p>\n","protected":false},"excerpt":{"rendered":"<p>Fuente de la informaci\u00f3n: www.latribunadeciudadreal.es El Hoyo, Solana del Pino y Brazatortas celebrar\u00e1n el 4 de diciembre para celebrar el &#8216;Apag\u00f3n Starlight por La Palma&#8217; Los municipios de El Hoyo, Solana del Pino y Brazatortas se unen para celebrar el pr\u00f3ximo d\u00eda 4 de diciembre&#8230;<\/p>\n","protected":false},"author":1,"featured_media":24307,"comment_status":"open","ping_status":"open","sticky":false,"template":"","format":"standard","meta":{"footnotes":""},"categories":[139,136],"tags":[],"yoast_head":"<!-- This site is optimized with the Yoast SEO plugin v24.5 - https:\/\/yoast.com\/wordpress\/plugins\/seo\/ -->\n<title>Unidos por La Palma &#8902; Stars Island La Palma<\/title>\n<meta name=\"robots\" content=\"index, follow, max-snippet:-1, max-image-preview:large, max-video-preview:-1\" \/>\n<link rel=\"canonical\" href=\"https:\/\/www.starsislandlapalma.es\/en\/unidos-por-la-palma\/\" \/>\n<meta property=\"og:locale\" content=\"en_US\" \/>\n<meta property=\"og:type\" content=\"article\" \/>\n<meta property=\"og:title\" content=\"Unidos por La Palma &#8902; Stars Island La Palma\" \/>\n<meta property=\"og:description\" content=\"Fuente de la informaci\u00f3n: www.latribunadeciudadreal.es El Hoyo, Solana del Pino y Brazatortas celebrar\u00e1n el 4 de diciembre para celebrar el &#8216;Apag\u00f3n Starlight por La Palma&#8217; Los municipios de El Hoyo, Solana del Pino y Brazatortas se unen para celebrar el pr\u00f3ximo d\u00eda 4 de diciembre...\" \/>\n<meta property=\"og:url\" content=\"https:\/\/www.starsislandlapalma.es\/en\/unidos-por-la-palma\/\" \/>\n<meta property=\"og:site_name\" content=\"Stars Island La Palma\" \/>\n<meta property=\"article:publisher\" content=\"https:\/\/www.facebook.com\/pages\/Starsisland-La-Palma\/210888162375006?ref=hl\" \/>\n<meta property=\"article:published_time\" content=\"2021-11-30T07:49:05+00:00\" \/>\n<meta property=\"article:modified_time\" content=\"2022-01-13T11:00:34+00:00\" \/>\n<meta property=\"og:image\" content=\"https:\/\/www.starsislandlapalma.es\/wp-content\/uploads\/2021\/11\/starlight.jpg\" \/>\n\t<meta property=\"og:image:width\" content=\"593\" \/>\n\t<meta property=\"og:image:height\" content=\"841\" \/>\n\t<meta property=\"og:image:type\" content=\"image\/jpeg\" \/>\n<meta name=\"author\" content=\"Stars Island La Palma\" \/>\n<meta name=\"twitter:label1\" content=\"Written by\" \/>\n\t<meta name=\"twitter:data1\" content=\"Stars Island La Palma\" \/>\n\t<meta name=\"twitter:label2\" content=\"Est. reading time\" \/>\n\t<meta name=\"twitter:data2\" content=\"2 minutes\" \/>\n<script type=\"application\/ld+json\" class=\"yoast-schema-graph\">{\"@context\":\"https:\/\/schema.org\",\"@graph\":[{\"@type\":\"Article\",\"@id\":\"https:\/\/www.starsislandlapalma.es\/en\/unidos-por-la-palma\/#article\",\"isPartOf\":{\"@id\":\"https:\/\/www.starsislandlapalma.es\/en\/unidos-por-la-palma\/\"},\"author\":{\"name\":\"Stars Island La Palma\",\"@id\":\"https:\/\/www.starsislandlapalma.es\/#\/schema\/person\/9043f5bd4f379ca7532bf525fa88073b\"},\"headline\":\"Unidos por La Palma\",\"datePublished\":\"2021-11-30T07:49:05+00:00\",\"dateModified\":\"2022-01-13T11:00:34+00:00\",\"mainEntityOfPage\":{\"@id\":\"https:\/\/www.starsislandlapalma.es\/en\/unidos-por-la-palma\/\"},\"wordCount\":334,\"commentCount\":0,\"publisher\":{\"@id\":\"https:\/\/www.starsislandlapalma.es\/#organization\"},\"image\":{\"@id\":\"https:\/\/www.starsislandlapalma.es\/en\/unidos-por-la-palma\/#primaryimage\"},\"thumbnailUrl\":\"https:\/\/www.starsislandlapalma.es\/wp-content\/uploads\/2021\/11\/starlight.jpg\",\"articleSection\":[\"Events\",\"News\"],\"inLanguage\":\"en-US\",\"potentialAction\":[{\"@type\":\"CommentAction\",\"name\":\"Comment\",\"target\":[\"https:\/\/www.starsislandlapalma.es\/en\/unidos-por-la-palma\/#respond\"]}]},{\"@type\":\"WebPage\",\"@id\":\"https:\/\/www.starsislandlapalma.es\/en\/unidos-por-la-palma\/\",\"url\":\"https:\/\/www.starsislandlapalma.es\/en\/unidos-por-la-palma\/\",\"name\":\"Unidos por La Palma &#8902; Stars Island La Palma\",\"isPartOf\":{\"@id\":\"https:\/\/www.starsislandlapalma.es\/#website\"},\"primaryImageOfPage\":{\"@id\":\"https:\/\/www.starsislandlapalma.es\/en\/unidos-por-la-palma\/#primaryimage\"},\"image\":{\"@id\":\"https:\/\/www.starsislandlapalma.es\/en\/unidos-por-la-palma\/#primaryimage\"},\"thumbnailUrl\":\"https:\/\/www.starsislandlapalma.es\/wp-content\/uploads\/2021\/11\/starlight.jpg\",\"datePublished\":\"2021-11-30T07:49:05+00:00\",\"dateModified\":\"2022-01-13T11:00:34+00:00\",\"breadcrumb\":{\"@id\":\"https:\/\/www.starsislandlapalma.es\/en\/unidos-por-la-palma\/#breadcrumb\"},\"inLanguage\":\"en-US\",\"potentialAction\":[{\"@type\":\"ReadAction\",\"target\":[\"https:\/\/www.starsislandlapalma.es\/en\/unidos-por-la-palma\/\"]}]},{\"@type\":\"ImageObject\",\"inLanguage\":\"en-US\",\"@id\":\"https:\/\/www.starsislandlapalma.es\/en\/unidos-por-la-palma\/#primaryimage\",\"url\":\"https:\/\/www.starsislandlapalma.es\/wp-content\/uploads\/2021\/11\/starlight.jpg\",\"contentUrl\":\"https:\/\/www.starsislandlapalma.es\/wp-content\/uploads\/2021\/11\/starlight.jpg\",\"width\":593,\"height\":841},{\"@type\":\"BreadcrumbList\",\"@id\":\"https:\/\/www.starsislandlapalma.es\/en\/unidos-por-la-palma\/#breadcrumb\",\"itemListElement\":[{\"@type\":\"ListItem\",\"position\":1,\"name\":\"Portada\",\"item\":\"https:\/\/www.starsislandlapalma.es\/en\/\"},{\"@type\":\"ListItem\",\"position\":2,\"name\":\"Unidos por La Palma\"}]},{\"@type\":\"WebSite\",\"@id\":\"https:\/\/www.starsislandlapalma.es\/#website\",\"url\":\"https:\/\/www.starsislandlapalma.es\/\",\"name\":\"Stars Island La Palma\",\"description\":\"La Palma, el lugar perfecto para disfrutar del universo. Primera Reserva Starlight del mundo, en 2012 se reconoce como Destino Tur\u00edstico Starlight\",\"publisher\":{\"@id\":\"https:\/\/www.starsislandlapalma.es\/#organization\"},\"potentialAction\":[{\"@type\":\"SearchAction\",\"target\":{\"@type\":\"EntryPoint\",\"urlTemplate\":\"https:\/\/www.starsislandlapalma.es\/?s={search_term_string}\"},\"query-input\":{\"@type\":\"PropertyValueSpecification\",\"valueRequired\":true,\"valueName\":\"search_term_string\"}}],\"inLanguage\":\"en-US\"},{\"@type\":\"Organization\",\"@id\":\"https:\/\/www.starsislandlapalma.es\/#organization\",\"name\":\"Star Island La Palma\",\"url\":\"https:\/\/www.starsislandlapalma.es\/\",\"logo\":{\"@type\":\"ImageObject\",\"inLanguage\":\"en-US\",\"@id\":\"https:\/\/www.starsislandlapalma.es\/#\/schema\/logo\/image\/\",\"url\":\"https:\/\/www.starsislandlapalma.es\/wp-content\/uploads\/2022\/01\/logo_starisland.png\",\"contentUrl\":\"https:\/\/www.starsislandlapalma.es\/wp-content\/uploads\/2022\/01\/logo_starisland.png\",\"width\":172,\"height\":139,\"caption\":\"Star Island La Palma\"},\"image\":{\"@id\":\"https:\/\/www.starsislandlapalma.es\/#\/schema\/logo\/image\/\"},\"sameAs\":[\"https:\/\/www.facebook.com\/pages\/Starsisland-La-Palma\/210888162375006?ref=hl\",\"https:\/\/x.com\/starsislandlapa\",\"https:\/\/www.pinterest.com\/astroturismo\/\",\"https:\/\/www.youtube.com\/channel\/UCV7sju1ggcBpJG39HQCBtsA\"]},{\"@type\":\"Person\",\"@id\":\"https:\/\/www.starsislandlapalma.es\/#\/schema\/person\/9043f5bd4f379ca7532bf525fa88073b\",\"name\":\"Stars Island La Palma\",\"image\":{\"@type\":\"ImageObject\",\"inLanguage\":\"en-US\",\"@id\":\"https:\/\/www.starsislandlapalma.es\/#\/schema\/person\/image\/\",\"url\":\"https:\/\/secure.gravatar.com\/avatar\/214edfeae37af83662fa1058aeebfb41?s=96&d=mm&r=g\",\"contentUrl\":\"https:\/\/secure.gravatar.com\/avatar\/214edfeae37af83662fa1058aeebfb41?s=96&d=mm&r=g\",\"caption\":\"Stars Island La Palma\"},\"url\":\"https:\/\/www.starsislandlapalma.es\/en\/author\/star\/\"}]}<\/script>\n<!-- \/ Yoast SEO plugin. -->","yoast_head_json":{"title":"Unidos por La Palma &#8902; Stars Island La Palma","robots":{"index":"index","follow":"follow","max-snippet":"max-snippet:-1","max-image-preview":"max-image-preview:large","max-video-preview":"max-video-preview:-1"},"canonical":"https:\/\/www.starsislandlapalma.es\/en\/unidos-por-la-palma\/","og_locale":"en_US","og_type":"article","og_title":"Unidos por La Palma &#8902; Stars Island La Palma","og_description":"Fuente de la informaci\u00f3n: www.latribunadeciudadreal.es El Hoyo, Solana del Pino y Brazatortas celebrar\u00e1n el 4 de diciembre para celebrar el &#8216;Apag\u00f3n Starlight por La Palma&#8217; Los municipios de El Hoyo, Solana del Pino y Brazatortas se unen para celebrar el pr\u00f3ximo d\u00eda 4 de diciembre...","og_url":"https:\/\/www.starsislandlapalma.es\/en\/unidos-por-la-palma\/","og_site_name":"Stars Island La Palma","article_publisher":"https:\/\/www.facebook.com\/pages\/Starsisland-La-Palma\/210888162375006?ref=hl","article_published_time":"2021-11-30T07:49:05+00:00","article_modified_time":"2022-01-13T11:00:34+00:00","og_image":[{"width":593,"height":841,"url":"https:\/\/www.starsislandlapalma.es\/wp-content\/uploads\/2021\/11\/starlight.jpg","type":"image\/jpeg"}],"author":"Stars Island La Palma","twitter_misc":{"Written by":"Stars Island La Palma","Est. reading time":"2 minutes"},"schema":{"@context":"https:\/\/schema.org","@graph":[{"@type":"Article","@id":"https:\/\/www.starsislandlapalma.es\/en\/unidos-por-la-palma\/#article","isPartOf":{"@id":"https:\/\/www.starsislandlapalma.es\/en\/unidos-por-la-palma\/"},"author":{"name":"Stars Island La Palma","@id":"https:\/\/www.starsislandlapalma.es\/#\/schema\/person\/9043f5bd4f379ca7532bf525fa88073b"},"headline":"Unidos por La Palma","datePublished":"2021-11-30T07:49:05+00:00","dateModified":"2022-01-13T11:00:34+00:00","mainEntityOfPage":{"@id":"https:\/\/www.starsislandlapalma.es\/en\/unidos-por-la-palma\/"},"wordCount":334,"commentCount":0,"publisher":{"@id":"https:\/\/www.starsislandlapalma.es\/#organization"},"image":{"@id":"https:\/\/www.starsislandlapalma.es\/en\/unidos-por-la-palma\/#primaryimage"},"thumbnailUrl":"https:\/\/www.starsislandlapalma.es\/wp-content\/uploads\/2021\/11\/starlight.jpg","articleSection":["Events","News"],"inLanguage":"en-US","potentialAction":[{"@type":"CommentAction","name":"Comment","target":["https:\/\/www.starsislandlapalma.es\/en\/unidos-por-la-palma\/#respond"]}]},{"@type":"WebPage","@id":"https:\/\/www.starsislandlapalma.es\/en\/unidos-por-la-palma\/","url":"https:\/\/www.starsislandlapalma.es\/en\/unidos-por-la-palma\/","name":"Unidos por La Palma &#8902; Stars Island La Palma","isPartOf":{"@id":"https:\/\/www.starsislandlapalma.es\/#website"},"primaryImageOfPage":{"@id":"https:\/\/www.starsislandlapalma.es\/en\/unidos-por-la-palma\/#primaryimage"},"image":{"@id":"https:\/\/www.starsislandlapalma.es\/en\/unidos-por-la-palma\/#primaryimage"},"thumbnailUrl":"https:\/\/www.starsislandlapalma.es\/wp-content\/uploads\/2021\/11\/starlight.jpg","datePublished":"2021-11-30T07:49:05+00:00","dateModified":"2022-01-13T11:00:34+00:00","breadcrumb":{"@id":"https:\/\/www.starsislandlapalma.es\/en\/unidos-por-la-palma\/#breadcrumb"},"inLanguage":"en-US","potentialAction":[{"@type":"ReadAction","target":["https:\/\/www.starsislandlapalma.es\/en\/unidos-por-la-palma\/"]}]},{"@type":"ImageObject","inLanguage":"en-US","@id":"https:\/\/www.starsislandlapalma.es\/en\/unidos-por-la-palma\/#primaryimage","url":"https:\/\/www.starsislandlapalma.es\/wp-content\/uploads\/2021\/11\/starlight.jpg","contentUrl":"https:\/\/www.starsislandlapalma.es\/wp-content\/uploads\/2021\/11\/starlight.jpg","width":593,"height":841},{"@type":"BreadcrumbList","@id":"https:\/\/www.starsislandlapalma.es\/en\/unidos-por-la-palma\/#breadcrumb","itemListElement":[{"@type":"ListItem","position":1,"name":"Portada","item":"https:\/\/www.starsislandlapalma.es\/en\/"},{"@type":"ListItem","position":2,"name":"Unidos por La Palma"}]},{"@type":"WebSite","@id":"https:\/\/www.starsislandlapalma.es\/#website","url":"https:\/\/www.starsislandlapalma.es\/","name":"Stars Island La Palma","description":"La Palma, el lugar perfecto para disfrutar del universo. Primera Reserva Starlight del mundo, en 2012 se reconoce como Destino Tur\u00edstico Starlight","publisher":{"@id":"https:\/\/www.starsislandlapalma.es\/#organization"},"potentialAction":[{"@type":"SearchAction","target":{"@type":"EntryPoint","urlTemplate":"https:\/\/www.starsislandlapalma.es\/?s={search_term_string}"},"query-input":{"@type":"PropertyValueSpecification","valueRequired":true,"valueName":"search_term_string"}}],"inLanguage":"en-US"},{"@type":"Organization","@id":"https:\/\/www.starsislandlapalma.es\/#organization","name":"Star Island La Palma","url":"https:\/\/www.starsislandlapalma.es\/","logo":{"@type":"ImageObject","inLanguage":"en-US","@id":"https:\/\/www.starsislandlapalma.es\/#\/schema\/logo\/image\/","url":"https:\/\/www.starsislandlapalma.es\/wp-content\/uploads\/2022\/01\/logo_starisland.png","contentUrl":"https:\/\/www.starsislandlapalma.es\/wp-content\/uploads\/2022\/01\/logo_starisland.png","width":172,"height":139,"caption":"Star Island La Palma"},"image":{"@id":"https:\/\/www.starsislandlapalma.es\/#\/schema\/logo\/image\/"},"sameAs":["https:\/\/www.facebook.com\/pages\/Starsisland-La-Palma\/210888162375006?ref=hl","https:\/\/x.com\/starsislandlapa","https:\/\/www.pinterest.com\/astroturismo\/","https:\/\/www.youtube.com\/channel\/UCV7sju1ggcBpJG39HQCBtsA"]},{"@type":"Person","@id":"https:\/\/www.starsislandlapalma.es\/#\/schema\/person\/9043f5bd4f379ca7532bf525fa88073b","name":"Stars Island La Palma","image":{"@type":"ImageObject","inLanguage":"en-US","@id":"https:\/\/www.starsislandlapalma.es\/#\/schema\/person\/image\/","url":"https:\/\/secure.gravatar.com\/avatar\/214edfeae37af83662fa1058aeebfb41?s=96&d=mm&r=g","contentUrl":"https:\/\/secure.gravatar.com\/avatar\/214edfeae37af83662fa1058aeebfb41?s=96&d=mm&r=g","caption":"Stars Island La Palma"},"url":"https:\/\/www.starsislandlapalma.es\/en\/author\/star\/"}]}},"_links":{"self":[{"href":"https:\/\/www.starsislandlapalma.es\/en\/wp-json\/wp\/v2\/posts\/24455\/"}],"collection":[{"href":"https:\/\/www.starsislandlapalma.es\/en\/wp-json\/wp\/v2\/posts\/"}],"about":[{"href":"https:\/\/www.starsislandlapalma.es\/en\/wp-json\/wp\/v2\/types\/post\/"}],"author":[{"embeddable":true,"href":"https:\/\/www.starsislandlapalma.es\/en\/wp-json\/wp\/v2\/users\/1\/"}],"replies":[{"embeddable":true,"href":"https:\/\/www.starsislandlapalma.es\/en\/wp-json\/wp\/v2\/comments\/?post=24455"}],"version-history":[{"count":0,"href":"https:\/\/www.starsislandlapalma.es\/en\/wp-json\/wp\/v2\/posts\/24455\/revisions\/"}],"wp:featuredmedia":[{"embeddable":true,"href":"https:\/\/www.starsislandlapalma.es\/en\/wp-json\/wp\/v2\/media\/24307\/"}],"wp:attachment":[{"href":"https:\/\/www.starsislandlapalma.es\/en\/wp-json\/wp\/v2\/media\/?parent=24455"}],"wp:term":[{"taxonomy":"category","embeddable":true,"href":"https:\/\/www.starsislandlapalma.es\/en\/wp-json\/wp\/v2\/categories\/?post=24455"},{"taxonomy":"post_tag","embeddable":true,"href":"https:\/\/www.starsislandlapalma.es\/en\/wp-json\/wp\/v2\/tags\/?post=24455"}],"curies":[{"name":"wp","href":"https:\/\/api.w.org\/{rel}","templated":true}]}}