{"id":24469,"date":"2021-12-15T11:37:59","date_gmt":"2021-12-15T11:37:59","guid":{"rendered":"https:\/\/www.starsislandlapalma.es\/fuerteventura-la-palma-y-tenerife-unidas-por-el-astroturismo\/"},"modified":"2022-01-13T11:54:59","modified_gmt":"2022-01-13T11:54:59","slug":"fuerteventura-la-palma-y-tenerife-unidas-por-el-astroturismo","status":"publish","type":"post","link":"https:\/\/www.starsislandlapalma.es\/en\/fuerteventura-la-palma-y-tenerife-unidas-por-el-astroturismo\/","title":{"rendered":"Fuerteventura, La Palma y Tenerife unidas por el astroturismo"},"content":{"rendered":"<ul>\n<li class=\"first last\">La compa\u00f1\u00eda Ecowildlife Travel cierra un acuerdo en el pasado Festival de Ecoexperiencias de Fuerteventura para lanzar un producto de Astroturismo al que se suman Arag\u00f3n y Andaluc\u00eda<\/li>\n<\/ul>\n<p>La agencia mayorista de ecoturismo Ecowildlife Travel ha llegado a un acuerdo durante el pasado Festival de Ecoexperiencias de Fuerteventura para promover el astroturismo, una iniciativa que recorrer\u00e1 los cielos y las reservas de la biosfera de Fuerteventura, La Palma y Tenerife como activo ecotur\u00edstico de primer orden.<\/p>\n<p>A la iniciativa se han sumado ya varios territorios peninsulares con sus respectivas reservas starlight como Arag\u00f3n con la Reserva de Javalambre (Teruel) y Andaluc\u00eda (observatorio de la Sierra Sur de Ja\u00e9n).<\/p>\n<p>Se trata, seg\u00fan el CEO de Ecowildlife Travel, Jos\u00e9 Luis Rivera &#8220;de poner en valor unos cielos perfectos para la observaci\u00f3n astron\u00f3mica a trav\u00e9s de una serie de empresas comprometidas con la sostenibilidad y que nos ayudan a mostrar la otra cara del Archipi\u00e9lago, la que se aleja del producto sol y playa y mira al interior de las islas y sus bellezas naturales, es decir, hacer de su periplo por Canarias toda una experiencia que a\u00fane astroturismo, enoturismo, gastronom\u00eda y senderismo.&#8221;<\/p>\n<p>Desde Ecowildlife Travel, que destaca que este producto comenzar\u00e1 a comercializarse en junio del pr\u00f3ximo a\u00f1o, se llevar\u00e1n a cabo tambi\u00e9n iniciativas para eliminar la huella de carbono de los viajeros que recorran las islas con la plantaci\u00f3n de especies aut\u00f3ctonas en destino a trav\u00e9s de la colaboraci\u00f3n con colectivos y asociaciones medioambientales de nuestro territorio, una forma perfectamente v\u00e1lida y comprometida para minimizar el impacto de los viajes en los territorios insulares.<\/p>\n<p>Este producto ecotur\u00edstico ha llamado poderosamente la atenci\u00f3n tambi\u00e9n en otros lugares de la pen\u00ednsula ib\u00e9rica como es el caso de la Comarca G\u00fadar Javalambre en Teruel que tiene la certificaci\u00f3n de Reserva y Destino Starlight, desde noviembre de 2016, al tratarse de una zona con unos de los cielos nocturnos con m\u00e1s calidad de Europa.<\/p>\n<p>Prueba de ello es que en la Comarca est\u00e1 instalado el Observatorio Astrof\u00edsico de Javalambre (OAJ), en el Pico del Buitre, a casi 2000 msnm. Se da la circunstancia que pr\u00f3ximamente se llevar\u00e1 a cabo la apertura de un centro de interpretaci\u00f3n astron\u00f3mica denominado Gal\u00e1ctica, y que estar\u00e1 ubicado en Arcos de las Salinas, donde se realizar\u00e1n todo tipo de actividades relacionadas con la difusi\u00f3n, estudio, observaci\u00f3n y defensa de los cielos nocturnos.<\/p>\n<p>Otro de los destinos que se sumar\u00e1n a esta iniciativa ser\u00e1 la Sierra Sur de Ja\u00e9n, un entorno privilegiado para la pr\u00e1ctica del astroturismo a nivel nacional y que cuenta con algunos de los cielos m\u00e1s limpios\u00a0 de Espa\u00f1a como las nueve reservas starlight de la provincia andaluza focalizados en La Carolina, Ba\u00f1os de la Encina, Marmolejo o el Alto de la Pandera entre otros.<\/p>\n<p>&nbsp;<\/p>\n<p>Fuente de la informaci\u00f3n: <a href=\"https:\/\/www.diariodefuerteventura.com\/noticia\/fuerteventura-la-palma-y-tenerife-unidas-por-el-astroturismo\" target=\"_blank\" rel=\"noopener\">www.diariodefuerteventura.com<\/a><\/p>\n<p>&nbsp;<\/p>\n<p>&nbsp;<\/p>\n<p>&nbsp;<\/p>\n<p>&nbsp;<\/p>\n<p>&nbsp;<\/p>\n","protected":false},"excerpt":{"rendered":"<p>La compa\u00f1\u00eda Ecowildlife Travel cierra un acuerdo en el pasado Festival de Ecoexperiencias de Fuerteventura para lanzar un producto de Astroturismo al que se suman Arag\u00f3n y Andaluc\u00eda La agencia mayorista de ecoturismo Ecowildlife Travel ha llegado a un acuerdo durante el pasado Festival de&#8230;<\/p>\n","protected":false},"author":1,"featured_media":24326,"comment_status":"open","ping_status":"open","sticky":false,"template":"","format":"standard","meta":{"footnotes":""},"categories":[136],"tags":[175,867,868],"yoast_head":"<!-- This site is optimized with the Yoast SEO plugin v24.5 - https:\/\/yoast.com\/wordpress\/plugins\/seo\/ -->\n<title>Fuerteventura, La Palma y Tenerife unidas por el astroturismo &#8902; Stars Island La Palma<\/title>\n<meta name=\"robots\" content=\"index, follow, max-snippet:-1, max-image-preview:large, max-video-preview:-1\" \/>\n<link rel=\"canonical\" href=\"https:\/\/www.starsislandlapalma.es\/en\/fuerteventura-la-palma-y-tenerife-unidas-por-el-astroturismo\/\" \/>\n<meta property=\"og:locale\" content=\"en_US\" \/>\n<meta property=\"og:type\" content=\"article\" \/>\n<meta property=\"og:title\" content=\"Fuerteventura, La Palma y Tenerife unidas por el astroturismo &#8902; Stars Island La Palma\" \/>\n<meta property=\"og:description\" content=\"La compa\u00f1\u00eda Ecowildlife Travel cierra un acuerdo en el pasado Festival de Ecoexperiencias de Fuerteventura para lanzar un producto de Astroturismo al que se suman Arag\u00f3n y Andaluc\u00eda La agencia mayorista de ecoturismo Ecowildlife Travel ha llegado a un acuerdo durante el pasado Festival de...\" \/>\n<meta property=\"og:url\" content=\"https:\/\/www.starsislandlapalma.es\/en\/fuerteventura-la-palma-y-tenerife-unidas-por-el-astroturismo\/\" \/>\n<meta property=\"og:site_name\" content=\"Stars Island La Palma\" \/>\n<meta property=\"article:publisher\" content=\"https:\/\/www.facebook.com\/pages\/Starsisland-La-Palma\/210888162375006?ref=hl\" \/>\n<meta property=\"article:published_time\" content=\"2021-12-15T11:37:59+00:00\" \/>\n<meta property=\"article:modified_time\" content=\"2022-01-13T11:54:59+00:00\" \/>\n<meta property=\"og:image\" content=\"https:\/\/www.starsislandlapalma.es\/wp-content\/uploads\/2021\/12\/15122021-cielodelapalma660.jpg\" \/>\n\t<meta property=\"og:image:width\" content=\"660\" \/>\n\t<meta property=\"og:image:height\" content=\"440\" \/>\n\t<meta property=\"og:image:type\" content=\"image\/jpeg\" \/>\n<meta name=\"author\" content=\"Stars Island La Palma\" \/>\n<meta name=\"twitter:label1\" content=\"Written by\" \/>\n\t<meta name=\"twitter:data1\" content=\"Stars Island La Palma\" \/>\n\t<meta name=\"twitter:label2\" content=\"Est. reading time\" \/>\n\t<meta name=\"twitter:data2\" content=\"3 minutes\" \/>\n<script type=\"application\/ld+json\" class=\"yoast-schema-graph\">{\"@context\":\"https:\/\/schema.org\",\"@graph\":[{\"@type\":\"Article\",\"@id\":\"https:\/\/www.starsislandlapalma.es\/en\/fuerteventura-la-palma-y-tenerife-unidas-por-el-astroturismo\/#article\",\"isPartOf\":{\"@id\":\"https:\/\/www.starsislandlapalma.es\/en\/fuerteventura-la-palma-y-tenerife-unidas-por-el-astroturismo\/\"},\"author\":{\"name\":\"Stars Island La Palma\",\"@id\":\"https:\/\/www.starsislandlapalma.es\/#\/schema\/person\/9043f5bd4f379ca7532bf525fa88073b\"},\"headline\":\"Fuerteventura, La Palma y Tenerife unidas por el astroturismo\",\"datePublished\":\"2021-12-15T11:37:59+00:00\",\"dateModified\":\"2022-01-13T11:54:59+00:00\",\"mainEntityOfPage\":{\"@id\":\"https:\/\/www.starsislandlapalma.es\/en\/fuerteventura-la-palma-y-tenerife-unidas-por-el-astroturismo\/\"},\"wordCount\":523,\"commentCount\":0,\"publisher\":{\"@id\":\"https:\/\/www.starsislandlapalma.es\/#organization\"},\"image\":{\"@id\":\"https:\/\/www.starsislandlapalma.es\/en\/fuerteventura-la-palma-y-tenerife-unidas-por-el-astroturismo\/#primaryimage\"},\"thumbnailUrl\":\"https:\/\/www.starsislandlapalma.es\/wp-content\/uploads\/2021\/12\/15122021-cielodelapalma660.jpg\",\"keywords\":[\"astroturismo\",\"Ecowildlife Travel\",\"Fuerteventura\"],\"articleSection\":[\"News\"],\"inLanguage\":\"en-US\",\"potentialAction\":[{\"@type\":\"CommentAction\",\"name\":\"Comment\",\"target\":[\"https:\/\/www.starsislandlapalma.es\/en\/fuerteventura-la-palma-y-tenerife-unidas-por-el-astroturismo\/#respond\"]}]},{\"@type\":\"WebPage\",\"@id\":\"https:\/\/www.starsislandlapalma.es\/en\/fuerteventura-la-palma-y-tenerife-unidas-por-el-astroturismo\/\",\"url\":\"https:\/\/www.starsislandlapalma.es\/en\/fuerteventura-la-palma-y-tenerife-unidas-por-el-astroturismo\/\",\"name\":\"Fuerteventura, La Palma y Tenerife unidas por el astroturismo &#8902; Stars Island La Palma\",\"isPartOf\":{\"@id\":\"https:\/\/www.starsislandlapalma.es\/#website\"},\"primaryImageOfPage\":{\"@id\":\"https:\/\/www.starsislandlapalma.es\/en\/fuerteventura-la-palma-y-tenerife-unidas-por-el-astroturismo\/#primaryimage\"},\"image\":{\"@id\":\"https:\/\/www.starsislandlapalma.es\/en\/fuerteventura-la-palma-y-tenerife-unidas-por-el-astroturismo\/#primaryimage\"},\"thumbnailUrl\":\"https:\/\/www.starsislandlapalma.es\/wp-content\/uploads\/2021\/12\/15122021-cielodelapalma660.jpg\",\"datePublished\":\"2021-12-15T11:37:59+00:00\",\"dateModified\":\"2022-01-13T11:54:59+00:00\",\"breadcrumb\":{\"@id\":\"https:\/\/www.starsislandlapalma.es\/en\/fuerteventura-la-palma-y-tenerife-unidas-por-el-astroturismo\/#breadcrumb\"},\"inLanguage\":\"en-US\",\"potentialAction\":[{\"@type\":\"ReadAction\",\"target\":[\"https:\/\/www.starsislandlapalma.es\/en\/fuerteventura-la-palma-y-tenerife-unidas-por-el-astroturismo\/\"]}]},{\"@type\":\"ImageObject\",\"inLanguage\":\"en-US\",\"@id\":\"https:\/\/www.starsislandlapalma.es\/en\/fuerteventura-la-palma-y-tenerife-unidas-por-el-astroturismo\/#primaryimage\",\"url\":\"https:\/\/www.starsislandlapalma.es\/wp-content\/uploads\/2021\/12\/15122021-cielodelapalma660.jpg\",\"contentUrl\":\"https:\/\/www.starsislandlapalma.es\/wp-content\/uploads\/2021\/12\/15122021-cielodelapalma660.jpg\",\"width\":660,\"height\":440},{\"@type\":\"BreadcrumbList\",\"@id\":\"https:\/\/www.starsislandlapalma.es\/en\/fuerteventura-la-palma-y-tenerife-unidas-por-el-astroturismo\/#breadcrumb\",\"itemListElement\":[{\"@type\":\"ListItem\",\"position\":1,\"name\":\"Portada\",\"item\":\"https:\/\/www.starsislandlapalma.es\/en\/\"},{\"@type\":\"ListItem\",\"position\":2,\"name\":\"Fuerteventura, La Palma y Tenerife unidas por el astroturismo\"}]},{\"@type\":\"WebSite\",\"@id\":\"https:\/\/www.starsislandlapalma.es\/#website\",\"url\":\"https:\/\/www.starsislandlapalma.es\/\",\"name\":\"Stars Island La Palma\",\"description\":\"La Palma, el lugar perfecto para disfrutar del universo. Primera Reserva Starlight del mundo, en 2012 se reconoce como Destino Tur\u00edstico Starlight\",\"publisher\":{\"@id\":\"https:\/\/www.starsislandlapalma.es\/#organization\"},\"potentialAction\":[{\"@type\":\"SearchAction\",\"target\":{\"@type\":\"EntryPoint\",\"urlTemplate\":\"https:\/\/www.starsislandlapalma.es\/?s={search_term_string}\"},\"query-input\":{\"@type\":\"PropertyValueSpecification\",\"valueRequired\":true,\"valueName\":\"search_term_string\"}}],\"inLanguage\":\"en-US\"},{\"@type\":\"Organization\",\"@id\":\"https:\/\/www.starsislandlapalma.es\/#organization\",\"name\":\"Star Island La Palma\",\"url\":\"https:\/\/www.starsislandlapalma.es\/\",\"logo\":{\"@type\":\"ImageObject\",\"inLanguage\":\"en-US\",\"@id\":\"https:\/\/www.starsislandlapalma.es\/#\/schema\/logo\/image\/\",\"url\":\"https:\/\/www.starsislandlapalma.es\/wp-content\/uploads\/2022\/01\/logo_starisland.png\",\"contentUrl\":\"https:\/\/www.starsislandlapalma.es\/wp-content\/uploads\/2022\/01\/logo_starisland.png\",\"width\":172,\"height\":139,\"caption\":\"Star Island La Palma\"},\"image\":{\"@id\":\"https:\/\/www.starsislandlapalma.es\/#\/schema\/logo\/image\/\"},\"sameAs\":[\"https:\/\/www.facebook.com\/pages\/Starsisland-La-Palma\/210888162375006?ref=hl\",\"https:\/\/x.com\/starsislandlapa\",\"https:\/\/www.pinterest.com\/astroturismo\/\",\"https:\/\/www.youtube.com\/channel\/UCV7sju1ggcBpJG39HQCBtsA\"]},{\"@type\":\"Person\",\"@id\":\"https:\/\/www.starsislandlapalma.es\/#\/schema\/person\/9043f5bd4f379ca7532bf525fa88073b\",\"name\":\"Stars Island La Palma\",\"image\":{\"@type\":\"ImageObject\",\"inLanguage\":\"en-US\",\"@id\":\"https:\/\/www.starsislandlapalma.es\/#\/schema\/person\/image\/\",\"url\":\"https:\/\/secure.gravatar.com\/avatar\/214edfeae37af83662fa1058aeebfb41?s=96&d=mm&r=g\",\"contentUrl\":\"https:\/\/secure.gravatar.com\/avatar\/214edfeae37af83662fa1058aeebfb41?s=96&d=mm&r=g\",\"caption\":\"Stars Island La Palma\"},\"url\":\"https:\/\/www.starsislandlapalma.es\/en\/author\/star\/\"}]}<\/script>\n<!-- \/ Yoast SEO plugin. -->","yoast_head_json":{"title":"Fuerteventura, La Palma y Tenerife unidas por el astroturismo &#8902; Stars Island La Palma","robots":{"index":"index","follow":"follow","max-snippet":"max-snippet:-1","max-image-preview":"max-image-preview:large","max-video-preview":"max-video-preview:-1"},"canonical":"https:\/\/www.starsislandlapalma.es\/en\/fuerteventura-la-palma-y-tenerife-unidas-por-el-astroturismo\/","og_locale":"en_US","og_type":"article","og_title":"Fuerteventura, La Palma y Tenerife unidas por el astroturismo &#8902; Stars Island La Palma","og_description":"La compa\u00f1\u00eda Ecowildlife Travel cierra un acuerdo en el pasado Festival de Ecoexperiencias de Fuerteventura para lanzar un producto de Astroturismo al que se suman Arag\u00f3n y Andaluc\u00eda La agencia mayorista de ecoturismo Ecowildlife Travel ha llegado a un acuerdo durante el pasado Festival de...","og_url":"https:\/\/www.starsislandlapalma.es\/en\/fuerteventura-la-palma-y-tenerife-unidas-por-el-astroturismo\/","og_site_name":"Stars Island La Palma","article_publisher":"https:\/\/www.facebook.com\/pages\/Starsisland-La-Palma\/210888162375006?ref=hl","article_published_time":"2021-12-15T11:37:59+00:00","article_modified_time":"2022-01-13T11:54:59+00:00","og_image":[{"width":660,"height":440,"url":"https:\/\/www.starsislandlapalma.es\/wp-content\/uploads\/2021\/12\/15122021-cielodelapalma660.jpg","type":"image\/jpeg"}],"author":"Stars Island La Palma","twitter_misc":{"Written by":"Stars Island La Palma","Est. reading time":"3 minutes"},"schema":{"@context":"https:\/\/schema.org","@graph":[{"@type":"Article","@id":"https:\/\/www.starsislandlapalma.es\/en\/fuerteventura-la-palma-y-tenerife-unidas-por-el-astroturismo\/#article","isPartOf":{"@id":"https:\/\/www.starsislandlapalma.es\/en\/fuerteventura-la-palma-y-tenerife-unidas-por-el-astroturismo\/"},"author":{"name":"Stars Island La Palma","@id":"https:\/\/www.starsislandlapalma.es\/#\/schema\/person\/9043f5bd4f379ca7532bf525fa88073b"},"headline":"Fuerteventura, La Palma y Tenerife unidas por el astroturismo","datePublished":"2021-12-15T11:37:59+00:00","dateModified":"2022-01-13T11:54:59+00:00","mainEntityOfPage":{"@id":"https:\/\/www.starsislandlapalma.es\/en\/fuerteventura-la-palma-y-tenerife-unidas-por-el-astroturismo\/"},"wordCount":523,"commentCount":0,"publisher":{"@id":"https:\/\/www.starsislandlapalma.es\/#organization"},"image":{"@id":"https:\/\/www.starsislandlapalma.es\/en\/fuerteventura-la-palma-y-tenerife-unidas-por-el-astroturismo\/#primaryimage"},"thumbnailUrl":"https:\/\/www.starsislandlapalma.es\/wp-content\/uploads\/2021\/12\/15122021-cielodelapalma660.jpg","keywords":["astroturismo","Ecowildlife Travel","Fuerteventura"],"articleSection":["News"],"inLanguage":"en-US","potentialAction":[{"@type":"CommentAction","name":"Comment","target":["https:\/\/www.starsislandlapalma.es\/en\/fuerteventura-la-palma-y-tenerife-unidas-por-el-astroturismo\/#respond"]}]},{"@type":"WebPage","@id":"https:\/\/www.starsislandlapalma.es\/en\/fuerteventura-la-palma-y-tenerife-unidas-por-el-astroturismo\/","url":"https:\/\/www.starsislandlapalma.es\/en\/fuerteventura-la-palma-y-tenerife-unidas-por-el-astroturismo\/","name":"Fuerteventura, La Palma y Tenerife unidas por el astroturismo &#8902; Stars Island La Palma","isPartOf":{"@id":"https:\/\/www.starsislandlapalma.es\/#website"},"primaryImageOfPage":{"@id":"https:\/\/www.starsislandlapalma.es\/en\/fuerteventura-la-palma-y-tenerife-unidas-por-el-astroturismo\/#primaryimage"},"image":{"@id":"https:\/\/www.starsislandlapalma.es\/en\/fuerteventura-la-palma-y-tenerife-unidas-por-el-astroturismo\/#primaryimage"},"thumbnailUrl":"https:\/\/www.starsislandlapalma.es\/wp-content\/uploads\/2021\/12\/15122021-cielodelapalma660.jpg","datePublished":"2021-12-15T11:37:59+00:00","dateModified":"2022-01-13T11:54:59+00:00","breadcrumb":{"@id":"https:\/\/www.starsislandlapalma.es\/en\/fuerteventura-la-palma-y-tenerife-unidas-por-el-astroturismo\/#breadcrumb"},"inLanguage":"en-US","potentialAction":[{"@type":"ReadAction","target":["https:\/\/www.starsislandlapalma.es\/en\/fuerteventura-la-palma-y-tenerife-unidas-por-el-astroturismo\/"]}]},{"@type":"ImageObject","inLanguage":"en-US","@id":"https:\/\/www.starsislandlapalma.es\/en\/fuerteventura-la-palma-y-tenerife-unidas-por-el-astroturismo\/#primaryimage","url":"https:\/\/www.starsislandlapalma.es\/wp-content\/uploads\/2021\/12\/15122021-cielodelapalma660.jpg","contentUrl":"https:\/\/www.starsislandlapalma.es\/wp-content\/uploads\/2021\/12\/15122021-cielodelapalma660.jpg","width":660,"height":440},{"@type":"BreadcrumbList","@id":"https:\/\/www.starsislandlapalma.es\/en\/fuerteventura-la-palma-y-tenerife-unidas-por-el-astroturismo\/#breadcrumb","itemListElement":[{"@type":"ListItem","position":1,"name":"Portada","item":"https:\/\/www.starsislandlapalma.es\/en\/"},{"@type":"ListItem","position":2,"name":"Fuerteventura, La Palma y Tenerife unidas por el astroturismo"}]},{"@type":"WebSite","@id":"https:\/\/www.starsislandlapalma.es\/#website","url":"https:\/\/www.starsislandlapalma.es\/","name":"Stars Island La Palma","description":"La Palma, el lugar perfecto para disfrutar del universo. Primera Reserva Starlight del mundo, en 2012 se reconoce como Destino Tur\u00edstico Starlight","publisher":{"@id":"https:\/\/www.starsislandlapalma.es\/#organization"},"potentialAction":[{"@type":"SearchAction","target":{"@type":"EntryPoint","urlTemplate":"https:\/\/www.starsislandlapalma.es\/?s={search_term_string}"},"query-input":{"@type":"PropertyValueSpecification","valueRequired":true,"valueName":"search_term_string"}}],"inLanguage":"en-US"},{"@type":"Organization","@id":"https:\/\/www.starsislandlapalma.es\/#organization","name":"Star Island La Palma","url":"https:\/\/www.starsislandlapalma.es\/","logo":{"@type":"ImageObject","inLanguage":"en-US","@id":"https:\/\/www.starsislandlapalma.es\/#\/schema\/logo\/image\/","url":"https:\/\/www.starsislandlapalma.es\/wp-content\/uploads\/2022\/01\/logo_starisland.png","contentUrl":"https:\/\/www.starsislandlapalma.es\/wp-content\/uploads\/2022\/01\/logo_starisland.png","width":172,"height":139,"caption":"Star Island La Palma"},"image":{"@id":"https:\/\/www.starsislandlapalma.es\/#\/schema\/logo\/image\/"},"sameAs":["https:\/\/www.facebook.com\/pages\/Starsisland-La-Palma\/210888162375006?ref=hl","https:\/\/x.com\/starsislandlapa","https:\/\/www.pinterest.com\/astroturismo\/","https:\/\/www.youtube.com\/channel\/UCV7sju1ggcBpJG39HQCBtsA"]},{"@type":"Person","@id":"https:\/\/www.starsislandlapalma.es\/#\/schema\/person\/9043f5bd4f379ca7532bf525fa88073b","name":"Stars Island La Palma","image":{"@type":"ImageObject","inLanguage":"en-US","@id":"https:\/\/www.starsislandlapalma.es\/#\/schema\/person\/image\/","url":"https:\/\/secure.gravatar.com\/avatar\/214edfeae37af83662fa1058aeebfb41?s=96&d=mm&r=g","contentUrl":"https:\/\/secure.gravatar.com\/avatar\/214edfeae37af83662fa1058aeebfb41?s=96&d=mm&r=g","caption":"Stars Island La Palma"},"url":"https:\/\/www.starsislandlapalma.es\/en\/author\/star\/"}]}},"_links":{"self":[{"href":"https:\/\/www.starsislandlapalma.es\/en\/wp-json\/wp\/v2\/posts\/24469\/"}],"collection":[{"href":"https:\/\/www.starsislandlapalma.es\/en\/wp-json\/wp\/v2\/posts\/"}],"about":[{"href":"https:\/\/www.starsislandlapalma.es\/en\/wp-json\/wp\/v2\/types\/post\/"}],"author":[{"embeddable":true,"href":"https:\/\/www.starsislandlapalma.es\/en\/wp-json\/wp\/v2\/users\/1\/"}],"replies":[{"embeddable":true,"href":"https:\/\/www.starsislandlapalma.es\/en\/wp-json\/wp\/v2\/comments\/?post=24469"}],"version-history":[{"count":0,"href":"https:\/\/www.starsislandlapalma.es\/en\/wp-json\/wp\/v2\/posts\/24469\/revisions\/"}],"wp:featuredmedia":[{"embeddable":true,"href":"https:\/\/www.starsislandlapalma.es\/en\/wp-json\/wp\/v2\/media\/24326\/"}],"wp:attachment":[{"href":"https:\/\/www.starsislandlapalma.es\/en\/wp-json\/wp\/v2\/media\/?parent=24469"}],"wp:term":[{"taxonomy":"category","embeddable":true,"href":"https:\/\/www.starsislandlapalma.es\/en\/wp-json\/wp\/v2\/categories\/?post=24469"},{"taxonomy":"post_tag","embeddable":true,"href":"https:\/\/www.starsislandlapalma.es\/en\/wp-json\/wp\/v2\/tags\/?post=24469"}],"curies":[{"name":"wp","href":"https:\/\/api.w.org\/{rel}","templated":true}]}}