{"id":24543,"date":"2021-08-02T07:13:18","date_gmt":"2021-08-02T07:13:18","guid":{"rendered":"https:\/\/www.starsislandlapalma.es\/el-cabildo-auna-esfuerzos-para-celebrar-el-festival-internacional-starmus-en-verano-de-2022\/"},"modified":"2022-01-13T14:40:09","modified_gmt":"2022-01-13T14:40:09","slug":"el-cabildo-auna-esfuerzos-para-celebrar-el-festival-internacional-starmus-en-verano-de-2022","status":"publish","type":"post","link":"https:\/\/www.starsislandlapalma.es\/en\/el-cabildo-auna-esfuerzos-para-celebrar-el-festival-internacional-starmus-en-verano-de-2022\/","title":{"rendered":"El Cabildo a\u00fana esfuerzos para celebrar el festival internacional Starmus en verano de 2022"},"content":{"rendered":"<blockquote>\n<div dir=\"ltr\">\n<p>El presidente de la Corporaci\u00f3n insular, Mariano Zapata, est\u00e1 convencido de que contar\u00e1 con el apoyo de los gobiernos canario y central para que el festival salga adelante<\/p>\n<p>El Cabildo de La Palma avanza en la preparaci\u00f3n del festival internacional Starmus, previsto para el verano de 2022, un evento que reunir\u00e1 algunas de las personalidades m\u00e1s relevantes de la ciencia, la aeron\u00e1utica y la m\u00fasica con el fin de reivindicar la isla como referente mundial de la ciencia y la astronom\u00eda.<\/p>\n<p>El presidente de la Corporaci\u00f3n insular, Mariano Zapata, asegura que el festival Starmus &#8220;es una oportunidad de oro&#8221; para visibilizar La Palma como un destino puntero en materia aeroespacial, siendo el parque tecnol\u00f3gico del Observatorio del Roque de Los Muchachos el mejor ejemplo de ello.<br \/>\nEn este sentido, Zapata est\u00e1 convencido de que los gobiernos aut\u00f3nomo y central apoyar\u00e1n al Cabildo para impulsar el festival. &#8220;Este festival es un rayo de luz para la ciencia, la isla y el Archipi\u00e9lago. Estoy seguro de que conseguiremos acuerdos con todas las administraciones para que el festival \u00a0salga adelante&#8221;, se\u00f1ala.<\/p>\n<p>Por su parte, la consejera de Cultura del Cabildo, Jovita Monterrey, pone en valor &#8220;la proyecci\u00f3n global de Starmus y su capacidad de aunar y relacionar tres mundos aparentemente tan distintos como el arte, la ciencia y la m\u00fasica&#8221;.<br \/>\nAdem\u00e1s, Monterrey apunta que la celebraci\u00f3n de Starmus el pr\u00f3ximo a\u00f1o ser\u00e1 &#8220;un reclamo importante para que el Telescopio de Treinta Metros, TMT se construya finalmente en La Palma&#8221;.<\/p>\n<p>Mientras, el promotor y director de Starmus, Garik Israelian, asegura que su idea es celebrar una edici\u00f3n centrada en la pr\u00f3xima carrera espacial. &#8220;Queremos montar un evento espectacular y \u00fanico. En dos, tres a\u00f1os, llegaremos a la Luna. Y puede que dentro de 10 estemos en Marte. Vienen a\u00f1os en los que el espacio ser\u00e1 una prioridad y queremos que ese debate se d\u00e9 en la isla de La Palma&#8221;.<\/p>\n<p>Israelian apunta que en el festival participar\u00e1n algunos de los protagonistas de esta nueva carrera espacial, como el fundador de Space X y Tesla, Elon Musk; el presidente de Amazon y Origin, Jeff Bezos; el director de la Agencia Espacial de China, Zhang Kejian; as\u00ed como otras personalidades de referencia en el mundo del espacio, desde cient\u00edficos hasta premios nobeles. Esto, adem\u00e1s, estar\u00e1 aderezado con la voz de artistas que aman el espacio como Bono, Peter Gabriel y Brian May.<\/p>\n<p>Agrega que el festival tambi\u00e9n ser\u00e1 una oportunidad para &#8220;inspirar&#8221; a la juventud. &#8220;Queremos involucrar a 100.000 personas en reuniones con empresarios de tecnolog\u00eda para despertar pasiones entre los j\u00f3venes alrededor de la tecnolog\u00eda, la aeron\u00e1utica y el espacio&#8221;.<\/p>\n<\/div>\n<\/blockquote>\n","protected":false},"excerpt":{"rendered":"<p>El presidente de la Corporaci\u00f3n insular, Mariano Zapata, est\u00e1 convencido de que contar\u00e1 con el apoyo de los gobiernos canario y central para que el festival salga adelante El Cabildo de La Palma avanza en la preparaci\u00f3n del festival internacional Starmus, previsto para el verano&#8230;<\/p>\n","protected":false},"author":1,"featured_media":23090,"comment_status":"open","ping_status":"open","sticky":false,"template":"","format":"standard","meta":{"footnotes":""},"categories":[139,136],"tags":[740],"yoast_head":"<!-- This site is optimized with the Yoast SEO plugin v24.5 - https:\/\/yoast.com\/wordpress\/plugins\/seo\/ -->\n<title>El Cabildo a\u00fana esfuerzos para celebrar el festival internacional Starmus en verano de 2022 &#8902; Stars Island La Palma<\/title>\n<meta name=\"robots\" content=\"index, follow, max-snippet:-1, max-image-preview:large, max-video-preview:-1\" \/>\n<link rel=\"canonical\" href=\"https:\/\/www.starsislandlapalma.es\/en\/el-cabildo-auna-esfuerzos-para-celebrar-el-festival-internacional-starmus-en-verano-de-2022\/\" \/>\n<meta property=\"og:locale\" content=\"en_US\" \/>\n<meta property=\"og:type\" content=\"article\" \/>\n<meta property=\"og:title\" content=\"El Cabildo a\u00fana esfuerzos para celebrar el festival internacional Starmus en verano de 2022 &#8902; Stars Island La Palma\" \/>\n<meta property=\"og:description\" content=\"El presidente de la Corporaci\u00f3n insular, Mariano Zapata, est\u00e1 convencido de que contar\u00e1 con el apoyo de los gobiernos canario y central para que el festival salga adelante El Cabildo de La Palma avanza en la preparaci\u00f3n del festival internacional Starmus, previsto para el verano...\" \/>\n<meta property=\"og:url\" content=\"https:\/\/www.starsislandlapalma.es\/en\/el-cabildo-auna-esfuerzos-para-celebrar-el-festival-internacional-starmus-en-verano-de-2022\/\" \/>\n<meta property=\"og:site_name\" content=\"Stars Island La Palma\" \/>\n<meta property=\"article:publisher\" content=\"https:\/\/www.facebook.com\/pages\/Starsisland-La-Palma\/210888162375006?ref=hl\" \/>\n<meta property=\"article:published_time\" content=\"2021-08-02T07:13:18+00:00\" \/>\n<meta property=\"article:modified_time\" content=\"2022-01-13T14:40:09+00:00\" \/>\n<meta property=\"og:image\" content=\"https:\/\/www.starsislandlapalma.es\/wp-content\/uploads\/2021\/08\/starmus.jpg\" \/>\n\t<meta property=\"og:image:width\" content=\"1200\" \/>\n\t<meta property=\"og:image:height\" content=\"675\" \/>\n\t<meta property=\"og:image:type\" content=\"image\/jpeg\" \/>\n<meta name=\"author\" content=\"Stars Island La Palma\" \/>\n<meta name=\"twitter:label1\" content=\"Written by\" \/>\n\t<meta name=\"twitter:data1\" content=\"Stars Island La Palma\" \/>\n\t<meta name=\"twitter:label2\" content=\"Est. reading time\" \/>\n\t<meta name=\"twitter:data2\" content=\"2 minutes\" \/>\n<script type=\"application\/ld+json\" class=\"yoast-schema-graph\">{\"@context\":\"https:\/\/schema.org\",\"@graph\":[{\"@type\":\"Article\",\"@id\":\"https:\/\/www.starsislandlapalma.es\/en\/el-cabildo-auna-esfuerzos-para-celebrar-el-festival-internacional-starmus-en-verano-de-2022\/#article\",\"isPartOf\":{\"@id\":\"https:\/\/www.starsislandlapalma.es\/en\/el-cabildo-auna-esfuerzos-para-celebrar-el-festival-internacional-starmus-en-verano-de-2022\/\"},\"author\":{\"name\":\"Stars Island La Palma\",\"@id\":\"https:\/\/www.starsislandlapalma.es\/#\/schema\/person\/9043f5bd4f379ca7532bf525fa88073b\"},\"headline\":\"El Cabildo a\u00fana esfuerzos para celebrar el festival internacional Starmus en verano de 2022\",\"datePublished\":\"2021-08-02T07:13:18+00:00\",\"dateModified\":\"2022-01-13T14:40:09+00:00\",\"mainEntityOfPage\":{\"@id\":\"https:\/\/www.starsislandlapalma.es\/en\/el-cabildo-auna-esfuerzos-para-celebrar-el-festival-internacional-starmus-en-verano-de-2022\/\"},\"wordCount\":476,\"commentCount\":0,\"publisher\":{\"@id\":\"https:\/\/www.starsislandlapalma.es\/#organization\"},\"image\":{\"@id\":\"https:\/\/www.starsislandlapalma.es\/en\/el-cabildo-auna-esfuerzos-para-celebrar-el-festival-internacional-starmus-en-verano-de-2022\/#primaryimage\"},\"thumbnailUrl\":\"https:\/\/www.starsislandlapalma.es\/wp-content\/uploads\/2021\/08\/starmus.jpg\",\"keywords\":[\"Festival Starmus\"],\"articleSection\":[\"Events\",\"News\"],\"inLanguage\":\"en-US\",\"potentialAction\":[{\"@type\":\"CommentAction\",\"name\":\"Comment\",\"target\":[\"https:\/\/www.starsislandlapalma.es\/en\/el-cabildo-auna-esfuerzos-para-celebrar-el-festival-internacional-starmus-en-verano-de-2022\/#respond\"]}]},{\"@type\":\"WebPage\",\"@id\":\"https:\/\/www.starsislandlapalma.es\/en\/el-cabildo-auna-esfuerzos-para-celebrar-el-festival-internacional-starmus-en-verano-de-2022\/\",\"url\":\"https:\/\/www.starsislandlapalma.es\/en\/el-cabildo-auna-esfuerzos-para-celebrar-el-festival-internacional-starmus-en-verano-de-2022\/\",\"name\":\"El Cabildo a\u00fana esfuerzos para celebrar el festival internacional Starmus en verano de 2022 &#8902; Stars Island La Palma\",\"isPartOf\":{\"@id\":\"https:\/\/www.starsislandlapalma.es\/#website\"},\"primaryImageOfPage\":{\"@id\":\"https:\/\/www.starsislandlapalma.es\/en\/el-cabildo-auna-esfuerzos-para-celebrar-el-festival-internacional-starmus-en-verano-de-2022\/#primaryimage\"},\"image\":{\"@id\":\"https:\/\/www.starsislandlapalma.es\/en\/el-cabildo-auna-esfuerzos-para-celebrar-el-festival-internacional-starmus-en-verano-de-2022\/#primaryimage\"},\"thumbnailUrl\":\"https:\/\/www.starsislandlapalma.es\/wp-content\/uploads\/2021\/08\/starmus.jpg\",\"datePublished\":\"2021-08-02T07:13:18+00:00\",\"dateModified\":\"2022-01-13T14:40:09+00:00\",\"breadcrumb\":{\"@id\":\"https:\/\/www.starsislandlapalma.es\/en\/el-cabildo-auna-esfuerzos-para-celebrar-el-festival-internacional-starmus-en-verano-de-2022\/#breadcrumb\"},\"inLanguage\":\"en-US\",\"potentialAction\":[{\"@type\":\"ReadAction\",\"target\":[\"https:\/\/www.starsislandlapalma.es\/en\/el-cabildo-auna-esfuerzos-para-celebrar-el-festival-internacional-starmus-en-verano-de-2022\/\"]}]},{\"@type\":\"ImageObject\",\"inLanguage\":\"en-US\",\"@id\":\"https:\/\/www.starsislandlapalma.es\/en\/el-cabildo-auna-esfuerzos-para-celebrar-el-festival-internacional-starmus-en-verano-de-2022\/#primaryimage\",\"url\":\"https:\/\/www.starsislandlapalma.es\/wp-content\/uploads\/2021\/08\/starmus.jpg\",\"contentUrl\":\"https:\/\/www.starsislandlapalma.es\/wp-content\/uploads\/2021\/08\/starmus.jpg\",\"width\":1200,\"height\":675},{\"@type\":\"BreadcrumbList\",\"@id\":\"https:\/\/www.starsislandlapalma.es\/en\/el-cabildo-auna-esfuerzos-para-celebrar-el-festival-internacional-starmus-en-verano-de-2022\/#breadcrumb\",\"itemListElement\":[{\"@type\":\"ListItem\",\"position\":1,\"name\":\"Portada\",\"item\":\"https:\/\/www.starsislandlapalma.es\/en\/\"},{\"@type\":\"ListItem\",\"position\":2,\"name\":\"El Cabildo a\u00fana esfuerzos para celebrar el festival internacional Starmus en verano de 2022\"}]},{\"@type\":\"WebSite\",\"@id\":\"https:\/\/www.starsislandlapalma.es\/#website\",\"url\":\"https:\/\/www.starsislandlapalma.es\/\",\"name\":\"Stars Island La Palma\",\"description\":\"La Palma, el lugar perfecto para disfrutar del universo. Primera Reserva Starlight del mundo, en 2012 se reconoce como Destino Tur\u00edstico Starlight\",\"publisher\":{\"@id\":\"https:\/\/www.starsislandlapalma.es\/#organization\"},\"potentialAction\":[{\"@type\":\"SearchAction\",\"target\":{\"@type\":\"EntryPoint\",\"urlTemplate\":\"https:\/\/www.starsislandlapalma.es\/?s={search_term_string}\"},\"query-input\":{\"@type\":\"PropertyValueSpecification\",\"valueRequired\":true,\"valueName\":\"search_term_string\"}}],\"inLanguage\":\"en-US\"},{\"@type\":\"Organization\",\"@id\":\"https:\/\/www.starsislandlapalma.es\/#organization\",\"name\":\"Star Island La Palma\",\"url\":\"https:\/\/www.starsislandlapalma.es\/\",\"logo\":{\"@type\":\"ImageObject\",\"inLanguage\":\"en-US\",\"@id\":\"https:\/\/www.starsislandlapalma.es\/#\/schema\/logo\/image\/\",\"url\":\"https:\/\/www.starsislandlapalma.es\/wp-content\/uploads\/2022\/01\/logo_starisland.png\",\"contentUrl\":\"https:\/\/www.starsislandlapalma.es\/wp-content\/uploads\/2022\/01\/logo_starisland.png\",\"width\":172,\"height\":139,\"caption\":\"Star Island La Palma\"},\"image\":{\"@id\":\"https:\/\/www.starsislandlapalma.es\/#\/schema\/logo\/image\/\"},\"sameAs\":[\"https:\/\/www.facebook.com\/pages\/Starsisland-La-Palma\/210888162375006?ref=hl\",\"https:\/\/x.com\/starsislandlapa\",\"https:\/\/www.pinterest.com\/astroturismo\/\",\"https:\/\/www.youtube.com\/channel\/UCV7sju1ggcBpJG39HQCBtsA\"]},{\"@type\":\"Person\",\"@id\":\"https:\/\/www.starsislandlapalma.es\/#\/schema\/person\/9043f5bd4f379ca7532bf525fa88073b\",\"name\":\"Stars Island La Palma\",\"image\":{\"@type\":\"ImageObject\",\"inLanguage\":\"en-US\",\"@id\":\"https:\/\/www.starsislandlapalma.es\/#\/schema\/person\/image\/\",\"url\":\"https:\/\/secure.gravatar.com\/avatar\/214edfeae37af83662fa1058aeebfb41?s=96&d=mm&r=g\",\"contentUrl\":\"https:\/\/secure.gravatar.com\/avatar\/214edfeae37af83662fa1058aeebfb41?s=96&d=mm&r=g\",\"caption\":\"Stars Island La Palma\"},\"url\":\"https:\/\/www.starsislandlapalma.es\/en\/author\/star\/\"}]}<\/script>\n<!-- \/ Yoast SEO plugin. -->","yoast_head_json":{"title":"El Cabildo a\u00fana esfuerzos para celebrar el festival internacional Starmus en verano de 2022 &#8902; Stars Island La Palma","robots":{"index":"index","follow":"follow","max-snippet":"max-snippet:-1","max-image-preview":"max-image-preview:large","max-video-preview":"max-video-preview:-1"},"canonical":"https:\/\/www.starsislandlapalma.es\/en\/el-cabildo-auna-esfuerzos-para-celebrar-el-festival-internacional-starmus-en-verano-de-2022\/","og_locale":"en_US","og_type":"article","og_title":"El Cabildo a\u00fana esfuerzos para celebrar el festival internacional Starmus en verano de 2022 &#8902; Stars Island La Palma","og_description":"El presidente de la Corporaci\u00f3n insular, Mariano Zapata, est\u00e1 convencido de que contar\u00e1 con el apoyo de los gobiernos canario y central para que el festival salga adelante El Cabildo de La Palma avanza en la preparaci\u00f3n del festival internacional Starmus, previsto para el verano...","og_url":"https:\/\/www.starsislandlapalma.es\/en\/el-cabildo-auna-esfuerzos-para-celebrar-el-festival-internacional-starmus-en-verano-de-2022\/","og_site_name":"Stars Island La Palma","article_publisher":"https:\/\/www.facebook.com\/pages\/Starsisland-La-Palma\/210888162375006?ref=hl","article_published_time":"2021-08-02T07:13:18+00:00","article_modified_time":"2022-01-13T14:40:09+00:00","og_image":[{"width":1200,"height":675,"url":"https:\/\/www.starsislandlapalma.es\/wp-content\/uploads\/2021\/08\/starmus.jpg","type":"image\/jpeg"}],"author":"Stars Island La Palma","twitter_misc":{"Written by":"Stars Island La Palma","Est. reading time":"2 minutes"},"schema":{"@context":"https:\/\/schema.org","@graph":[{"@type":"Article","@id":"https:\/\/www.starsislandlapalma.es\/en\/el-cabildo-auna-esfuerzos-para-celebrar-el-festival-internacional-starmus-en-verano-de-2022\/#article","isPartOf":{"@id":"https:\/\/www.starsislandlapalma.es\/en\/el-cabildo-auna-esfuerzos-para-celebrar-el-festival-internacional-starmus-en-verano-de-2022\/"},"author":{"name":"Stars Island La Palma","@id":"https:\/\/www.starsislandlapalma.es\/#\/schema\/person\/9043f5bd4f379ca7532bf525fa88073b"},"headline":"El Cabildo a\u00fana esfuerzos para celebrar el festival internacional Starmus en verano de 2022","datePublished":"2021-08-02T07:13:18+00:00","dateModified":"2022-01-13T14:40:09+00:00","mainEntityOfPage":{"@id":"https:\/\/www.starsislandlapalma.es\/en\/el-cabildo-auna-esfuerzos-para-celebrar-el-festival-internacional-starmus-en-verano-de-2022\/"},"wordCount":476,"commentCount":0,"publisher":{"@id":"https:\/\/www.starsislandlapalma.es\/#organization"},"image":{"@id":"https:\/\/www.starsislandlapalma.es\/en\/el-cabildo-auna-esfuerzos-para-celebrar-el-festival-internacional-starmus-en-verano-de-2022\/#primaryimage"},"thumbnailUrl":"https:\/\/www.starsislandlapalma.es\/wp-content\/uploads\/2021\/08\/starmus.jpg","keywords":["Festival Starmus"],"articleSection":["Events","News"],"inLanguage":"en-US","potentialAction":[{"@type":"CommentAction","name":"Comment","target":["https:\/\/www.starsislandlapalma.es\/en\/el-cabildo-auna-esfuerzos-para-celebrar-el-festival-internacional-starmus-en-verano-de-2022\/#respond"]}]},{"@type":"WebPage","@id":"https:\/\/www.starsislandlapalma.es\/en\/el-cabildo-auna-esfuerzos-para-celebrar-el-festival-internacional-starmus-en-verano-de-2022\/","url":"https:\/\/www.starsislandlapalma.es\/en\/el-cabildo-auna-esfuerzos-para-celebrar-el-festival-internacional-starmus-en-verano-de-2022\/","name":"El Cabildo a\u00fana esfuerzos para celebrar el festival internacional Starmus en verano de 2022 &#8902; Stars Island La Palma","isPartOf":{"@id":"https:\/\/www.starsislandlapalma.es\/#website"},"primaryImageOfPage":{"@id":"https:\/\/www.starsislandlapalma.es\/en\/el-cabildo-auna-esfuerzos-para-celebrar-el-festival-internacional-starmus-en-verano-de-2022\/#primaryimage"},"image":{"@id":"https:\/\/www.starsislandlapalma.es\/en\/el-cabildo-auna-esfuerzos-para-celebrar-el-festival-internacional-starmus-en-verano-de-2022\/#primaryimage"},"thumbnailUrl":"https:\/\/www.starsislandlapalma.es\/wp-content\/uploads\/2021\/08\/starmus.jpg","datePublished":"2021-08-02T07:13:18+00:00","dateModified":"2022-01-13T14:40:09+00:00","breadcrumb":{"@id":"https:\/\/www.starsislandlapalma.es\/en\/el-cabildo-auna-esfuerzos-para-celebrar-el-festival-internacional-starmus-en-verano-de-2022\/#breadcrumb"},"inLanguage":"en-US","potentialAction":[{"@type":"ReadAction","target":["https:\/\/www.starsislandlapalma.es\/en\/el-cabildo-auna-esfuerzos-para-celebrar-el-festival-internacional-starmus-en-verano-de-2022\/"]}]},{"@type":"ImageObject","inLanguage":"en-US","@id":"https:\/\/www.starsislandlapalma.es\/en\/el-cabildo-auna-esfuerzos-para-celebrar-el-festival-internacional-starmus-en-verano-de-2022\/#primaryimage","url":"https:\/\/www.starsislandlapalma.es\/wp-content\/uploads\/2021\/08\/starmus.jpg","contentUrl":"https:\/\/www.starsislandlapalma.es\/wp-content\/uploads\/2021\/08\/starmus.jpg","width":1200,"height":675},{"@type":"BreadcrumbList","@id":"https:\/\/www.starsislandlapalma.es\/en\/el-cabildo-auna-esfuerzos-para-celebrar-el-festival-internacional-starmus-en-verano-de-2022\/#breadcrumb","itemListElement":[{"@type":"ListItem","position":1,"name":"Portada","item":"https:\/\/www.starsislandlapalma.es\/en\/"},{"@type":"ListItem","position":2,"name":"El Cabildo a\u00fana esfuerzos para celebrar el festival internacional Starmus en verano de 2022"}]},{"@type":"WebSite","@id":"https:\/\/www.starsislandlapalma.es\/#website","url":"https:\/\/www.starsislandlapalma.es\/","name":"Stars Island La Palma","description":"La Palma, el lugar perfecto para disfrutar del universo. Primera Reserva Starlight del mundo, en 2012 se reconoce como Destino Tur\u00edstico Starlight","publisher":{"@id":"https:\/\/www.starsislandlapalma.es\/#organization"},"potentialAction":[{"@type":"SearchAction","target":{"@type":"EntryPoint","urlTemplate":"https:\/\/www.starsislandlapalma.es\/?s={search_term_string}"},"query-input":{"@type":"PropertyValueSpecification","valueRequired":true,"valueName":"search_term_string"}}],"inLanguage":"en-US"},{"@type":"Organization","@id":"https:\/\/www.starsislandlapalma.es\/#organization","name":"Star Island La Palma","url":"https:\/\/www.starsislandlapalma.es\/","logo":{"@type":"ImageObject","inLanguage":"en-US","@id":"https:\/\/www.starsislandlapalma.es\/#\/schema\/logo\/image\/","url":"https:\/\/www.starsislandlapalma.es\/wp-content\/uploads\/2022\/01\/logo_starisland.png","contentUrl":"https:\/\/www.starsislandlapalma.es\/wp-content\/uploads\/2022\/01\/logo_starisland.png","width":172,"height":139,"caption":"Star Island La Palma"},"image":{"@id":"https:\/\/www.starsislandlapalma.es\/#\/schema\/logo\/image\/"},"sameAs":["https:\/\/www.facebook.com\/pages\/Starsisland-La-Palma\/210888162375006?ref=hl","https:\/\/x.com\/starsislandlapa","https:\/\/www.pinterest.com\/astroturismo\/","https:\/\/www.youtube.com\/channel\/UCV7sju1ggcBpJG39HQCBtsA"]},{"@type":"Person","@id":"https:\/\/www.starsislandlapalma.es\/#\/schema\/person\/9043f5bd4f379ca7532bf525fa88073b","name":"Stars Island La Palma","image":{"@type":"ImageObject","inLanguage":"en-US","@id":"https:\/\/www.starsislandlapalma.es\/#\/schema\/person\/image\/","url":"https:\/\/secure.gravatar.com\/avatar\/214edfeae37af83662fa1058aeebfb41?s=96&d=mm&r=g","contentUrl":"https:\/\/secure.gravatar.com\/avatar\/214edfeae37af83662fa1058aeebfb41?s=96&d=mm&r=g","caption":"Stars Island La Palma"},"url":"https:\/\/www.starsislandlapalma.es\/en\/author\/star\/"}]}},"_links":{"self":[{"href":"https:\/\/www.starsislandlapalma.es\/en\/wp-json\/wp\/v2\/posts\/24543\/"}],"collection":[{"href":"https:\/\/www.starsislandlapalma.es\/en\/wp-json\/wp\/v2\/posts\/"}],"about":[{"href":"https:\/\/www.starsislandlapalma.es\/en\/wp-json\/wp\/v2\/types\/post\/"}],"author":[{"embeddable":true,"href":"https:\/\/www.starsislandlapalma.es\/en\/wp-json\/wp\/v2\/users\/1\/"}],"replies":[{"embeddable":true,"href":"https:\/\/www.starsislandlapalma.es\/en\/wp-json\/wp\/v2\/comments\/?post=24543"}],"version-history":[{"count":0,"href":"https:\/\/www.starsislandlapalma.es\/en\/wp-json\/wp\/v2\/posts\/24543\/revisions\/"}],"wp:featuredmedia":[{"embeddable":true,"href":"https:\/\/www.starsislandlapalma.es\/en\/wp-json\/wp\/v2\/media\/23090\/"}],"wp:attachment":[{"href":"https:\/\/www.starsislandlapalma.es\/en\/wp-json\/wp\/v2\/media\/?parent=24543"}],"wp:term":[{"taxonomy":"category","embeddable":true,"href":"https:\/\/www.starsislandlapalma.es\/en\/wp-json\/wp\/v2\/categories\/?post=24543"},{"taxonomy":"post_tag","embeddable":true,"href":"https:\/\/www.starsislandlapalma.es\/en\/wp-json\/wp\/v2\/tags\/?post=24543"}],"curies":[{"name":"wp","href":"https:\/\/api.w.org\/{rel}","templated":true}]}}