{"id":24600,"date":"2021-11-20T21:54:11","date_gmt":"2021-11-20T21:54:11","guid":{"rendered":"https:\/\/www.starsislandlapalma.es\/la-palma-se-promociona-en-la-feria-de-intur-como-destino-turistico-seguro\/"},"modified":"2022-01-14T09:26:24","modified_gmt":"2022-01-14T09:26:24","slug":"la-palma-se-promociona-en-la-feria-de-intur-como-destino-turistico-seguro","status":"publish","type":"post","link":"https:\/\/www.starsislandlapalma.es\/en\/la-palma-se-promociona-en-la-feria-de-intur-como-destino-turistico-seguro\/","title":{"rendered":"La Palma se promociona en la feria de Intur como destino tur\u00edstico seguro"},"content":{"rendered":"<blockquote>\n<p style=\"text-align: justify;\"><em>El responsable insular del \u00c1rea, Ra\u00fal Camacho, defiende el importante esfuerzo realizado por el Servicio para adaptar su promoci\u00f3n a la emergencia y promover la llegada de nuevos visitantes a la isla<\/em><\/p>\n<\/blockquote>\n<p style=\"text-align: justify;\">El Servicio de Turismo del Cabildo de La Palma, que dirige Ra\u00fal Camacho, particip\u00f3 en la 24.\u00aa edici\u00f3n de la Feria de Turismo Intur, que se inici\u00f3 el viernes 19 de noviembre hasta el pr\u00f3ximo d\u00eda 21 de noviembre en Valladolid, para seguir incidiendo en la seguridad que ofrece la Isla como destino tur\u00edstico y promover la llegada de nuevos visitantes a La Palma para contribuir a la recuperaci\u00f3n socioecon\u00f3mica de la misma.<\/p>\n<p style=\"text-align: justify;\">El consejero explica que esta participaci\u00f3n en Intur \u201cforma parte del refuerzo de las acciones de promoci\u00f3n que desde el Cabildo estamos realizando para insistir en que la isla sigue siendo un lugar seguro y entre las que se incluye la asistencia a otros encuentros tur\u00edsticos as\u00ed como la puesta en marcha de la campa\u00f1a Por mil razones, Bonita\u201d.<\/p>\n<p style=\"text-align: justify;\">\u201cLa erupci\u00f3n volc\u00e1nica ha puesto a La Palma en el foco medi\u00e1tico a nivel mundial y es esencial trabajar, conjuntamente con el Gobierno de Canarias y Espa\u00f1a, as\u00ed como con turoperadores y navieras, como venimos haciendo, para que los turistas sigan apostando por nuestro destino, como un peque\u00f1o continente con mucho que ofrecer\u201d, expone Ra\u00fal Camacho.<\/p>\n<p style=\"text-align: justify;\">La feria Intur, que se celebra desde 1997, est\u00e1 especializada en la promoci\u00f3n y divulgaci\u00f3n del turismo de interior y cuenta con el apoyo de la Consejer\u00eda de Cultura y Turismo de la Junta de Castilla y Le\u00f3n.<\/p>\n<p style=\"text-align: justify;\">En este sentido, Ra\u00fal Camacho expone la importancia que tiene para la Isla participar en este encuentro para promover todos los atractivos de La Palma, como destino rural y sostenible que cuenta con una amplia oferta de actividades de ocio, y atraer al turismo nacional a la Isla.<\/p>\n","protected":false},"excerpt":{"rendered":"<p>El responsable insular del \u00c1rea, Ra\u00fal Camacho, defiende el importante esfuerzo realizado por el Servicio para adaptar su promoci\u00f3n a la emergencia y promover la llegada de nuevos visitantes a la isla El Servicio de Turismo del Cabildo de La Palma, que dirige Ra\u00fal Camacho,&#8230;<\/p>\n","protected":false},"author":4,"featured_media":24296,"comment_status":"open","ping_status":"open","sticky":false,"template":"","format":"standard","meta":{"footnotes":""},"categories":[136],"tags":[919],"yoast_head":"<!-- This site is optimized with the Yoast SEO plugin v24.5 - https:\/\/yoast.com\/wordpress\/plugins\/seo\/ -->\n<title>La Palma se promociona en la feria de Intur como destino tur\u00edstico seguro &#8902; Stars Island La Palma<\/title>\n<meta name=\"robots\" content=\"index, follow, max-snippet:-1, max-image-preview:large, max-video-preview:-1\" \/>\n<link rel=\"canonical\" href=\"https:\/\/www.starsislandlapalma.es\/en\/la-palma-se-promociona-en-la-feria-de-intur-como-destino-turistico-seguro\/\" \/>\n<meta property=\"og:locale\" content=\"en_US\" \/>\n<meta property=\"og:type\" content=\"article\" \/>\n<meta property=\"og:title\" content=\"La Palma se promociona en la feria de Intur como destino tur\u00edstico seguro &#8902; Stars Island La Palma\" \/>\n<meta property=\"og:description\" content=\"El responsable insular del \u00c1rea, Ra\u00fal Camacho, defiende el importante esfuerzo realizado por el Servicio para adaptar su promoci\u00f3n a la emergencia y promover la llegada de nuevos visitantes a la isla El Servicio de Turismo del Cabildo de La Palma, que dirige Ra\u00fal Camacho,...\" \/>\n<meta property=\"og:url\" content=\"https:\/\/www.starsislandlapalma.es\/en\/la-palma-se-promociona-en-la-feria-de-intur-como-destino-turistico-seguro\/\" \/>\n<meta property=\"og:site_name\" content=\"Stars Island La Palma\" \/>\n<meta property=\"article:publisher\" content=\"https:\/\/www.facebook.com\/pages\/Starsisland-La-Palma\/210888162375006?ref=hl\" \/>\n<meta property=\"article:published_time\" content=\"2021-11-20T21:54:11+00:00\" \/>\n<meta property=\"article:modified_time\" content=\"2022-01-14T09:26:24+00:00\" \/>\n<meta property=\"og:image\" content=\"https:\/\/www.starsislandlapalma.es\/wp-content\/uploads\/2021\/11\/Feria_Turismo_1.jpg\" \/>\n\t<meta property=\"og:image:width\" content=\"1024\" \/>\n\t<meta property=\"og:image:height\" content=\"768\" \/>\n\t<meta property=\"og:image:type\" content=\"image\/jpeg\" \/>\n<meta name=\"author\" content=\"StarsIsland\" \/>\n<meta name=\"twitter:label1\" content=\"Written by\" \/>\n\t<meta name=\"twitter:data1\" content=\"StarsIsland\" \/>\n\t<meta name=\"twitter:label2\" content=\"Est. reading time\" \/>\n\t<meta name=\"twitter:data2\" content=\"2 minutes\" \/>\n<script type=\"application\/ld+json\" class=\"yoast-schema-graph\">{\"@context\":\"https:\/\/schema.org\",\"@graph\":[{\"@type\":\"Article\",\"@id\":\"https:\/\/www.starsislandlapalma.es\/en\/la-palma-se-promociona-en-la-feria-de-intur-como-destino-turistico-seguro\/#article\",\"isPartOf\":{\"@id\":\"https:\/\/www.starsislandlapalma.es\/en\/la-palma-se-promociona-en-la-feria-de-intur-como-destino-turistico-seguro\/\"},\"author\":{\"name\":\"StarsIsland\",\"@id\":\"https:\/\/www.starsislandlapalma.es\/#\/schema\/person\/d2618b46c3dc5c031ddd56a658f9ab25\"},\"headline\":\"La Palma se promociona en la feria de Intur como destino tur\u00edstico seguro\",\"datePublished\":\"2021-11-20T21:54:11+00:00\",\"dateModified\":\"2022-01-14T09:26:24+00:00\",\"mainEntityOfPage\":{\"@id\":\"https:\/\/www.starsislandlapalma.es\/en\/la-palma-se-promociona-en-la-feria-de-intur-como-destino-turistico-seguro\/\"},\"wordCount\":340,\"commentCount\":0,\"publisher\":{\"@id\":\"https:\/\/www.starsislandlapalma.es\/#organization\"},\"image\":{\"@id\":\"https:\/\/www.starsislandlapalma.es\/en\/la-palma-se-promociona-en-la-feria-de-intur-como-destino-turistico-seguro\/#primaryimage\"},\"thumbnailUrl\":\"https:\/\/www.starsislandlapalma.es\/wp-content\/uploads\/2021\/11\/Feria_Turismo_1.jpg\",\"keywords\":[\"Feria Intur\"],\"articleSection\":[\"News\"],\"inLanguage\":\"en-US\",\"potentialAction\":[{\"@type\":\"CommentAction\",\"name\":\"Comment\",\"target\":[\"https:\/\/www.starsislandlapalma.es\/en\/la-palma-se-promociona-en-la-feria-de-intur-como-destino-turistico-seguro\/#respond\"]}]},{\"@type\":\"WebPage\",\"@id\":\"https:\/\/www.starsislandlapalma.es\/en\/la-palma-se-promociona-en-la-feria-de-intur-como-destino-turistico-seguro\/\",\"url\":\"https:\/\/www.starsislandlapalma.es\/en\/la-palma-se-promociona-en-la-feria-de-intur-como-destino-turistico-seguro\/\",\"name\":\"La Palma se promociona en la feria de Intur como destino tur\u00edstico seguro &#8902; Stars Island La Palma\",\"isPartOf\":{\"@id\":\"https:\/\/www.starsislandlapalma.es\/#website\"},\"primaryImageOfPage\":{\"@id\":\"https:\/\/www.starsislandlapalma.es\/en\/la-palma-se-promociona-en-la-feria-de-intur-como-destino-turistico-seguro\/#primaryimage\"},\"image\":{\"@id\":\"https:\/\/www.starsislandlapalma.es\/en\/la-palma-se-promociona-en-la-feria-de-intur-como-destino-turistico-seguro\/#primaryimage\"},\"thumbnailUrl\":\"https:\/\/www.starsislandlapalma.es\/wp-content\/uploads\/2021\/11\/Feria_Turismo_1.jpg\",\"datePublished\":\"2021-11-20T21:54:11+00:00\",\"dateModified\":\"2022-01-14T09:26:24+00:00\",\"breadcrumb\":{\"@id\":\"https:\/\/www.starsislandlapalma.es\/en\/la-palma-se-promociona-en-la-feria-de-intur-como-destino-turistico-seguro\/#breadcrumb\"},\"inLanguage\":\"en-US\",\"potentialAction\":[{\"@type\":\"ReadAction\",\"target\":[\"https:\/\/www.starsislandlapalma.es\/en\/la-palma-se-promociona-en-la-feria-de-intur-como-destino-turistico-seguro\/\"]}]},{\"@type\":\"ImageObject\",\"inLanguage\":\"en-US\",\"@id\":\"https:\/\/www.starsislandlapalma.es\/en\/la-palma-se-promociona-en-la-feria-de-intur-como-destino-turistico-seguro\/#primaryimage\",\"url\":\"https:\/\/www.starsislandlapalma.es\/wp-content\/uploads\/2021\/11\/Feria_Turismo_1.jpg\",\"contentUrl\":\"https:\/\/www.starsislandlapalma.es\/wp-content\/uploads\/2021\/11\/Feria_Turismo_1.jpg\",\"width\":1024,\"height\":768},{\"@type\":\"BreadcrumbList\",\"@id\":\"https:\/\/www.starsislandlapalma.es\/en\/la-palma-se-promociona-en-la-feria-de-intur-como-destino-turistico-seguro\/#breadcrumb\",\"itemListElement\":[{\"@type\":\"ListItem\",\"position\":1,\"name\":\"Portada\",\"item\":\"https:\/\/www.starsislandlapalma.es\/en\/\"},{\"@type\":\"ListItem\",\"position\":2,\"name\":\"La Palma se promociona en la feria de Intur como destino tur\u00edstico seguro\"}]},{\"@type\":\"WebSite\",\"@id\":\"https:\/\/www.starsislandlapalma.es\/#website\",\"url\":\"https:\/\/www.starsislandlapalma.es\/\",\"name\":\"Stars Island La Palma\",\"description\":\"La Palma, el lugar perfecto para disfrutar del universo. Primera Reserva Starlight del mundo, en 2012 se reconoce como Destino Tur\u00edstico Starlight\",\"publisher\":{\"@id\":\"https:\/\/www.starsislandlapalma.es\/#organization\"},\"potentialAction\":[{\"@type\":\"SearchAction\",\"target\":{\"@type\":\"EntryPoint\",\"urlTemplate\":\"https:\/\/www.starsislandlapalma.es\/?s={search_term_string}\"},\"query-input\":{\"@type\":\"PropertyValueSpecification\",\"valueRequired\":true,\"valueName\":\"search_term_string\"}}],\"inLanguage\":\"en-US\"},{\"@type\":\"Organization\",\"@id\":\"https:\/\/www.starsislandlapalma.es\/#organization\",\"name\":\"Star Island La Palma\",\"url\":\"https:\/\/www.starsislandlapalma.es\/\",\"logo\":{\"@type\":\"ImageObject\",\"inLanguage\":\"en-US\",\"@id\":\"https:\/\/www.starsislandlapalma.es\/#\/schema\/logo\/image\/\",\"url\":\"https:\/\/www.starsislandlapalma.es\/wp-content\/uploads\/2022\/01\/logo_starisland.png\",\"contentUrl\":\"https:\/\/www.starsislandlapalma.es\/wp-content\/uploads\/2022\/01\/logo_starisland.png\",\"width\":172,\"height\":139,\"caption\":\"Star Island La Palma\"},\"image\":{\"@id\":\"https:\/\/www.starsislandlapalma.es\/#\/schema\/logo\/image\/\"},\"sameAs\":[\"https:\/\/www.facebook.com\/pages\/Starsisland-La-Palma\/210888162375006?ref=hl\",\"https:\/\/x.com\/starsislandlapa\",\"https:\/\/www.pinterest.com\/astroturismo\/\",\"https:\/\/www.youtube.com\/channel\/UCV7sju1ggcBpJG39HQCBtsA\"]},{\"@type\":\"Person\",\"@id\":\"https:\/\/www.starsislandlapalma.es\/#\/schema\/person\/d2618b46c3dc5c031ddd56a658f9ab25\",\"name\":\"StarsIsland\",\"image\":{\"@type\":\"ImageObject\",\"inLanguage\":\"en-US\",\"@id\":\"https:\/\/www.starsislandlapalma.es\/#\/schema\/person\/image\/\",\"url\":\"https:\/\/secure.gravatar.com\/avatar\/30a35f2b7b8f976566433f1ab7d6402f?s=96&d=mm&r=g\",\"contentUrl\":\"https:\/\/secure.gravatar.com\/avatar\/30a35f2b7b8f976566433f1ab7d6402f?s=96&d=mm&r=g\",\"caption\":\"StarsIsland\"},\"url\":\"https:\/\/www.starsislandlapalma.es\/en\/author\/starsisland\/\"}]}<\/script>\n<!-- \/ Yoast SEO plugin. -->","yoast_head_json":{"title":"La Palma se promociona en la feria de Intur como destino tur\u00edstico seguro &#8902; Stars Island La Palma","robots":{"index":"index","follow":"follow","max-snippet":"max-snippet:-1","max-image-preview":"max-image-preview:large","max-video-preview":"max-video-preview:-1"},"canonical":"https:\/\/www.starsislandlapalma.es\/en\/la-palma-se-promociona-en-la-feria-de-intur-como-destino-turistico-seguro\/","og_locale":"en_US","og_type":"article","og_title":"La Palma se promociona en la feria de Intur como destino tur\u00edstico seguro &#8902; Stars Island La Palma","og_description":"El responsable insular del \u00c1rea, Ra\u00fal Camacho, defiende el importante esfuerzo realizado por el Servicio para adaptar su promoci\u00f3n a la emergencia y promover la llegada de nuevos visitantes a la isla El Servicio de Turismo del Cabildo de La Palma, que dirige Ra\u00fal Camacho,...","og_url":"https:\/\/www.starsislandlapalma.es\/en\/la-palma-se-promociona-en-la-feria-de-intur-como-destino-turistico-seguro\/","og_site_name":"Stars Island La Palma","article_publisher":"https:\/\/www.facebook.com\/pages\/Starsisland-La-Palma\/210888162375006?ref=hl","article_published_time":"2021-11-20T21:54:11+00:00","article_modified_time":"2022-01-14T09:26:24+00:00","og_image":[{"width":1024,"height":768,"url":"https:\/\/www.starsislandlapalma.es\/wp-content\/uploads\/2021\/11\/Feria_Turismo_1.jpg","type":"image\/jpeg"}],"author":"StarsIsland","twitter_misc":{"Written by":"StarsIsland","Est. reading time":"2 minutes"},"schema":{"@context":"https:\/\/schema.org","@graph":[{"@type":"Article","@id":"https:\/\/www.starsislandlapalma.es\/en\/la-palma-se-promociona-en-la-feria-de-intur-como-destino-turistico-seguro\/#article","isPartOf":{"@id":"https:\/\/www.starsislandlapalma.es\/en\/la-palma-se-promociona-en-la-feria-de-intur-como-destino-turistico-seguro\/"},"author":{"name":"StarsIsland","@id":"https:\/\/www.starsislandlapalma.es\/#\/schema\/person\/d2618b46c3dc5c031ddd56a658f9ab25"},"headline":"La Palma se promociona en la feria de Intur como destino tur\u00edstico seguro","datePublished":"2021-11-20T21:54:11+00:00","dateModified":"2022-01-14T09:26:24+00:00","mainEntityOfPage":{"@id":"https:\/\/www.starsislandlapalma.es\/en\/la-palma-se-promociona-en-la-feria-de-intur-como-destino-turistico-seguro\/"},"wordCount":340,"commentCount":0,"publisher":{"@id":"https:\/\/www.starsislandlapalma.es\/#organization"},"image":{"@id":"https:\/\/www.starsislandlapalma.es\/en\/la-palma-se-promociona-en-la-feria-de-intur-como-destino-turistico-seguro\/#primaryimage"},"thumbnailUrl":"https:\/\/www.starsislandlapalma.es\/wp-content\/uploads\/2021\/11\/Feria_Turismo_1.jpg","keywords":["Feria Intur"],"articleSection":["News"],"inLanguage":"en-US","potentialAction":[{"@type":"CommentAction","name":"Comment","target":["https:\/\/www.starsislandlapalma.es\/en\/la-palma-se-promociona-en-la-feria-de-intur-como-destino-turistico-seguro\/#respond"]}]},{"@type":"WebPage","@id":"https:\/\/www.starsislandlapalma.es\/en\/la-palma-se-promociona-en-la-feria-de-intur-como-destino-turistico-seguro\/","url":"https:\/\/www.starsislandlapalma.es\/en\/la-palma-se-promociona-en-la-feria-de-intur-como-destino-turistico-seguro\/","name":"La Palma se promociona en la feria de Intur como destino tur\u00edstico seguro &#8902; Stars Island La Palma","isPartOf":{"@id":"https:\/\/www.starsislandlapalma.es\/#website"},"primaryImageOfPage":{"@id":"https:\/\/www.starsislandlapalma.es\/en\/la-palma-se-promociona-en-la-feria-de-intur-como-destino-turistico-seguro\/#primaryimage"},"image":{"@id":"https:\/\/www.starsislandlapalma.es\/en\/la-palma-se-promociona-en-la-feria-de-intur-como-destino-turistico-seguro\/#primaryimage"},"thumbnailUrl":"https:\/\/www.starsislandlapalma.es\/wp-content\/uploads\/2021\/11\/Feria_Turismo_1.jpg","datePublished":"2021-11-20T21:54:11+00:00","dateModified":"2022-01-14T09:26:24+00:00","breadcrumb":{"@id":"https:\/\/www.starsislandlapalma.es\/en\/la-palma-se-promociona-en-la-feria-de-intur-como-destino-turistico-seguro\/#breadcrumb"},"inLanguage":"en-US","potentialAction":[{"@type":"ReadAction","target":["https:\/\/www.starsislandlapalma.es\/en\/la-palma-se-promociona-en-la-feria-de-intur-como-destino-turistico-seguro\/"]}]},{"@type":"ImageObject","inLanguage":"en-US","@id":"https:\/\/www.starsislandlapalma.es\/en\/la-palma-se-promociona-en-la-feria-de-intur-como-destino-turistico-seguro\/#primaryimage","url":"https:\/\/www.starsislandlapalma.es\/wp-content\/uploads\/2021\/11\/Feria_Turismo_1.jpg","contentUrl":"https:\/\/www.starsislandlapalma.es\/wp-content\/uploads\/2021\/11\/Feria_Turismo_1.jpg","width":1024,"height":768},{"@type":"BreadcrumbList","@id":"https:\/\/www.starsislandlapalma.es\/en\/la-palma-se-promociona-en-la-feria-de-intur-como-destino-turistico-seguro\/#breadcrumb","itemListElement":[{"@type":"ListItem","position":1,"name":"Portada","item":"https:\/\/www.starsislandlapalma.es\/en\/"},{"@type":"ListItem","position":2,"name":"La Palma se promociona en la feria de Intur como destino tur\u00edstico seguro"}]},{"@type":"WebSite","@id":"https:\/\/www.starsislandlapalma.es\/#website","url":"https:\/\/www.starsislandlapalma.es\/","name":"Stars Island La Palma","description":"La Palma, el lugar perfecto para disfrutar del universo. Primera Reserva Starlight del mundo, en 2012 se reconoce como Destino Tur\u00edstico Starlight","publisher":{"@id":"https:\/\/www.starsislandlapalma.es\/#organization"},"potentialAction":[{"@type":"SearchAction","target":{"@type":"EntryPoint","urlTemplate":"https:\/\/www.starsislandlapalma.es\/?s={search_term_string}"},"query-input":{"@type":"PropertyValueSpecification","valueRequired":true,"valueName":"search_term_string"}}],"inLanguage":"en-US"},{"@type":"Organization","@id":"https:\/\/www.starsislandlapalma.es\/#organization","name":"Star Island La Palma","url":"https:\/\/www.starsislandlapalma.es\/","logo":{"@type":"ImageObject","inLanguage":"en-US","@id":"https:\/\/www.starsislandlapalma.es\/#\/schema\/logo\/image\/","url":"https:\/\/www.starsislandlapalma.es\/wp-content\/uploads\/2022\/01\/logo_starisland.png","contentUrl":"https:\/\/www.starsislandlapalma.es\/wp-content\/uploads\/2022\/01\/logo_starisland.png","width":172,"height":139,"caption":"Star Island La Palma"},"image":{"@id":"https:\/\/www.starsislandlapalma.es\/#\/schema\/logo\/image\/"},"sameAs":["https:\/\/www.facebook.com\/pages\/Starsisland-La-Palma\/210888162375006?ref=hl","https:\/\/x.com\/starsislandlapa","https:\/\/www.pinterest.com\/astroturismo\/","https:\/\/www.youtube.com\/channel\/UCV7sju1ggcBpJG39HQCBtsA"]},{"@type":"Person","@id":"https:\/\/www.starsislandlapalma.es\/#\/schema\/person\/d2618b46c3dc5c031ddd56a658f9ab25","name":"StarsIsland","image":{"@type":"ImageObject","inLanguage":"en-US","@id":"https:\/\/www.starsislandlapalma.es\/#\/schema\/person\/image\/","url":"https:\/\/secure.gravatar.com\/avatar\/30a35f2b7b8f976566433f1ab7d6402f?s=96&d=mm&r=g","contentUrl":"https:\/\/secure.gravatar.com\/avatar\/30a35f2b7b8f976566433f1ab7d6402f?s=96&d=mm&r=g","caption":"StarsIsland"},"url":"https:\/\/www.starsislandlapalma.es\/en\/author\/starsisland\/"}]}},"_links":{"self":[{"href":"https:\/\/www.starsislandlapalma.es\/en\/wp-json\/wp\/v2\/posts\/24600\/"}],"collection":[{"href":"https:\/\/www.starsislandlapalma.es\/en\/wp-json\/wp\/v2\/posts\/"}],"about":[{"href":"https:\/\/www.starsislandlapalma.es\/en\/wp-json\/wp\/v2\/types\/post\/"}],"author":[{"embeddable":true,"href":"https:\/\/www.starsislandlapalma.es\/en\/wp-json\/wp\/v2\/users\/4\/"}],"replies":[{"embeddable":true,"href":"https:\/\/www.starsislandlapalma.es\/en\/wp-json\/wp\/v2\/comments\/?post=24600"}],"version-history":[{"count":0,"href":"https:\/\/www.starsislandlapalma.es\/en\/wp-json\/wp\/v2\/posts\/24600\/revisions\/"}],"wp:featuredmedia":[{"embeddable":true,"href":"https:\/\/www.starsislandlapalma.es\/en\/wp-json\/wp\/v2\/media\/24296\/"}],"wp:attachment":[{"href":"https:\/\/www.starsislandlapalma.es\/en\/wp-json\/wp\/v2\/media\/?parent=24600"}],"wp:term":[{"taxonomy":"category","embeddable":true,"href":"https:\/\/www.starsislandlapalma.es\/en\/wp-json\/wp\/v2\/categories\/?post=24600"},{"taxonomy":"post_tag","embeddable":true,"href":"https:\/\/www.starsislandlapalma.es\/en\/wp-json\/wp\/v2\/tags\/?post=24600"}],"curies":[{"name":"wp","href":"https:\/\/api.w.org\/{rel}","templated":true}]}}