{"id":24626,"date":"2022-01-13T10:42:47","date_gmt":"2022-01-13T10:42:47","guid":{"rendered":"https:\/\/www.starsislandlapalma.es\/fuencaliente-albergara-en-octubre-el-congreso-starlight-2022\/"},"modified":"2022-01-14T09:16:47","modified_gmt":"2022-01-14T09:16:47","slug":"fuencaliente-albergara-en-octubre-el-congreso-starlight-2022","status":"publish","type":"post","link":"https:\/\/www.starsislandlapalma.es\/en\/fuencaliente-albergara-en-octubre-el-congreso-starlight-2022\/","title":{"rendered":"Fuencaliente albergar\u00e1 en octubre el Congreso Starlight 2022"},"content":{"rendered":"<p style=\"text-align: justify;\"><em>El municipio es la sede elegida por unanimidad por parte del jurado de la Fundaci\u00f3n Starlight<\/em><\/p>\n<p style=\"text-align: justify;\">El\u00a0V Encuentro Starlight y III Encuentro de Gu\u00edas y Monitores Starlight,\u00a0que tendr\u00e1 lugar en octubre de 2022, tendr\u00e1 como sede el municipio de Fuencaliente tras ser elegida la localidad del sur de La Palma entre otras 23 propuestas de reservas y destinos tur\u00edsticos vinculados a la observaci\u00f3n de las estrellas.<\/p>\n<p style=\"text-align: justify;\">La concejala de Promoci\u00f3n Tur\u00edstica, Celia Santos, pone de relieve que el jurado ha elegido por unanimidad la sede de Fuencaliente, destacando desde la Fundaci\u00f3n Starlight que el municipio palmero cuenta con todas las condiciones \u00f3ptimas para albergar esta cita, que es la m\u00e1xima referencia en astroturismo y un evento excepcional para conocerse la familia Starlight y crear sinergias.<\/p>\n<p style=\"text-align: justify;\">El jurado constituido por los patronos de la Fundaci\u00f3n Starlight y por la directora, Antonia Varela, ha decidido por unanimidad que\u00a0la sede para albergar el pr\u00f3ximo encuentro Starlight sea\u00a0Fuencaliente, \u00fanico municipio con la certificaci\u00f3n que otorga esta entidad en la Isla. A la opci\u00f3n de acoger este congreso tambi\u00e9n concurrieron el Cabildo insular y el Parador Nacional de Turismo, siendo elegido Fuencaliente.<\/p>\n<p style=\"text-align: justify;\">Adem\u00e1s de visitas a infraestructuras de inter\u00e9s de La Palma, los representantes de otros destinos Starlight conocer\u00e1n de primera mano la oferta, instalaciones e idiosincrasia de Fuencaliente, aportando tambi\u00e9n sus experiencias a la mejora del producto tur\u00edstico que se dise\u00f1a por parte del Ayuntamiento de Fuencaliente, adem\u00e1s de generar econom\u00eda local durante la celebraci\u00f3n de la cita.<\/p>\n<p style=\"text-align: justify;\">Con antelaci\u00f3n, en el mes de julio, y de forma paralela al congreso, el municipio tambi\u00e9n acoger\u00e1 los cursos de monitores y gu\u00edas Starlight, nicho de empleo en crecimiento en la isla de La Palma.<\/p>\n<p style=\"text-align: justify;\">Esta decisi\u00f3n de la Fundaci\u00f3n Starlight viene a dar respuesta a los esfuerzos realizados desde la Concejal\u00eda de Promoci\u00f3n T\u00far\u00edstica, trasladando el trabajo que se realiza desde el municipio para potenciar entre las empresas locales y las infraestructuras municipales la tematizaci\u00f3n y aprovechamiento del cielo nocturno, y que ha servido para recibir reconocimientos, como el recientemente otorgado Premio Tribuna Canaria.<\/p>\n<p style=\"text-align: justify;\">En ese sentido, el alcalde de Fuencaliente, Gregorio Alonso, recalca el encomiable trabajo realizado para llevar las propuestas del municipio a los anteriores encuentros realizados en Menorca y Teruel, as\u00ed como en Portugal, en los que la localidad ha estado presente trasladando las propuestas que permiten potenciar el destino de astroturismo.<\/p>\n","protected":false},"excerpt":{"rendered":"<p>El municipio es la sede elegida por unanimidad por parte del jurado de la Fundaci\u00f3n Starlight<\/p>\n","protected":false},"author":4,"featured_media":24447,"comment_status":"open","ping_status":"open","sticky":false,"template":"","format":"standard","meta":{"footnotes":""},"categories":[136],"tags":[921],"yoast_head":"<!-- This site is optimized with the Yoast SEO plugin v24.5 - https:\/\/yoast.com\/wordpress\/plugins\/seo\/ -->\n<title>Fuencaliente albergar\u00e1 en octubre el Congreso Starlight 2022 &#8902; Stars Island La Palma<\/title>\n<meta name=\"robots\" content=\"index, follow, max-snippet:-1, max-image-preview:large, max-video-preview:-1\" \/>\n<link rel=\"canonical\" href=\"https:\/\/www.starsislandlapalma.es\/en\/fuencaliente-albergara-en-octubre-el-congreso-starlight-2022\/\" \/>\n<meta property=\"og:locale\" content=\"en_US\" \/>\n<meta property=\"og:type\" content=\"article\" \/>\n<meta property=\"og:title\" content=\"Fuencaliente albergar\u00e1 en octubre el Congreso Starlight 2022 &#8902; Stars Island La Palma\" \/>\n<meta property=\"og:description\" content=\"El municipio es la sede elegida por unanimidad por parte del jurado de la Fundaci\u00f3n Starlight\" \/>\n<meta property=\"og:url\" content=\"https:\/\/www.starsislandlapalma.es\/en\/fuencaliente-albergara-en-octubre-el-congreso-starlight-2022\/\" \/>\n<meta property=\"og:site_name\" content=\"Stars Island La Palma\" \/>\n<meta property=\"article:publisher\" content=\"https:\/\/www.facebook.com\/pages\/Starsisland-La-Palma\/210888162375006?ref=hl\" \/>\n<meta property=\"article:published_time\" content=\"2022-01-13T10:42:47+00:00\" \/>\n<meta property=\"article:modified_time\" content=\"2022-01-14T09:16:47+00:00\" \/>\n<meta property=\"og:image\" content=\"https:\/\/www.starsislandlapalma.es\/wp-content\/uploads\/2022\/01\/Patricia_Varela_presidenta_Fundacion_Starlihgt_y_Celia_Santos.jpg\" \/>\n\t<meta property=\"og:image:width\" content=\"750\" \/>\n\t<meta property=\"og:image:height\" content=\"726\" \/>\n\t<meta property=\"og:image:type\" content=\"image\/jpeg\" \/>\n<meta name=\"author\" content=\"StarsIsland\" \/>\n<meta name=\"twitter:label1\" content=\"Written by\" \/>\n\t<meta name=\"twitter:data1\" content=\"StarsIsland\" \/>\n\t<meta name=\"twitter:label2\" content=\"Est. reading time\" \/>\n\t<meta name=\"twitter:data2\" content=\"2 minutes\" \/>\n<script type=\"application\/ld+json\" class=\"yoast-schema-graph\">{\"@context\":\"https:\/\/schema.org\",\"@graph\":[{\"@type\":\"Article\",\"@id\":\"https:\/\/www.starsislandlapalma.es\/en\/fuencaliente-albergara-en-octubre-el-congreso-starlight-2022\/#article\",\"isPartOf\":{\"@id\":\"https:\/\/www.starsislandlapalma.es\/en\/fuencaliente-albergara-en-octubre-el-congreso-starlight-2022\/\"},\"author\":{\"name\":\"StarsIsland\",\"@id\":\"https:\/\/www.starsislandlapalma.es\/#\/schema\/person\/d2618b46c3dc5c031ddd56a658f9ab25\"},\"headline\":\"Fuencaliente albergar\u00e1 en octubre el Congreso Starlight 2022\",\"datePublished\":\"2022-01-13T10:42:47+00:00\",\"dateModified\":\"2022-01-14T09:16:47+00:00\",\"mainEntityOfPage\":{\"@id\":\"https:\/\/www.starsislandlapalma.es\/en\/fuencaliente-albergara-en-octubre-el-congreso-starlight-2022\/\"},\"wordCount\":431,\"commentCount\":0,\"publisher\":{\"@id\":\"https:\/\/www.starsislandlapalma.es\/#organization\"},\"image\":{\"@id\":\"https:\/\/www.starsislandlapalma.es\/en\/fuencaliente-albergara-en-octubre-el-congreso-starlight-2022\/#primaryimage\"},\"thumbnailUrl\":\"https:\/\/www.starsislandlapalma.es\/wp-content\/uploads\/2022\/01\/Patricia_Varela_presidenta_Fundacion_Starlihgt_y_Celia_Santos.jpg\",\"keywords\":[\"Congreso Starlight\"],\"articleSection\":[\"News\"],\"inLanguage\":\"en-US\",\"potentialAction\":[{\"@type\":\"CommentAction\",\"name\":\"Comment\",\"target\":[\"https:\/\/www.starsislandlapalma.es\/en\/fuencaliente-albergara-en-octubre-el-congreso-starlight-2022\/#respond\"]}]},{\"@type\":\"WebPage\",\"@id\":\"https:\/\/www.starsislandlapalma.es\/en\/fuencaliente-albergara-en-octubre-el-congreso-starlight-2022\/\",\"url\":\"https:\/\/www.starsislandlapalma.es\/en\/fuencaliente-albergara-en-octubre-el-congreso-starlight-2022\/\",\"name\":\"Fuencaliente albergar\u00e1 en octubre el Congreso Starlight 2022 &#8902; Stars Island La Palma\",\"isPartOf\":{\"@id\":\"https:\/\/www.starsislandlapalma.es\/#website\"},\"primaryImageOfPage\":{\"@id\":\"https:\/\/www.starsislandlapalma.es\/en\/fuencaliente-albergara-en-octubre-el-congreso-starlight-2022\/#primaryimage\"},\"image\":{\"@id\":\"https:\/\/www.starsislandlapalma.es\/en\/fuencaliente-albergara-en-octubre-el-congreso-starlight-2022\/#primaryimage\"},\"thumbnailUrl\":\"https:\/\/www.starsislandlapalma.es\/wp-content\/uploads\/2022\/01\/Patricia_Varela_presidenta_Fundacion_Starlihgt_y_Celia_Santos.jpg\",\"datePublished\":\"2022-01-13T10:42:47+00:00\",\"dateModified\":\"2022-01-14T09:16:47+00:00\",\"breadcrumb\":{\"@id\":\"https:\/\/www.starsislandlapalma.es\/en\/fuencaliente-albergara-en-octubre-el-congreso-starlight-2022\/#breadcrumb\"},\"inLanguage\":\"en-US\",\"potentialAction\":[{\"@type\":\"ReadAction\",\"target\":[\"https:\/\/www.starsislandlapalma.es\/en\/fuencaliente-albergara-en-octubre-el-congreso-starlight-2022\/\"]}]},{\"@type\":\"ImageObject\",\"inLanguage\":\"en-US\",\"@id\":\"https:\/\/www.starsislandlapalma.es\/en\/fuencaliente-albergara-en-octubre-el-congreso-starlight-2022\/#primaryimage\",\"url\":\"https:\/\/www.starsislandlapalma.es\/wp-content\/uploads\/2022\/01\/Patricia_Varela_presidenta_Fundacion_Starlihgt_y_Celia_Santos.jpg\",\"contentUrl\":\"https:\/\/www.starsislandlapalma.es\/wp-content\/uploads\/2022\/01\/Patricia_Varela_presidenta_Fundacion_Starlihgt_y_Celia_Santos.jpg\",\"width\":750,\"height\":726},{\"@type\":\"BreadcrumbList\",\"@id\":\"https:\/\/www.starsislandlapalma.es\/en\/fuencaliente-albergara-en-octubre-el-congreso-starlight-2022\/#breadcrumb\",\"itemListElement\":[{\"@type\":\"ListItem\",\"position\":1,\"name\":\"Portada\",\"item\":\"https:\/\/www.starsislandlapalma.es\/en\/\"},{\"@type\":\"ListItem\",\"position\":2,\"name\":\"Fuencaliente albergar\u00e1 en octubre el Congreso Starlight 2022\"}]},{\"@type\":\"WebSite\",\"@id\":\"https:\/\/www.starsislandlapalma.es\/#website\",\"url\":\"https:\/\/www.starsislandlapalma.es\/\",\"name\":\"Stars Island La Palma\",\"description\":\"La Palma, el lugar perfecto para disfrutar del universo. Primera Reserva Starlight del mundo, en 2012 se reconoce como Destino Tur\u00edstico Starlight\",\"publisher\":{\"@id\":\"https:\/\/www.starsislandlapalma.es\/#organization\"},\"potentialAction\":[{\"@type\":\"SearchAction\",\"target\":{\"@type\":\"EntryPoint\",\"urlTemplate\":\"https:\/\/www.starsislandlapalma.es\/?s={search_term_string}\"},\"query-input\":{\"@type\":\"PropertyValueSpecification\",\"valueRequired\":true,\"valueName\":\"search_term_string\"}}],\"inLanguage\":\"en-US\"},{\"@type\":\"Organization\",\"@id\":\"https:\/\/www.starsislandlapalma.es\/#organization\",\"name\":\"Star Island La Palma\",\"url\":\"https:\/\/www.starsislandlapalma.es\/\",\"logo\":{\"@type\":\"ImageObject\",\"inLanguage\":\"en-US\",\"@id\":\"https:\/\/www.starsislandlapalma.es\/#\/schema\/logo\/image\/\",\"url\":\"https:\/\/www.starsislandlapalma.es\/wp-content\/uploads\/2022\/01\/logo_starisland.png\",\"contentUrl\":\"https:\/\/www.starsislandlapalma.es\/wp-content\/uploads\/2022\/01\/logo_starisland.png\",\"width\":172,\"height\":139,\"caption\":\"Star Island La Palma\"},\"image\":{\"@id\":\"https:\/\/www.starsislandlapalma.es\/#\/schema\/logo\/image\/\"},\"sameAs\":[\"https:\/\/www.facebook.com\/pages\/Starsisland-La-Palma\/210888162375006?ref=hl\",\"https:\/\/x.com\/starsislandlapa\",\"https:\/\/www.pinterest.com\/astroturismo\/\",\"https:\/\/www.youtube.com\/channel\/UCV7sju1ggcBpJG39HQCBtsA\"]},{\"@type\":\"Person\",\"@id\":\"https:\/\/www.starsislandlapalma.es\/#\/schema\/person\/d2618b46c3dc5c031ddd56a658f9ab25\",\"name\":\"StarsIsland\",\"image\":{\"@type\":\"ImageObject\",\"inLanguage\":\"en-US\",\"@id\":\"https:\/\/www.starsislandlapalma.es\/#\/schema\/person\/image\/\",\"url\":\"https:\/\/secure.gravatar.com\/avatar\/30a35f2b7b8f976566433f1ab7d6402f?s=96&d=mm&r=g\",\"contentUrl\":\"https:\/\/secure.gravatar.com\/avatar\/30a35f2b7b8f976566433f1ab7d6402f?s=96&d=mm&r=g\",\"caption\":\"StarsIsland\"},\"url\":\"https:\/\/www.starsislandlapalma.es\/en\/author\/starsisland\/\"}]}<\/script>\n<!-- \/ Yoast SEO plugin. -->","yoast_head_json":{"title":"Fuencaliente albergar\u00e1 en octubre el Congreso Starlight 2022 &#8902; Stars Island La Palma","robots":{"index":"index","follow":"follow","max-snippet":"max-snippet:-1","max-image-preview":"max-image-preview:large","max-video-preview":"max-video-preview:-1"},"canonical":"https:\/\/www.starsislandlapalma.es\/en\/fuencaliente-albergara-en-octubre-el-congreso-starlight-2022\/","og_locale":"en_US","og_type":"article","og_title":"Fuencaliente albergar\u00e1 en octubre el Congreso Starlight 2022 &#8902; Stars Island La Palma","og_description":"El municipio es la sede elegida por unanimidad por parte del jurado de la Fundaci\u00f3n Starlight","og_url":"https:\/\/www.starsislandlapalma.es\/en\/fuencaliente-albergara-en-octubre-el-congreso-starlight-2022\/","og_site_name":"Stars Island La Palma","article_publisher":"https:\/\/www.facebook.com\/pages\/Starsisland-La-Palma\/210888162375006?ref=hl","article_published_time":"2022-01-13T10:42:47+00:00","article_modified_time":"2022-01-14T09:16:47+00:00","og_image":[{"width":750,"height":726,"url":"https:\/\/www.starsislandlapalma.es\/wp-content\/uploads\/2022\/01\/Patricia_Varela_presidenta_Fundacion_Starlihgt_y_Celia_Santos.jpg","type":"image\/jpeg"}],"author":"StarsIsland","twitter_misc":{"Written by":"StarsIsland","Est. reading time":"2 minutes"},"schema":{"@context":"https:\/\/schema.org","@graph":[{"@type":"Article","@id":"https:\/\/www.starsislandlapalma.es\/en\/fuencaliente-albergara-en-octubre-el-congreso-starlight-2022\/#article","isPartOf":{"@id":"https:\/\/www.starsislandlapalma.es\/en\/fuencaliente-albergara-en-octubre-el-congreso-starlight-2022\/"},"author":{"name":"StarsIsland","@id":"https:\/\/www.starsislandlapalma.es\/#\/schema\/person\/d2618b46c3dc5c031ddd56a658f9ab25"},"headline":"Fuencaliente albergar\u00e1 en octubre el Congreso Starlight 2022","datePublished":"2022-01-13T10:42:47+00:00","dateModified":"2022-01-14T09:16:47+00:00","mainEntityOfPage":{"@id":"https:\/\/www.starsislandlapalma.es\/en\/fuencaliente-albergara-en-octubre-el-congreso-starlight-2022\/"},"wordCount":431,"commentCount":0,"publisher":{"@id":"https:\/\/www.starsislandlapalma.es\/#organization"},"image":{"@id":"https:\/\/www.starsislandlapalma.es\/en\/fuencaliente-albergara-en-octubre-el-congreso-starlight-2022\/#primaryimage"},"thumbnailUrl":"https:\/\/www.starsislandlapalma.es\/wp-content\/uploads\/2022\/01\/Patricia_Varela_presidenta_Fundacion_Starlihgt_y_Celia_Santos.jpg","keywords":["Congreso Starlight"],"articleSection":["News"],"inLanguage":"en-US","potentialAction":[{"@type":"CommentAction","name":"Comment","target":["https:\/\/www.starsislandlapalma.es\/en\/fuencaliente-albergara-en-octubre-el-congreso-starlight-2022\/#respond"]}]},{"@type":"WebPage","@id":"https:\/\/www.starsislandlapalma.es\/en\/fuencaliente-albergara-en-octubre-el-congreso-starlight-2022\/","url":"https:\/\/www.starsislandlapalma.es\/en\/fuencaliente-albergara-en-octubre-el-congreso-starlight-2022\/","name":"Fuencaliente albergar\u00e1 en octubre el Congreso Starlight 2022 &#8902; Stars Island La Palma","isPartOf":{"@id":"https:\/\/www.starsislandlapalma.es\/#website"},"primaryImageOfPage":{"@id":"https:\/\/www.starsislandlapalma.es\/en\/fuencaliente-albergara-en-octubre-el-congreso-starlight-2022\/#primaryimage"},"image":{"@id":"https:\/\/www.starsislandlapalma.es\/en\/fuencaliente-albergara-en-octubre-el-congreso-starlight-2022\/#primaryimage"},"thumbnailUrl":"https:\/\/www.starsislandlapalma.es\/wp-content\/uploads\/2022\/01\/Patricia_Varela_presidenta_Fundacion_Starlihgt_y_Celia_Santos.jpg","datePublished":"2022-01-13T10:42:47+00:00","dateModified":"2022-01-14T09:16:47+00:00","breadcrumb":{"@id":"https:\/\/www.starsislandlapalma.es\/en\/fuencaliente-albergara-en-octubre-el-congreso-starlight-2022\/#breadcrumb"},"inLanguage":"en-US","potentialAction":[{"@type":"ReadAction","target":["https:\/\/www.starsislandlapalma.es\/en\/fuencaliente-albergara-en-octubre-el-congreso-starlight-2022\/"]}]},{"@type":"ImageObject","inLanguage":"en-US","@id":"https:\/\/www.starsislandlapalma.es\/en\/fuencaliente-albergara-en-octubre-el-congreso-starlight-2022\/#primaryimage","url":"https:\/\/www.starsislandlapalma.es\/wp-content\/uploads\/2022\/01\/Patricia_Varela_presidenta_Fundacion_Starlihgt_y_Celia_Santos.jpg","contentUrl":"https:\/\/www.starsislandlapalma.es\/wp-content\/uploads\/2022\/01\/Patricia_Varela_presidenta_Fundacion_Starlihgt_y_Celia_Santos.jpg","width":750,"height":726},{"@type":"BreadcrumbList","@id":"https:\/\/www.starsislandlapalma.es\/en\/fuencaliente-albergara-en-octubre-el-congreso-starlight-2022\/#breadcrumb","itemListElement":[{"@type":"ListItem","position":1,"name":"Portada","item":"https:\/\/www.starsislandlapalma.es\/en\/"},{"@type":"ListItem","position":2,"name":"Fuencaliente albergar\u00e1 en octubre el Congreso Starlight 2022"}]},{"@type":"WebSite","@id":"https:\/\/www.starsislandlapalma.es\/#website","url":"https:\/\/www.starsislandlapalma.es\/","name":"Stars Island La Palma","description":"La Palma, el lugar perfecto para disfrutar del universo. Primera Reserva Starlight del mundo, en 2012 se reconoce como Destino Tur\u00edstico Starlight","publisher":{"@id":"https:\/\/www.starsislandlapalma.es\/#organization"},"potentialAction":[{"@type":"SearchAction","target":{"@type":"EntryPoint","urlTemplate":"https:\/\/www.starsislandlapalma.es\/?s={search_term_string}"},"query-input":{"@type":"PropertyValueSpecification","valueRequired":true,"valueName":"search_term_string"}}],"inLanguage":"en-US"},{"@type":"Organization","@id":"https:\/\/www.starsislandlapalma.es\/#organization","name":"Star Island La Palma","url":"https:\/\/www.starsislandlapalma.es\/","logo":{"@type":"ImageObject","inLanguage":"en-US","@id":"https:\/\/www.starsislandlapalma.es\/#\/schema\/logo\/image\/","url":"https:\/\/www.starsislandlapalma.es\/wp-content\/uploads\/2022\/01\/logo_starisland.png","contentUrl":"https:\/\/www.starsislandlapalma.es\/wp-content\/uploads\/2022\/01\/logo_starisland.png","width":172,"height":139,"caption":"Star Island La Palma"},"image":{"@id":"https:\/\/www.starsislandlapalma.es\/#\/schema\/logo\/image\/"},"sameAs":["https:\/\/www.facebook.com\/pages\/Starsisland-La-Palma\/210888162375006?ref=hl","https:\/\/x.com\/starsislandlapa","https:\/\/www.pinterest.com\/astroturismo\/","https:\/\/www.youtube.com\/channel\/UCV7sju1ggcBpJG39HQCBtsA"]},{"@type":"Person","@id":"https:\/\/www.starsislandlapalma.es\/#\/schema\/person\/d2618b46c3dc5c031ddd56a658f9ab25","name":"StarsIsland","image":{"@type":"ImageObject","inLanguage":"en-US","@id":"https:\/\/www.starsislandlapalma.es\/#\/schema\/person\/image\/","url":"https:\/\/secure.gravatar.com\/avatar\/30a35f2b7b8f976566433f1ab7d6402f?s=96&d=mm&r=g","contentUrl":"https:\/\/secure.gravatar.com\/avatar\/30a35f2b7b8f976566433f1ab7d6402f?s=96&d=mm&r=g","caption":"StarsIsland"},"url":"https:\/\/www.starsislandlapalma.es\/en\/author\/starsisland\/"}]}},"_links":{"self":[{"href":"https:\/\/www.starsislandlapalma.es\/en\/wp-json\/wp\/v2\/posts\/24626\/"}],"collection":[{"href":"https:\/\/www.starsislandlapalma.es\/en\/wp-json\/wp\/v2\/posts\/"}],"about":[{"href":"https:\/\/www.starsislandlapalma.es\/en\/wp-json\/wp\/v2\/types\/post\/"}],"author":[{"embeddable":true,"href":"https:\/\/www.starsislandlapalma.es\/en\/wp-json\/wp\/v2\/users\/4\/"}],"replies":[{"embeddable":true,"href":"https:\/\/www.starsislandlapalma.es\/en\/wp-json\/wp\/v2\/comments\/?post=24626"}],"version-history":[{"count":0,"href":"https:\/\/www.starsislandlapalma.es\/en\/wp-json\/wp\/v2\/posts\/24626\/revisions\/"}],"wp:featuredmedia":[{"embeddable":true,"href":"https:\/\/www.starsislandlapalma.es\/en\/wp-json\/wp\/v2\/media\/24447\/"}],"wp:attachment":[{"href":"https:\/\/www.starsislandlapalma.es\/en\/wp-json\/wp\/v2\/media\/?parent=24626"}],"wp:term":[{"taxonomy":"category","embeddable":true,"href":"https:\/\/www.starsislandlapalma.es\/en\/wp-json\/wp\/v2\/categories\/?post=24626"},{"taxonomy":"post_tag","embeddable":true,"href":"https:\/\/www.starsislandlapalma.es\/en\/wp-json\/wp\/v2\/tags\/?post=24626"}],"curies":[{"name":"wp","href":"https:\/\/api.w.org\/{rel}","templated":true}]}}