{"id":25132,"date":"2022-09-02T10:17:30","date_gmt":"2022-09-02T10:17:30","guid":{"rendered":"https:\/\/www.starsislandlapalma.es\/javier-santaolalla-en-vocaciones-cientificas-astrofest-2022\/"},"modified":"2022-09-02T10:43:21","modified_gmt":"2022-09-02T10:43:21","slug":"javier-santaolalla-en-vocaciones-cientificas-astrofest-2022","status":"publish","type":"post","link":"https:\/\/www.starsislandlapalma.es\/en\/javier-santaolalla-en-vocaciones-cientificas-astrofest-2022\/","title":{"rendered":"Javier Santaolalla en \u201cVocaciones Cient\u00edficas \u2013 AstroFest 2022&#8243;"},"content":{"rendered":"<blockquote><p><em>Considerado uno de los mejores divulgadores cient\u00edficos.<\/em><\/p><\/blockquote>\n<p>\u201c\u00bfQui\u00e9n quiere ser astronauta? Viajar por el cosmos y descubrir mundos nuevos. Escaparemos de nuestra estrella e iremos a otros sistemas solares, incluso fuera de la galaxia, al interior de un agujero negro, hasta colarnos en el inicio de todo, en el Big Bang. Lo haremos usando el combustible de la imaginaci\u00f3n.<br \/>\nSolo hay que cerrar bien fuerte los ojos&#8230; y so\u00f1ar.\u201d<\/p>\n<p>Dentro de las acciones enmarcadas en el programa AstroFest La Palma 2022, contaremos con la presencia del divulgador cient\u00edfico Javier Santaolalla.<\/p>\n<p style=\"text-align: justify;\">Viernes 9 de Septiembre, 19:30 h., Plaza de Las Madres en San Jos\u00e9, Bre\u00f1a Baja.<\/p>\n<p style=\"text-align: justify;\"><a href=\"https:\/\/www.starsislandlapalma.es\/wp-content\/uploads\/2022\/08\/Javier-Santaolalla.jpg\"><img decoding=\"async\" class=\"alignleft wp-image-25114 size-medium\" src=\"https:\/\/www.starsislandlapalma.es\/wp-content\/uploads\/2022\/08\/Javier-Santaolalla-232x300.jpg\" alt=\"\" width=\"232\" height=\"300\" srcset=\"https:\/\/www.starsislandlapalma.es\/wp-content\/uploads\/2022\/08\/Javier-Santaolalla-232x300.jpg 232w, https:\/\/www.starsislandlapalma.es\/wp-content\/uploads\/2022\/08\/Javier-Santaolalla-793x1024.jpg 793w, https:\/\/www.starsislandlapalma.es\/wp-content\/uploads\/2022\/08\/Javier-Santaolalla-768x992.jpg 768w, https:\/\/www.starsislandlapalma.es\/wp-content\/uploads\/2022\/08\/Javier-Santaolalla-700x904.jpg 700w, https:\/\/www.starsislandlapalma.es\/wp-content\/uploads\/2022\/08\/Javier-Santaolalla.jpg 1024w\" sizes=\"(max-width: 232px) 100vw, 232px\" \/><\/a>Javier Santaolalla es Ingeniero de telecomunicaciones con experiencia laboral en sat\u00e9lites en CNES, graduado en f\u00edsica con m\u00e1ster en f\u00edsica fundamental, doctor en f\u00edsica de part\u00edculas con una beca del CIEMAT en el CERN, donde estuvo durante el descubrimiento del Bos\u00f3n de Higgs. Divulgador cient\u00edfico desde hace 10 a\u00f1os: miembro fundador de Big Van cient\u00edficos sobre ruedas, conductor de galas y conferencias, autor de 6 libros, investigador en educaci\u00f3n, youTuber y colaborador del prestigioso programa divulgativo \u201c\u00d3rbita Laika\u201d de TVE.<\/p>\n<p style=\"text-align: justify;\">Las actividades est\u00e1n financiadas y promovidas por el \u00c1rea de Turismo del Cabildo de La Palma y la Sociedad de Promoci\u00f3n y Desarrollo Econ\u00f3mico de La Palma (Sodepal), a trav\u00e9s del programa de Promoci\u00f3n de Astroturismo \u2013 PALP.<\/p>\n<p style=\"text-align: justify;\">Colabora el Ayuntamiento de Bre\u00f1a Baja. Y se contar\u00e1 con la participaci\u00f3n del narrador, divulgador y experto en astroturismo Antonio Gonz\u00e1lez.<\/p>\n<p>&nbsp;<\/p>\n","protected":false},"excerpt":{"rendered":"<p>\u00bfQui\u00e9n quiere ser astronauta? Viajar por el cosmos y descubrir mundos nuevos<\/p>\n","protected":false},"author":4,"featured_media":25125,"comment_status":"open","ping_status":"open","sticky":false,"template":"","format":"standard","meta":{"footnotes":""},"categories":[139,136],"tags":[979],"yoast_head":"<!-- This site is optimized with the Yoast SEO plugin v24.5 - https:\/\/yoast.com\/wordpress\/plugins\/seo\/ -->\n<title>Javier Santaolalla en \u201cVocaciones Cient\u00edficas \u2013 AstroFest 2022&quot; &#8902; Stars Island La Palma<\/title>\n<meta name=\"robots\" content=\"index, follow, max-snippet:-1, max-image-preview:large, max-video-preview:-1\" \/>\n<link rel=\"canonical\" href=\"https:\/\/www.starsislandlapalma.es\/en\/javier-santaolalla-en-vocaciones-cientificas-astrofest-2022\/\" \/>\n<meta property=\"og:locale\" content=\"en_US\" \/>\n<meta property=\"og:type\" content=\"article\" \/>\n<meta property=\"og:title\" content=\"Javier Santaolalla en \u201cVocaciones Cient\u00edficas \u2013 AstroFest 2022&quot;\" \/>\n<meta property=\"og:description\" content=\"\u00bfQui\u00e9n quiere ser astronauta? Viajar por el cosmos y descubrir mundos nuevos\" \/>\n<meta property=\"og:url\" content=\"https:\/\/www.starsislandlapalma.es\/en\/javier-santaolalla-en-vocaciones-cientificas-astrofest-2022\/\" \/>\n<meta property=\"og:site_name\" content=\"Stars Island La Palma\" \/>\n<meta property=\"article:publisher\" content=\"https:\/\/www.facebook.com\/pages\/Starsisland-La-Palma\/210888162375006?ref=hl\" \/>\n<meta property=\"article:published_time\" content=\"2022-09-02T10:17:30+00:00\" \/>\n<meta property=\"article:modified_time\" content=\"2022-09-02T10:43:21+00:00\" \/>\n<meta property=\"og:image\" content=\"https:\/\/www.starsislandlapalma.es\/wp-content\/uploads\/2022\/09\/Cartel-Vocaciones-AstroFest-Santaolalla.jpg\" \/>\n\t<meta property=\"og:image:width\" content=\"1024\" \/>\n\t<meta property=\"og:image:height\" content=\"1448\" \/>\n\t<meta property=\"og:image:type\" content=\"image\/jpeg\" \/>\n<meta name=\"author\" content=\"StarsIsland\" \/>\n<meta name=\"twitter:label1\" content=\"Written by\" \/>\n\t<meta name=\"twitter:data1\" content=\"StarsIsland\" \/>\n\t<meta name=\"twitter:label2\" content=\"Est. reading time\" \/>\n\t<meta name=\"twitter:data2\" content=\"2 minutes\" \/>\n<script type=\"application\/ld+json\" class=\"yoast-schema-graph\">{\"@context\":\"https:\/\/schema.org\",\"@graph\":[{\"@type\":\"Article\",\"@id\":\"https:\/\/www.starsislandlapalma.es\/en\/javier-santaolalla-en-vocaciones-cientificas-astrofest-2022\/#article\",\"isPartOf\":{\"@id\":\"https:\/\/www.starsislandlapalma.es\/en\/javier-santaolalla-en-vocaciones-cientificas-astrofest-2022\/\"},\"author\":{\"name\":\"StarsIsland\",\"@id\":\"https:\/\/www.starsislandlapalma.es\/#\/schema\/person\/d2618b46c3dc5c031ddd56a658f9ab25\"},\"headline\":\"Javier Santaolalla en \u201cVocaciones Cient\u00edficas \u2013 AstroFest 2022&#8243;\",\"datePublished\":\"2022-09-02T10:17:30+00:00\",\"dateModified\":\"2022-09-02T10:43:21+00:00\",\"mainEntityOfPage\":{\"@id\":\"https:\/\/www.starsislandlapalma.es\/en\/javier-santaolalla-en-vocaciones-cientificas-astrofest-2022\/\"},\"wordCount\":271,\"commentCount\":0,\"publisher\":{\"@id\":\"https:\/\/www.starsislandlapalma.es\/#organization\"},\"image\":{\"@id\":\"https:\/\/www.starsislandlapalma.es\/en\/javier-santaolalla-en-vocaciones-cientificas-astrofest-2022\/#primaryimage\"},\"thumbnailUrl\":\"https:\/\/www.starsislandlapalma.es\/wp-content\/uploads\/2022\/09\/Cartel-Vocaciones-AstroFest-Santaolalla.jpg\",\"keywords\":[\"Javier Santaolalla\"],\"articleSection\":[\"Events\",\"News\"],\"inLanguage\":\"en-US\",\"potentialAction\":[{\"@type\":\"CommentAction\",\"name\":\"Comment\",\"target\":[\"https:\/\/www.starsislandlapalma.es\/en\/javier-santaolalla-en-vocaciones-cientificas-astrofest-2022\/#respond\"]}]},{\"@type\":\"WebPage\",\"@id\":\"https:\/\/www.starsislandlapalma.es\/en\/javier-santaolalla-en-vocaciones-cientificas-astrofest-2022\/\",\"url\":\"https:\/\/www.starsislandlapalma.es\/en\/javier-santaolalla-en-vocaciones-cientificas-astrofest-2022\/\",\"name\":\"Javier Santaolalla en \u201cVocaciones Cient\u00edficas \u2013 AstroFest 2022\\\" &#8902; Stars Island La Palma\",\"isPartOf\":{\"@id\":\"https:\/\/www.starsislandlapalma.es\/#website\"},\"primaryImageOfPage\":{\"@id\":\"https:\/\/www.starsislandlapalma.es\/en\/javier-santaolalla-en-vocaciones-cientificas-astrofest-2022\/#primaryimage\"},\"image\":{\"@id\":\"https:\/\/www.starsislandlapalma.es\/en\/javier-santaolalla-en-vocaciones-cientificas-astrofest-2022\/#primaryimage\"},\"thumbnailUrl\":\"https:\/\/www.starsislandlapalma.es\/wp-content\/uploads\/2022\/09\/Cartel-Vocaciones-AstroFest-Santaolalla.jpg\",\"datePublished\":\"2022-09-02T10:17:30+00:00\",\"dateModified\":\"2022-09-02T10:43:21+00:00\",\"breadcrumb\":{\"@id\":\"https:\/\/www.starsislandlapalma.es\/en\/javier-santaolalla-en-vocaciones-cientificas-astrofest-2022\/#breadcrumb\"},\"inLanguage\":\"en-US\",\"potentialAction\":[{\"@type\":\"ReadAction\",\"target\":[\"https:\/\/www.starsislandlapalma.es\/en\/javier-santaolalla-en-vocaciones-cientificas-astrofest-2022\/\"]}]},{\"@type\":\"ImageObject\",\"inLanguage\":\"en-US\",\"@id\":\"https:\/\/www.starsislandlapalma.es\/en\/javier-santaolalla-en-vocaciones-cientificas-astrofest-2022\/#primaryimage\",\"url\":\"https:\/\/www.starsislandlapalma.es\/wp-content\/uploads\/2022\/09\/Cartel-Vocaciones-AstroFest-Santaolalla.jpg\",\"contentUrl\":\"https:\/\/www.starsislandlapalma.es\/wp-content\/uploads\/2022\/09\/Cartel-Vocaciones-AstroFest-Santaolalla.jpg\",\"width\":1024,\"height\":1448},{\"@type\":\"BreadcrumbList\",\"@id\":\"https:\/\/www.starsislandlapalma.es\/en\/javier-santaolalla-en-vocaciones-cientificas-astrofest-2022\/#breadcrumb\",\"itemListElement\":[{\"@type\":\"ListItem\",\"position\":1,\"name\":\"Portada\",\"item\":\"https:\/\/www.starsislandlapalma.es\/en\/\"},{\"@type\":\"ListItem\",\"position\":2,\"name\":\"Javier Santaolalla en \u201cVocaciones Cient\u00edficas \u2013 AstroFest 2022&#8243;\"}]},{\"@type\":\"WebSite\",\"@id\":\"https:\/\/www.starsislandlapalma.es\/#website\",\"url\":\"https:\/\/www.starsislandlapalma.es\/\",\"name\":\"Stars Island La Palma\",\"description\":\"La Palma, el lugar perfecto para disfrutar del universo. Primera Reserva Starlight del mundo, en 2012 se reconoce como Destino Tur\u00edstico Starlight\",\"publisher\":{\"@id\":\"https:\/\/www.starsislandlapalma.es\/#organization\"},\"potentialAction\":[{\"@type\":\"SearchAction\",\"target\":{\"@type\":\"EntryPoint\",\"urlTemplate\":\"https:\/\/www.starsislandlapalma.es\/?s={search_term_string}\"},\"query-input\":{\"@type\":\"PropertyValueSpecification\",\"valueRequired\":true,\"valueName\":\"search_term_string\"}}],\"inLanguage\":\"en-US\"},{\"@type\":\"Organization\",\"@id\":\"https:\/\/www.starsislandlapalma.es\/#organization\",\"name\":\"Star Island La Palma\",\"url\":\"https:\/\/www.starsislandlapalma.es\/\",\"logo\":{\"@type\":\"ImageObject\",\"inLanguage\":\"en-US\",\"@id\":\"https:\/\/www.starsislandlapalma.es\/#\/schema\/logo\/image\/\",\"url\":\"https:\/\/www.starsislandlapalma.es\/wp-content\/uploads\/2022\/01\/logo_starisland.png\",\"contentUrl\":\"https:\/\/www.starsislandlapalma.es\/wp-content\/uploads\/2022\/01\/logo_starisland.png\",\"width\":172,\"height\":139,\"caption\":\"Star Island La Palma\"},\"image\":{\"@id\":\"https:\/\/www.starsislandlapalma.es\/#\/schema\/logo\/image\/\"},\"sameAs\":[\"https:\/\/www.facebook.com\/pages\/Starsisland-La-Palma\/210888162375006?ref=hl\",\"https:\/\/x.com\/starsislandlapa\",\"https:\/\/www.pinterest.com\/astroturismo\/\",\"https:\/\/www.youtube.com\/channel\/UCV7sju1ggcBpJG39HQCBtsA\"]},{\"@type\":\"Person\",\"@id\":\"https:\/\/www.starsislandlapalma.es\/#\/schema\/person\/d2618b46c3dc5c031ddd56a658f9ab25\",\"name\":\"StarsIsland\",\"image\":{\"@type\":\"ImageObject\",\"inLanguage\":\"en-US\",\"@id\":\"https:\/\/www.starsislandlapalma.es\/#\/schema\/person\/image\/\",\"url\":\"https:\/\/secure.gravatar.com\/avatar\/30a35f2b7b8f976566433f1ab7d6402f?s=96&d=mm&r=g\",\"contentUrl\":\"https:\/\/secure.gravatar.com\/avatar\/30a35f2b7b8f976566433f1ab7d6402f?s=96&d=mm&r=g\",\"caption\":\"StarsIsland\"},\"url\":\"https:\/\/www.starsislandlapalma.es\/en\/author\/starsisland\/\"}]}<\/script>\n<!-- \/ Yoast SEO plugin. -->","yoast_head_json":{"title":"Javier Santaolalla en \u201cVocaciones Cient\u00edficas \u2013 AstroFest 2022\" &#8902; Stars Island La Palma","robots":{"index":"index","follow":"follow","max-snippet":"max-snippet:-1","max-image-preview":"max-image-preview:large","max-video-preview":"max-video-preview:-1"},"canonical":"https:\/\/www.starsislandlapalma.es\/en\/javier-santaolalla-en-vocaciones-cientificas-astrofest-2022\/","og_locale":"en_US","og_type":"article","og_title":"Javier Santaolalla en \u201cVocaciones Cient\u00edficas \u2013 AstroFest 2022\"","og_description":"\u00bfQui\u00e9n quiere ser astronauta? Viajar por el cosmos y descubrir mundos nuevos","og_url":"https:\/\/www.starsislandlapalma.es\/en\/javier-santaolalla-en-vocaciones-cientificas-astrofest-2022\/","og_site_name":"Stars Island La Palma","article_publisher":"https:\/\/www.facebook.com\/pages\/Starsisland-La-Palma\/210888162375006?ref=hl","article_published_time":"2022-09-02T10:17:30+00:00","article_modified_time":"2022-09-02T10:43:21+00:00","og_image":[{"width":1024,"height":1448,"url":"https:\/\/www.starsislandlapalma.es\/wp-content\/uploads\/2022\/09\/Cartel-Vocaciones-AstroFest-Santaolalla.jpg","type":"image\/jpeg"}],"author":"StarsIsland","twitter_misc":{"Written by":"StarsIsland","Est. reading time":"2 minutes"},"schema":{"@context":"https:\/\/schema.org","@graph":[{"@type":"Article","@id":"https:\/\/www.starsislandlapalma.es\/en\/javier-santaolalla-en-vocaciones-cientificas-astrofest-2022\/#article","isPartOf":{"@id":"https:\/\/www.starsislandlapalma.es\/en\/javier-santaolalla-en-vocaciones-cientificas-astrofest-2022\/"},"author":{"name":"StarsIsland","@id":"https:\/\/www.starsislandlapalma.es\/#\/schema\/person\/d2618b46c3dc5c031ddd56a658f9ab25"},"headline":"Javier Santaolalla en \u201cVocaciones Cient\u00edficas \u2013 AstroFest 2022&#8243;","datePublished":"2022-09-02T10:17:30+00:00","dateModified":"2022-09-02T10:43:21+00:00","mainEntityOfPage":{"@id":"https:\/\/www.starsislandlapalma.es\/en\/javier-santaolalla-en-vocaciones-cientificas-astrofest-2022\/"},"wordCount":271,"commentCount":0,"publisher":{"@id":"https:\/\/www.starsislandlapalma.es\/#organization"},"image":{"@id":"https:\/\/www.starsislandlapalma.es\/en\/javier-santaolalla-en-vocaciones-cientificas-astrofest-2022\/#primaryimage"},"thumbnailUrl":"https:\/\/www.starsislandlapalma.es\/wp-content\/uploads\/2022\/09\/Cartel-Vocaciones-AstroFest-Santaolalla.jpg","keywords":["Javier Santaolalla"],"articleSection":["Events","News"],"inLanguage":"en-US","potentialAction":[{"@type":"CommentAction","name":"Comment","target":["https:\/\/www.starsislandlapalma.es\/en\/javier-santaolalla-en-vocaciones-cientificas-astrofest-2022\/#respond"]}]},{"@type":"WebPage","@id":"https:\/\/www.starsislandlapalma.es\/en\/javier-santaolalla-en-vocaciones-cientificas-astrofest-2022\/","url":"https:\/\/www.starsislandlapalma.es\/en\/javier-santaolalla-en-vocaciones-cientificas-astrofest-2022\/","name":"Javier Santaolalla en \u201cVocaciones Cient\u00edficas \u2013 AstroFest 2022\" &#8902; Stars Island La Palma","isPartOf":{"@id":"https:\/\/www.starsislandlapalma.es\/#website"},"primaryImageOfPage":{"@id":"https:\/\/www.starsislandlapalma.es\/en\/javier-santaolalla-en-vocaciones-cientificas-astrofest-2022\/#primaryimage"},"image":{"@id":"https:\/\/www.starsislandlapalma.es\/en\/javier-santaolalla-en-vocaciones-cientificas-astrofest-2022\/#primaryimage"},"thumbnailUrl":"https:\/\/www.starsislandlapalma.es\/wp-content\/uploads\/2022\/09\/Cartel-Vocaciones-AstroFest-Santaolalla.jpg","datePublished":"2022-09-02T10:17:30+00:00","dateModified":"2022-09-02T10:43:21+00:00","breadcrumb":{"@id":"https:\/\/www.starsislandlapalma.es\/en\/javier-santaolalla-en-vocaciones-cientificas-astrofest-2022\/#breadcrumb"},"inLanguage":"en-US","potentialAction":[{"@type":"ReadAction","target":["https:\/\/www.starsislandlapalma.es\/en\/javier-santaolalla-en-vocaciones-cientificas-astrofest-2022\/"]}]},{"@type":"ImageObject","inLanguage":"en-US","@id":"https:\/\/www.starsislandlapalma.es\/en\/javier-santaolalla-en-vocaciones-cientificas-astrofest-2022\/#primaryimage","url":"https:\/\/www.starsislandlapalma.es\/wp-content\/uploads\/2022\/09\/Cartel-Vocaciones-AstroFest-Santaolalla.jpg","contentUrl":"https:\/\/www.starsislandlapalma.es\/wp-content\/uploads\/2022\/09\/Cartel-Vocaciones-AstroFest-Santaolalla.jpg","width":1024,"height":1448},{"@type":"BreadcrumbList","@id":"https:\/\/www.starsislandlapalma.es\/en\/javier-santaolalla-en-vocaciones-cientificas-astrofest-2022\/#breadcrumb","itemListElement":[{"@type":"ListItem","position":1,"name":"Portada","item":"https:\/\/www.starsislandlapalma.es\/en\/"},{"@type":"ListItem","position":2,"name":"Javier Santaolalla en \u201cVocaciones Cient\u00edficas \u2013 AstroFest 2022&#8243;"}]},{"@type":"WebSite","@id":"https:\/\/www.starsislandlapalma.es\/#website","url":"https:\/\/www.starsislandlapalma.es\/","name":"Stars Island La Palma","description":"La Palma, el lugar perfecto para disfrutar del universo. Primera Reserva Starlight del mundo, en 2012 se reconoce como Destino Tur\u00edstico Starlight","publisher":{"@id":"https:\/\/www.starsislandlapalma.es\/#organization"},"potentialAction":[{"@type":"SearchAction","target":{"@type":"EntryPoint","urlTemplate":"https:\/\/www.starsislandlapalma.es\/?s={search_term_string}"},"query-input":{"@type":"PropertyValueSpecification","valueRequired":true,"valueName":"search_term_string"}}],"inLanguage":"en-US"},{"@type":"Organization","@id":"https:\/\/www.starsislandlapalma.es\/#organization","name":"Star Island La Palma","url":"https:\/\/www.starsislandlapalma.es\/","logo":{"@type":"ImageObject","inLanguage":"en-US","@id":"https:\/\/www.starsislandlapalma.es\/#\/schema\/logo\/image\/","url":"https:\/\/www.starsislandlapalma.es\/wp-content\/uploads\/2022\/01\/logo_starisland.png","contentUrl":"https:\/\/www.starsislandlapalma.es\/wp-content\/uploads\/2022\/01\/logo_starisland.png","width":172,"height":139,"caption":"Star Island La Palma"},"image":{"@id":"https:\/\/www.starsislandlapalma.es\/#\/schema\/logo\/image\/"},"sameAs":["https:\/\/www.facebook.com\/pages\/Starsisland-La-Palma\/210888162375006?ref=hl","https:\/\/x.com\/starsislandlapa","https:\/\/www.pinterest.com\/astroturismo\/","https:\/\/www.youtube.com\/channel\/UCV7sju1ggcBpJG39HQCBtsA"]},{"@type":"Person","@id":"https:\/\/www.starsislandlapalma.es\/#\/schema\/person\/d2618b46c3dc5c031ddd56a658f9ab25","name":"StarsIsland","image":{"@type":"ImageObject","inLanguage":"en-US","@id":"https:\/\/www.starsislandlapalma.es\/#\/schema\/person\/image\/","url":"https:\/\/secure.gravatar.com\/avatar\/30a35f2b7b8f976566433f1ab7d6402f?s=96&d=mm&r=g","contentUrl":"https:\/\/secure.gravatar.com\/avatar\/30a35f2b7b8f976566433f1ab7d6402f?s=96&d=mm&r=g","caption":"StarsIsland"},"url":"https:\/\/www.starsislandlapalma.es\/en\/author\/starsisland\/"}]}},"_links":{"self":[{"href":"https:\/\/www.starsislandlapalma.es\/en\/wp-json\/wp\/v2\/posts\/25132\/"}],"collection":[{"href":"https:\/\/www.starsislandlapalma.es\/en\/wp-json\/wp\/v2\/posts\/"}],"about":[{"href":"https:\/\/www.starsislandlapalma.es\/en\/wp-json\/wp\/v2\/types\/post\/"}],"author":[{"embeddable":true,"href":"https:\/\/www.starsislandlapalma.es\/en\/wp-json\/wp\/v2\/users\/4\/"}],"replies":[{"embeddable":true,"href":"https:\/\/www.starsislandlapalma.es\/en\/wp-json\/wp\/v2\/comments\/?post=25132"}],"version-history":[{"count":1,"href":"https:\/\/www.starsislandlapalma.es\/en\/wp-json\/wp\/v2\/posts\/25132\/revisions\/"}],"predecessor-version":[{"id":25135,"href":"https:\/\/www.starsislandlapalma.es\/en\/wp-json\/wp\/v2\/posts\/25132\/revisions\/25135\/"}],"wp:featuredmedia":[{"embeddable":true,"href":"https:\/\/www.starsislandlapalma.es\/en\/wp-json\/wp\/v2\/media\/25125\/"}],"wp:attachment":[{"href":"https:\/\/www.starsislandlapalma.es\/en\/wp-json\/wp\/v2\/media\/?parent=25132"}],"wp:term":[{"taxonomy":"category","embeddable":true,"href":"https:\/\/www.starsislandlapalma.es\/en\/wp-json\/wp\/v2\/categories\/?post=25132"},{"taxonomy":"post_tag","embeddable":true,"href":"https:\/\/www.starsislandlapalma.es\/en\/wp-json\/wp\/v2\/tags\/?post=25132"}],"curies":[{"name":"wp","href":"https:\/\/api.w.org\/{rel}","templated":true}]}}