{"id":25427,"date":"2022-04-20T07:54:39","date_gmt":"2022-04-20T07:54:39","guid":{"rendered":"https:\/\/www.starsislandlapalma.es\/fuencaliente-prepara-la-celebracion-del-v-congreso-internacional-starlight-en-el-municipio\/"},"modified":"2023-02-23T10:33:27","modified_gmt":"2023-02-23T10:33:27","slug":"fuencaliente-prepara-la-celebracion-del-v-congreso-internacional-starlight-en-el-municipio","status":"publish","type":"post","link":"https:\/\/www.starsislandlapalma.es\/en\/fuencaliente-prepara-la-celebracion-del-v-congreso-internacional-starlight-en-el-municipio\/","title":{"rendered":"Fuencaliente prepara la celebraci\u00f3n del V Congreso Internacional Starlight en el municipio"},"content":{"rendered":"<p style=\"text-align: justify;\"><em>Se realizar\u00e1 entre los d\u00edas 24 y 29 de octubre en el municipio tras ser la sede elegida por unanimidad por parte del jurado de la Fundaci\u00f3n Starlight<\/em><\/p>\n<p style=\"text-align: justify;\">El Ayuntamiento de Fuencaliente trabaja para recibir en el mes de octubre la celebraci\u00f3n del V Encuentro Starlight y III Encuentro de Gu\u00edas y Monitores Starlight,\u00a0que permitir\u00e1 la realizaci\u00f3n de actividades vinculadas con el astroturismo y potenciar la apuesta que desde el Consistorio se sigue realizando en este \u00e1mbito tur\u00edstico.<\/p>\n<p style=\"text-align: justify;\">La presentaci\u00f3n del evento corri\u00f3 a cargo de la concejala de Promoci\u00f3n Tur\u00edstica, Celia Santos, acompa\u00f1ada por el presidente de la Fundaci\u00f3n Starlight, Jos\u00e9 Carlos Francisco, y la directora de la entidad, Antonia Varela, quienes relataron los detalles del encuentro que se celebrar\u00e1 entre el 24 y 29 de octubre.<\/p>\n<p style=\"text-align: justify;\">Celia Santos agradeci\u00f3 el apoyo al municipio de Fuencaliente por parte de la Fundaci\u00f3n, de quienes dijo que \u201csiempre est\u00e1n presentes en todos los proyectos sobre turismo cient\u00edfico que se impulsan desde el municipio, apostando por un turismo inteligente\u201d.<\/p>\n<p style=\"text-align: justify;\">Adem\u00e1s, la concejala tambi\u00e9n record\u00f3 que Fuencaliente cuenta con la calificaci\u00f3n de Municipio Starlight desde 2020, manteniendo la din\u00e1mica de trabajo conjunto con las instituciones cient\u00edficas.<\/p>\n<p style=\"text-align: justify;\">Por su parte, Jos\u00e9 Carlos Francisco puso de relieve que la Fundaci\u00f3n Starlight es reconocida mundialmente como una entidad encargada de custodiar la calidad del cielo nocturno, recalcando tambi\u00e9n que la celebraci\u00f3n del evento en La Palma ayuda a potenciar el astroturismo, la que calific\u00f3 \u201cuna gran oportunidad para mucha gente por el nicho de empleo que supone esta actividad\u201d.<\/p>\n<p style=\"text-align: justify;\">Por su parte, Antonia Varela inform\u00f3 sobre la apertura de la inscripci\u00f3n para poder participar en este V Congreso Starlight, que nacieron para convertirse \u201cen un encuentro vivo\u201d, dijo, en el que adem\u00e1s de ponencias y actividades vinculadas, se realizar\u00e1n sesiones abiertas y mesas redondas para aportar ideas e intercambiar experiencias, as\u00ed como plantear retos de futuro, \u201cm\u00e1xime en un periodo como el que estamos viviendo en el que el turismo se ha visto afectado, pero ha colocado al astroturismo como sector emergente\u201d, apunt\u00f3.<\/p>\n<p style=\"text-align: justify;\">Adem\u00e1s, se\u00f1al\u00f3 que esta cita coincidir\u00e1 con la celebraci\u00f3n de los cursos de gu\u00eda y monitores Starlight.<\/p>\n<p style=\"text-align: justify;\">En s\u00ed, el congreso consistir\u00e1 en la celebraci\u00f3n de ponencias de todos los participantes de la red de destinos, alojamientos y parajes, contando con charlas y cuatro mesas redondas sobre astroturismo y medios de comunicaci\u00f3n, otras sobre el grupo de turismo cient\u00edfico, una tercera sobre los desaf\u00edos y retos del astroturismo y, por \u00faltimo, se presentar\u00e1 el Objetivo de Desarrollo Sostenible n\u00famero 18. Tambi\u00e9n se tratar\u00e1n temas referentes a la contaminaci\u00f3n lum\u00ednica.<\/p>\n<p style=\"text-align: justify;\">Varela tambi\u00e9n destac\u00f3 que a finales del mes de junio se realizar\u00e1 un curso de monitores Starlight exclusivo para Fuencaliente, permitiendo potenciar el turismo de estrellas \u201cque requiere de una excelente capacitaci\u00f3n para acercar los conocimientos del universo de manera amena pero rigurosa a los visitantes\u201d, a\u00f1adi\u00f3. \u00a0Para acceder a esta formaci\u00f3n se abrir\u00e1 la inscripci\u00f3n en el mes de mayo.<\/p>\n<p style=\"text-align: justify;\">Durante el congreso, adem\u00e1s de visitas a infraestructuras de inter\u00e9s de La Palma, los representantes de otros destinos Starlight conocer\u00e1n de primera mano la oferta, instalaciones e idiosincrasia de Fuencaliente, aportando tambi\u00e9n sus experiencias a la mejora del producto tur\u00edstico que se dise\u00f1a por parte del Ayuntamiento de Fuencaliente, adem\u00e1s de generar econom\u00eda local durante la celebraci\u00f3n de la cita.<\/p>\n<p style=\"text-align: justify;\">Por su parte, el alcalde de Fuencaliente, Gregorio Alonso, destaca que recibir este congreso en el municipio viene a dar respuesta a los esfuerzos realizados por el consistorio y las empresas locales en la tematizaci\u00f3n de infraestructuras municipales y aprovechamiento del cielo nocturno.<\/p>\n","protected":false},"excerpt":{"rendered":"<p>Se realizar\u00e1 entre los d\u00edas 24 y 29 de octubre en el municipio tras ser la sede elegida por unanimidad por parte del jurado de la Fundaci\u00f3n Starlight<\/p>\n","protected":false},"author":4,"featured_media":24825,"comment_status":"open","ping_status":"open","sticky":false,"template":"","format":"standard","meta":{"footnotes":""},"categories":[136],"tags":[1024],"yoast_head":"<!-- This site is optimized with the Yoast SEO plugin v24.5 - https:\/\/yoast.com\/wordpress\/plugins\/seo\/ -->\n<title>Fuencaliente prepara la celebraci\u00f3n del V Congreso Internacional Starlight en el municipio &#8902; Stars Island La Palma<\/title>\n<meta name=\"robots\" content=\"index, follow, max-snippet:-1, max-image-preview:large, max-video-preview:-1\" \/>\n<link rel=\"canonical\" href=\"https:\/\/www.starsislandlapalma.es\/en\/fuencaliente-prepara-la-celebracion-del-v-congreso-internacional-starlight-en-el-municipio\/\" \/>\n<meta property=\"og:locale\" content=\"en_US\" \/>\n<meta property=\"og:type\" content=\"article\" \/>\n<meta property=\"og:title\" content=\"Fuencaliente prepara la celebraci\u00f3n del V Congreso Internacional Starlight en el municipio\" \/>\n<meta property=\"og:description\" content=\"Se realizar\u00e1 entre los d\u00edas 24 y 29 de octubre en el municipio tras ser la sede elegida por unanimidad por parte del jurado de la Fundaci\u00f3n Starlight\" \/>\n<meta property=\"og:url\" content=\"https:\/\/www.starsislandlapalma.es\/en\/fuencaliente-prepara-la-celebracion-del-v-congreso-internacional-starlight-en-el-municipio\/\" \/>\n<meta property=\"og:site_name\" content=\"Stars Island La Palma\" \/>\n<meta property=\"article:publisher\" content=\"https:\/\/www.facebook.com\/pages\/Starsisland-La-Palma\/210888162375006?ref=hl\" \/>\n<meta property=\"article:published_time\" content=\"2022-04-20T07:54:39+00:00\" \/>\n<meta property=\"article:modified_time\" content=\"2023-02-23T10:33:27+00:00\" \/>\n<meta property=\"og:image\" content=\"https:\/\/www.starsislandlapalma.es\/wp-content\/uploads\/2022\/04\/Presentacion-Congreso-Starlight.jpg\" \/>\n\t<meta property=\"og:image:width\" content=\"999\" \/>\n\t<meta property=\"og:image:height\" content=\"527\" \/>\n\t<meta property=\"og:image:type\" content=\"image\/jpeg\" \/>\n<meta name=\"author\" content=\"StarsIsland\" \/>\n<meta name=\"twitter:label1\" content=\"Written by\" \/>\n\t<meta name=\"twitter:data1\" content=\"StarsIsland\" \/>\n\t<meta name=\"twitter:label2\" content=\"Est. reading time\" \/>\n\t<meta name=\"twitter:data2\" content=\"3 minutes\" \/>\n<script type=\"application\/ld+json\" class=\"yoast-schema-graph\">{\"@context\":\"https:\/\/schema.org\",\"@graph\":[{\"@type\":\"Article\",\"@id\":\"https:\/\/www.starsislandlapalma.es\/en\/fuencaliente-prepara-la-celebracion-del-v-congreso-internacional-starlight-en-el-municipio\/#article\",\"isPartOf\":{\"@id\":\"https:\/\/www.starsislandlapalma.es\/en\/fuencaliente-prepara-la-celebracion-del-v-congreso-internacional-starlight-en-el-municipio\/\"},\"author\":{\"name\":\"StarsIsland\",\"@id\":\"https:\/\/www.starsislandlapalma.es\/#\/schema\/person\/d2618b46c3dc5c031ddd56a658f9ab25\"},\"headline\":\"Fuencaliente prepara la celebraci\u00f3n del V Congreso Internacional Starlight en el municipio\",\"datePublished\":\"2022-04-20T07:54:39+00:00\",\"dateModified\":\"2023-02-23T10:33:27+00:00\",\"mainEntityOfPage\":{\"@id\":\"https:\/\/www.starsislandlapalma.es\/en\/fuencaliente-prepara-la-celebracion-del-v-congreso-internacional-starlight-en-el-municipio\/\"},\"wordCount\":652,\"commentCount\":0,\"publisher\":{\"@id\":\"https:\/\/www.starsislandlapalma.es\/#organization\"},\"image\":{\"@id\":\"https:\/\/www.starsislandlapalma.es\/en\/fuencaliente-prepara-la-celebracion-del-v-congreso-internacional-starlight-en-el-municipio\/#primaryimage\"},\"thumbnailUrl\":\"https:\/\/www.starsislandlapalma.es\/wp-content\/uploads\/2022\/04\/Presentacion-Congreso-Starlight.jpg\",\"keywords\":[\"V Congreso Internacional Starlight\"],\"articleSection\":[\"News\"],\"inLanguage\":\"en-US\",\"potentialAction\":[{\"@type\":\"CommentAction\",\"name\":\"Comment\",\"target\":[\"https:\/\/www.starsislandlapalma.es\/en\/fuencaliente-prepara-la-celebracion-del-v-congreso-internacional-starlight-en-el-municipio\/#respond\"]}]},{\"@type\":\"WebPage\",\"@id\":\"https:\/\/www.starsislandlapalma.es\/en\/fuencaliente-prepara-la-celebracion-del-v-congreso-internacional-starlight-en-el-municipio\/\",\"url\":\"https:\/\/www.starsislandlapalma.es\/en\/fuencaliente-prepara-la-celebracion-del-v-congreso-internacional-starlight-en-el-municipio\/\",\"name\":\"Fuencaliente prepara la celebraci\u00f3n del V Congreso Internacional Starlight en el municipio &#8902; Stars Island La Palma\",\"isPartOf\":{\"@id\":\"https:\/\/www.starsislandlapalma.es\/#website\"},\"primaryImageOfPage\":{\"@id\":\"https:\/\/www.starsislandlapalma.es\/en\/fuencaliente-prepara-la-celebracion-del-v-congreso-internacional-starlight-en-el-municipio\/#primaryimage\"},\"image\":{\"@id\":\"https:\/\/www.starsislandlapalma.es\/en\/fuencaliente-prepara-la-celebracion-del-v-congreso-internacional-starlight-en-el-municipio\/#primaryimage\"},\"thumbnailUrl\":\"https:\/\/www.starsislandlapalma.es\/wp-content\/uploads\/2022\/04\/Presentacion-Congreso-Starlight.jpg\",\"datePublished\":\"2022-04-20T07:54:39+00:00\",\"dateModified\":\"2023-02-23T10:33:27+00:00\",\"breadcrumb\":{\"@id\":\"https:\/\/www.starsislandlapalma.es\/en\/fuencaliente-prepara-la-celebracion-del-v-congreso-internacional-starlight-en-el-municipio\/#breadcrumb\"},\"inLanguage\":\"en-US\",\"potentialAction\":[{\"@type\":\"ReadAction\",\"target\":[\"https:\/\/www.starsislandlapalma.es\/en\/fuencaliente-prepara-la-celebracion-del-v-congreso-internacional-starlight-en-el-municipio\/\"]}]},{\"@type\":\"ImageObject\",\"inLanguage\":\"en-US\",\"@id\":\"https:\/\/www.starsislandlapalma.es\/en\/fuencaliente-prepara-la-celebracion-del-v-congreso-internacional-starlight-en-el-municipio\/#primaryimage\",\"url\":\"https:\/\/www.starsislandlapalma.es\/wp-content\/uploads\/2022\/04\/Presentacion-Congreso-Starlight.jpg\",\"contentUrl\":\"https:\/\/www.starsislandlapalma.es\/wp-content\/uploads\/2022\/04\/Presentacion-Congreso-Starlight.jpg\",\"width\":999,\"height\":527},{\"@type\":\"BreadcrumbList\",\"@id\":\"https:\/\/www.starsislandlapalma.es\/en\/fuencaliente-prepara-la-celebracion-del-v-congreso-internacional-starlight-en-el-municipio\/#breadcrumb\",\"itemListElement\":[{\"@type\":\"ListItem\",\"position\":1,\"name\":\"Portada\",\"item\":\"https:\/\/www.starsislandlapalma.es\/en\/\"},{\"@type\":\"ListItem\",\"position\":2,\"name\":\"Fuencaliente prepara la celebraci\u00f3n del V Congreso Internacional Starlight en el municipio\"}]},{\"@type\":\"WebSite\",\"@id\":\"https:\/\/www.starsislandlapalma.es\/#website\",\"url\":\"https:\/\/www.starsislandlapalma.es\/\",\"name\":\"Stars Island La Palma\",\"description\":\"La Palma, el lugar perfecto para disfrutar del universo. Primera Reserva Starlight del mundo, en 2012 se reconoce como Destino Tur\u00edstico Starlight\",\"publisher\":{\"@id\":\"https:\/\/www.starsislandlapalma.es\/#organization\"},\"potentialAction\":[{\"@type\":\"SearchAction\",\"target\":{\"@type\":\"EntryPoint\",\"urlTemplate\":\"https:\/\/www.starsislandlapalma.es\/?s={search_term_string}\"},\"query-input\":{\"@type\":\"PropertyValueSpecification\",\"valueRequired\":true,\"valueName\":\"search_term_string\"}}],\"inLanguage\":\"en-US\"},{\"@type\":\"Organization\",\"@id\":\"https:\/\/www.starsislandlapalma.es\/#organization\",\"name\":\"Star Island La Palma\",\"url\":\"https:\/\/www.starsislandlapalma.es\/\",\"logo\":{\"@type\":\"ImageObject\",\"inLanguage\":\"en-US\",\"@id\":\"https:\/\/www.starsislandlapalma.es\/#\/schema\/logo\/image\/\",\"url\":\"https:\/\/www.starsislandlapalma.es\/wp-content\/uploads\/2022\/01\/logo_starisland.png\",\"contentUrl\":\"https:\/\/www.starsislandlapalma.es\/wp-content\/uploads\/2022\/01\/logo_starisland.png\",\"width\":172,\"height\":139,\"caption\":\"Star Island La Palma\"},\"image\":{\"@id\":\"https:\/\/www.starsislandlapalma.es\/#\/schema\/logo\/image\/\"},\"sameAs\":[\"https:\/\/www.facebook.com\/pages\/Starsisland-La-Palma\/210888162375006?ref=hl\",\"https:\/\/x.com\/starsislandlapa\",\"https:\/\/www.pinterest.com\/astroturismo\/\",\"https:\/\/www.youtube.com\/channel\/UCV7sju1ggcBpJG39HQCBtsA\"]},{\"@type\":\"Person\",\"@id\":\"https:\/\/www.starsislandlapalma.es\/#\/schema\/person\/d2618b46c3dc5c031ddd56a658f9ab25\",\"name\":\"StarsIsland\",\"image\":{\"@type\":\"ImageObject\",\"inLanguage\":\"en-US\",\"@id\":\"https:\/\/www.starsislandlapalma.es\/#\/schema\/person\/image\/\",\"url\":\"https:\/\/secure.gravatar.com\/avatar\/30a35f2b7b8f976566433f1ab7d6402f?s=96&d=mm&r=g\",\"contentUrl\":\"https:\/\/secure.gravatar.com\/avatar\/30a35f2b7b8f976566433f1ab7d6402f?s=96&d=mm&r=g\",\"caption\":\"StarsIsland\"},\"url\":\"https:\/\/www.starsislandlapalma.es\/en\/author\/starsisland\/\"}]}<\/script>\n<!-- \/ Yoast SEO plugin. -->","yoast_head_json":{"title":"Fuencaliente prepara la celebraci\u00f3n del V Congreso Internacional Starlight en el municipio &#8902; Stars Island La Palma","robots":{"index":"index","follow":"follow","max-snippet":"max-snippet:-1","max-image-preview":"max-image-preview:large","max-video-preview":"max-video-preview:-1"},"canonical":"https:\/\/www.starsislandlapalma.es\/en\/fuencaliente-prepara-la-celebracion-del-v-congreso-internacional-starlight-en-el-municipio\/","og_locale":"en_US","og_type":"article","og_title":"Fuencaliente prepara la celebraci\u00f3n del V Congreso Internacional Starlight en el municipio","og_description":"Se realizar\u00e1 entre los d\u00edas 24 y 29 de octubre en el municipio tras ser la sede elegida por unanimidad por parte del jurado de la Fundaci\u00f3n Starlight","og_url":"https:\/\/www.starsislandlapalma.es\/en\/fuencaliente-prepara-la-celebracion-del-v-congreso-internacional-starlight-en-el-municipio\/","og_site_name":"Stars Island La Palma","article_publisher":"https:\/\/www.facebook.com\/pages\/Starsisland-La-Palma\/210888162375006?ref=hl","article_published_time":"2022-04-20T07:54:39+00:00","article_modified_time":"2023-02-23T10:33:27+00:00","og_image":[{"width":999,"height":527,"url":"https:\/\/www.starsislandlapalma.es\/wp-content\/uploads\/2022\/04\/Presentacion-Congreso-Starlight.jpg","type":"image\/jpeg"}],"author":"StarsIsland","twitter_misc":{"Written by":"StarsIsland","Est. reading time":"3 minutes"},"schema":{"@context":"https:\/\/schema.org","@graph":[{"@type":"Article","@id":"https:\/\/www.starsislandlapalma.es\/en\/fuencaliente-prepara-la-celebracion-del-v-congreso-internacional-starlight-en-el-municipio\/#article","isPartOf":{"@id":"https:\/\/www.starsislandlapalma.es\/en\/fuencaliente-prepara-la-celebracion-del-v-congreso-internacional-starlight-en-el-municipio\/"},"author":{"name":"StarsIsland","@id":"https:\/\/www.starsislandlapalma.es\/#\/schema\/person\/d2618b46c3dc5c031ddd56a658f9ab25"},"headline":"Fuencaliente prepara la celebraci\u00f3n del V Congreso Internacional Starlight en el municipio","datePublished":"2022-04-20T07:54:39+00:00","dateModified":"2023-02-23T10:33:27+00:00","mainEntityOfPage":{"@id":"https:\/\/www.starsislandlapalma.es\/en\/fuencaliente-prepara-la-celebracion-del-v-congreso-internacional-starlight-en-el-municipio\/"},"wordCount":652,"commentCount":0,"publisher":{"@id":"https:\/\/www.starsislandlapalma.es\/#organization"},"image":{"@id":"https:\/\/www.starsislandlapalma.es\/en\/fuencaliente-prepara-la-celebracion-del-v-congreso-internacional-starlight-en-el-municipio\/#primaryimage"},"thumbnailUrl":"https:\/\/www.starsislandlapalma.es\/wp-content\/uploads\/2022\/04\/Presentacion-Congreso-Starlight.jpg","keywords":["V Congreso Internacional Starlight"],"articleSection":["News"],"inLanguage":"en-US","potentialAction":[{"@type":"CommentAction","name":"Comment","target":["https:\/\/www.starsislandlapalma.es\/en\/fuencaliente-prepara-la-celebracion-del-v-congreso-internacional-starlight-en-el-municipio\/#respond"]}]},{"@type":"WebPage","@id":"https:\/\/www.starsislandlapalma.es\/en\/fuencaliente-prepara-la-celebracion-del-v-congreso-internacional-starlight-en-el-municipio\/","url":"https:\/\/www.starsislandlapalma.es\/en\/fuencaliente-prepara-la-celebracion-del-v-congreso-internacional-starlight-en-el-municipio\/","name":"Fuencaliente prepara la celebraci\u00f3n del V Congreso Internacional Starlight en el municipio &#8902; Stars Island La Palma","isPartOf":{"@id":"https:\/\/www.starsislandlapalma.es\/#website"},"primaryImageOfPage":{"@id":"https:\/\/www.starsislandlapalma.es\/en\/fuencaliente-prepara-la-celebracion-del-v-congreso-internacional-starlight-en-el-municipio\/#primaryimage"},"image":{"@id":"https:\/\/www.starsislandlapalma.es\/en\/fuencaliente-prepara-la-celebracion-del-v-congreso-internacional-starlight-en-el-municipio\/#primaryimage"},"thumbnailUrl":"https:\/\/www.starsislandlapalma.es\/wp-content\/uploads\/2022\/04\/Presentacion-Congreso-Starlight.jpg","datePublished":"2022-04-20T07:54:39+00:00","dateModified":"2023-02-23T10:33:27+00:00","breadcrumb":{"@id":"https:\/\/www.starsislandlapalma.es\/en\/fuencaliente-prepara-la-celebracion-del-v-congreso-internacional-starlight-en-el-municipio\/#breadcrumb"},"inLanguage":"en-US","potentialAction":[{"@type":"ReadAction","target":["https:\/\/www.starsislandlapalma.es\/en\/fuencaliente-prepara-la-celebracion-del-v-congreso-internacional-starlight-en-el-municipio\/"]}]},{"@type":"ImageObject","inLanguage":"en-US","@id":"https:\/\/www.starsislandlapalma.es\/en\/fuencaliente-prepara-la-celebracion-del-v-congreso-internacional-starlight-en-el-municipio\/#primaryimage","url":"https:\/\/www.starsislandlapalma.es\/wp-content\/uploads\/2022\/04\/Presentacion-Congreso-Starlight.jpg","contentUrl":"https:\/\/www.starsislandlapalma.es\/wp-content\/uploads\/2022\/04\/Presentacion-Congreso-Starlight.jpg","width":999,"height":527},{"@type":"BreadcrumbList","@id":"https:\/\/www.starsislandlapalma.es\/en\/fuencaliente-prepara-la-celebracion-del-v-congreso-internacional-starlight-en-el-municipio\/#breadcrumb","itemListElement":[{"@type":"ListItem","position":1,"name":"Portada","item":"https:\/\/www.starsislandlapalma.es\/en\/"},{"@type":"ListItem","position":2,"name":"Fuencaliente prepara la celebraci\u00f3n del V Congreso Internacional Starlight en el municipio"}]},{"@type":"WebSite","@id":"https:\/\/www.starsislandlapalma.es\/#website","url":"https:\/\/www.starsislandlapalma.es\/","name":"Stars Island La Palma","description":"La Palma, el lugar perfecto para disfrutar del universo. Primera Reserva Starlight del mundo, en 2012 se reconoce como Destino Tur\u00edstico Starlight","publisher":{"@id":"https:\/\/www.starsislandlapalma.es\/#organization"},"potentialAction":[{"@type":"SearchAction","target":{"@type":"EntryPoint","urlTemplate":"https:\/\/www.starsislandlapalma.es\/?s={search_term_string}"},"query-input":{"@type":"PropertyValueSpecification","valueRequired":true,"valueName":"search_term_string"}}],"inLanguage":"en-US"},{"@type":"Organization","@id":"https:\/\/www.starsislandlapalma.es\/#organization","name":"Star Island La Palma","url":"https:\/\/www.starsislandlapalma.es\/","logo":{"@type":"ImageObject","inLanguage":"en-US","@id":"https:\/\/www.starsislandlapalma.es\/#\/schema\/logo\/image\/","url":"https:\/\/www.starsislandlapalma.es\/wp-content\/uploads\/2022\/01\/logo_starisland.png","contentUrl":"https:\/\/www.starsislandlapalma.es\/wp-content\/uploads\/2022\/01\/logo_starisland.png","width":172,"height":139,"caption":"Star Island La Palma"},"image":{"@id":"https:\/\/www.starsislandlapalma.es\/#\/schema\/logo\/image\/"},"sameAs":["https:\/\/www.facebook.com\/pages\/Starsisland-La-Palma\/210888162375006?ref=hl","https:\/\/x.com\/starsislandlapa","https:\/\/www.pinterest.com\/astroturismo\/","https:\/\/www.youtube.com\/channel\/UCV7sju1ggcBpJG39HQCBtsA"]},{"@type":"Person","@id":"https:\/\/www.starsislandlapalma.es\/#\/schema\/person\/d2618b46c3dc5c031ddd56a658f9ab25","name":"StarsIsland","image":{"@type":"ImageObject","inLanguage":"en-US","@id":"https:\/\/www.starsislandlapalma.es\/#\/schema\/person\/image\/","url":"https:\/\/secure.gravatar.com\/avatar\/30a35f2b7b8f976566433f1ab7d6402f?s=96&d=mm&r=g","contentUrl":"https:\/\/secure.gravatar.com\/avatar\/30a35f2b7b8f976566433f1ab7d6402f?s=96&d=mm&r=g","caption":"StarsIsland"},"url":"https:\/\/www.starsislandlapalma.es\/en\/author\/starsisland\/"}]}},"_links":{"self":[{"href":"https:\/\/www.starsislandlapalma.es\/en\/wp-json\/wp\/v2\/posts\/25427\/"}],"collection":[{"href":"https:\/\/www.starsislandlapalma.es\/en\/wp-json\/wp\/v2\/posts\/"}],"about":[{"href":"https:\/\/www.starsislandlapalma.es\/en\/wp-json\/wp\/v2\/types\/post\/"}],"author":[{"embeddable":true,"href":"https:\/\/www.starsislandlapalma.es\/en\/wp-json\/wp\/v2\/users\/4\/"}],"replies":[{"embeddable":true,"href":"https:\/\/www.starsislandlapalma.es\/en\/wp-json\/wp\/v2\/comments\/?post=25427"}],"version-history":[{"count":1,"href":"https:\/\/www.starsislandlapalma.es\/en\/wp-json\/wp\/v2\/posts\/25427\/revisions\/"}],"predecessor-version":[{"id":25429,"href":"https:\/\/www.starsislandlapalma.es\/en\/wp-json\/wp\/v2\/posts\/25427\/revisions\/25429\/"}],"wp:featuredmedia":[{"embeddable":true,"href":"https:\/\/www.starsislandlapalma.es\/en\/wp-json\/wp\/v2\/media\/24825\/"}],"wp:attachment":[{"href":"https:\/\/www.starsislandlapalma.es\/en\/wp-json\/wp\/v2\/media\/?parent=25427"}],"wp:term":[{"taxonomy":"category","embeddable":true,"href":"https:\/\/www.starsislandlapalma.es\/en\/wp-json\/wp\/v2\/categories\/?post=25427"},{"taxonomy":"post_tag","embeddable":true,"href":"https:\/\/www.starsislandlapalma.es\/en\/wp-json\/wp\/v2\/tags\/?post=25427"}],"curies":[{"name":"wp","href":"https:\/\/api.w.org\/{rel}","templated":true}]}}