{"id":25441,"date":"2022-08-31T13:28:34","date_gmt":"2022-08-31T13:28:34","guid":{"rendered":"https:\/\/www.starsislandlapalma.es\/el-cabildo-impulsa-las-vocaciones-cientificas-entre-la-juventud-de-la-isla\/"},"modified":"2023-02-23T11:22:53","modified_gmt":"2023-02-23T11:22:53","slug":"el-cabildo-impulsa-las-vocaciones-cientificas-entre-la-juventud-de-la-isla","status":"publish","type":"post","link":"https:\/\/www.starsislandlapalma.es\/en\/el-cabildo-impulsa-las-vocaciones-cientificas-entre-la-juventud-de-la-isla\/","title":{"rendered":"El Cabildo impulsa las vocaciones cient\u00edficas entre la juventud de la Isla"},"content":{"rendered":"<blockquote>\n<p style=\"text-align: justify;\"><em>Las acciones, enmarcadas en el programa de Astrofest 2022, se desarrollar\u00e1n entre el 7 de septiembre y el 7 de octubre<\/em><\/p>\n<\/blockquote>\n<p style=\"text-align: justify;\">El Servicio de Turismo del Cabildo de La Palma, que dirige Ra\u00fal Camacho, celebra una serie de actividades orientadas a las vocaciones cient\u00edficas, acciones que se enmarcan en el programa del Astrofest 2022 y que se desarrollar\u00e1n entre el 7 de septiembre y el 7 de octubre.<\/p>\n<p style=\"text-align: justify;\">Camacho incide en la importancia de poner de relieve las profesiones cient\u00edficas, que son clave en una isla como La Palma \u201cen la que tenemos el Observatorio del Roque de los Muchachos y un incre\u00edble potencial vinculado a nuestro cielo y al estudio del universo, algo que debemos difundir y fomentar entre la poblaci\u00f3n palmera\u201d, expone.<\/p>\n<p style=\"text-align: justify;\">En el marco de esta iniciativa se realizar\u00e1n actividades dirigidas a todos los p\u00fablicos. En esta l\u00ednea, se desarrollar\u00e1n charlas de la mano de personalidades, como Javier Santaolalla, que es divulgador cient\u00edfico, ingeniero y doctor en F\u00edsica, un encuentro que se desarrollar\u00e1 el 9 de septiembre en la Plaza de Las Madres, en Bre\u00f1a Baja, y que contar\u00e1 con el narrador, divulgador y experto en Astroturismo, Antonio Gonz\u00e1lez.<\/p>\n<p style=\"text-align: justify;\">El d\u00eda 13 de septiembre tendr\u00e1 lugar la entrega de los premios Fernando Cabrera de Astronom\u00eda, a las 18:00 horas, en la Casa Salazar, en Santa Cruz de La Palma, y el d\u00eda 16, la astrof\u00edsica y cantante Paula Espinosa, junto a la tambi\u00e9n astrof\u00edsica y monologuista Irene Puerto, protagonizar\u00e1n un nuevo encuentro que se celebrar\u00e1 en en el Museo Arqueol\u00f3gico Benahoarita, en Los Llanos de Aridane, a las 20:00 horas.<\/p>\n<p style=\"text-align: justify;\">Posteriormente, el 26 de septiembre, tendr\u00e1 lugar el <em>Encuentro de mujeres en la Astronom\u00edA, <\/em>donde se realizar\u00e1 una mesa de debate con varias profesionales vinculadas a la astrof\u00edsica y una ingeniera. Ser\u00e1 a las 20:00 horas en el Museo Insular, en Santa Cruz de La Palma.<\/p>\n<p style=\"text-align: justify;\"><em>\u00a0<\/em>El 30 de septiembre se celebrar\u00e1 una funci\u00f3n de t\u00edteres llamada <em>El Rey Estrellado \u2013 Un cuento de t\u00edteres con muchas luces, <\/em>a cargo de la compa\u00f1\u00eda Tal Cual Troup, a las 19:00 horas, en la Casa de la Cultura Braulio Mart\u00edn, en El Paso.<\/p>\n<p style=\"text-align: justify;\">Adem\u00e1s, se realizar\u00e1n otras actividades de t\u00edteres y sesiones con el planetario del \u00c1rea de Juventud en varios centros educativos de la Isla, as\u00ed como el desarrollo de la exposici\u00f3n <em>Astr\u00f3nomAs<\/em>, que busca destacar el papel y el trabajo de las mujeres en esta materia, y que estar\u00e1 disponible en el Museo Insular.<\/p>\n<p style=\"text-align: justify;\">Adem\u00e1s, del 7 de septiembre y hasta el 7 de octubre, las personas j\u00f3venes de La Palma, hasta 22 a\u00f1os de edad y acompa\u00f1ados de dos personas adultas, tendr\u00e1n derecho a entrada gratuita para todos los Centros de Inter\u00e9s Tur\u00edsticos de La Palma (Centro de Visitantes del Roque de Los Muchachos, Ca\u00f1os de Fuego y el Parque Arqueol\u00f3gico El Tendal), que podr\u00e1n ser solicitadas en la recepci\u00f3n del centro en el momento de la visita.<\/p>\n<p style=\"text-align: justify;\">Las actividades est\u00e1n financiadas y promovidas por el \u00c1rea de Turismo del Cabildo de La Palma y la Sociedad de Promoci\u00f3n y Desarrollo Econ\u00f3mico de La Palma (Sodepal), a trav\u00e9s del programa de Promoci\u00f3n de Astroturismo \u2013 PALP.<\/p>\n<p style=\"text-align: justify;\">Colaboran el Instituto de Astrof\u00edsica de Canarias, el Gran Telescopio Canarias, la Red de Centros de Inter\u00e9s Tur\u00edsticos, los ayuntamientos de la Isla, as\u00ed como el Museo Insular y el Museo Arqueol\u00f3gico Benahoarita.<\/p>\n","protected":false},"excerpt":{"rendered":"<p>Las acciones, enmarcadas en el programa de Astrofest 2022, se desarrollar\u00e1n entre el 7 de septiembre y el 7 de octubre<\/p>\n","protected":false},"author":4,"featured_media":25109,"comment_status":"open","ping_status":"open","sticky":false,"template":"","format":"standard","meta":{"footnotes":""},"categories":[136],"tags":[],"yoast_head":"<!-- This site is optimized with the Yoast SEO plugin v24.5 - https:\/\/yoast.com\/wordpress\/plugins\/seo\/ -->\n<title>El Cabildo impulsa las vocaciones cient\u00edficas entre la juventud de la Isla &#8902; Stars Island La Palma<\/title>\n<meta name=\"robots\" content=\"index, follow, max-snippet:-1, max-image-preview:large, max-video-preview:-1\" \/>\n<link rel=\"canonical\" href=\"https:\/\/www.starsislandlapalma.es\/en\/el-cabildo-impulsa-las-vocaciones-cientificas-entre-la-juventud-de-la-isla\/\" \/>\n<meta property=\"og:locale\" content=\"en_US\" \/>\n<meta property=\"og:type\" content=\"article\" \/>\n<meta property=\"og:title\" content=\"El Cabildo impulsa las vocaciones cient\u00edficas entre la juventud de la Isla\" \/>\n<meta property=\"og:description\" content=\"Las acciones, enmarcadas en el programa de Astrofest 2022, se desarrollar\u00e1n entre el 7 de septiembre y el 7 de octubre\" \/>\n<meta property=\"og:url\" content=\"https:\/\/www.starsislandlapalma.es\/en\/el-cabildo-impulsa-las-vocaciones-cientificas-entre-la-juventud-de-la-isla\/\" \/>\n<meta property=\"og:site_name\" content=\"Stars Island La Palma\" \/>\n<meta property=\"article:publisher\" content=\"https:\/\/www.facebook.com\/pages\/Starsisland-La-Palma\/210888162375006?ref=hl\" \/>\n<meta property=\"article:published_time\" content=\"2022-08-31T13:28:34+00:00\" \/>\n<meta property=\"article:modified_time\" content=\"2023-02-23T11:22:53+00:00\" \/>\n<meta property=\"og:image\" content=\"https:\/\/www.starsislandlapalma.es\/wp-content\/uploads\/2022\/08\/Cartel-Mes-Vocacional.jpg\" \/>\n\t<meta property=\"og:image:width\" content=\"1024\" \/>\n\t<meta property=\"og:image:height\" content=\"724\" \/>\n\t<meta property=\"og:image:type\" content=\"image\/jpeg\" \/>\n<meta name=\"author\" content=\"StarsIsland\" \/>\n<meta name=\"twitter:label1\" content=\"Written by\" \/>\n\t<meta name=\"twitter:data1\" content=\"StarsIsland\" \/>\n\t<meta name=\"twitter:label2\" content=\"Est. reading time\" \/>\n\t<meta name=\"twitter:data2\" content=\"3 minutes\" \/>\n<script type=\"application\/ld+json\" class=\"yoast-schema-graph\">{\"@context\":\"https:\/\/schema.org\",\"@graph\":[{\"@type\":\"Article\",\"@id\":\"https:\/\/www.starsislandlapalma.es\/en\/el-cabildo-impulsa-las-vocaciones-cientificas-entre-la-juventud-de-la-isla\/#article\",\"isPartOf\":{\"@id\":\"https:\/\/www.starsislandlapalma.es\/en\/el-cabildo-impulsa-las-vocaciones-cientificas-entre-la-juventud-de-la-isla\/\"},\"author\":{\"name\":\"StarsIsland\",\"@id\":\"https:\/\/www.starsislandlapalma.es\/#\/schema\/person\/d2618b46c3dc5c031ddd56a658f9ab25\"},\"headline\":\"El Cabildo impulsa las vocaciones cient\u00edficas entre la juventud de la Isla\",\"datePublished\":\"2022-08-31T13:28:34+00:00\",\"dateModified\":\"2023-02-23T11:22:53+00:00\",\"mainEntityOfPage\":{\"@id\":\"https:\/\/www.starsislandlapalma.es\/en\/el-cabildo-impulsa-las-vocaciones-cientificas-entre-la-juventud-de-la-isla\/\"},\"wordCount\":601,\"commentCount\":0,\"publisher\":{\"@id\":\"https:\/\/www.starsislandlapalma.es\/#organization\"},\"image\":{\"@id\":\"https:\/\/www.starsislandlapalma.es\/en\/el-cabildo-impulsa-las-vocaciones-cientificas-entre-la-juventud-de-la-isla\/#primaryimage\"},\"thumbnailUrl\":\"https:\/\/www.starsislandlapalma.es\/wp-content\/uploads\/2022\/08\/Cartel-Mes-Vocacional.jpg\",\"articleSection\":[\"News\"],\"inLanguage\":\"en-US\",\"potentialAction\":[{\"@type\":\"CommentAction\",\"name\":\"Comment\",\"target\":[\"https:\/\/www.starsislandlapalma.es\/en\/el-cabildo-impulsa-las-vocaciones-cientificas-entre-la-juventud-de-la-isla\/#respond\"]}]},{\"@type\":\"WebPage\",\"@id\":\"https:\/\/www.starsislandlapalma.es\/en\/el-cabildo-impulsa-las-vocaciones-cientificas-entre-la-juventud-de-la-isla\/\",\"url\":\"https:\/\/www.starsislandlapalma.es\/en\/el-cabildo-impulsa-las-vocaciones-cientificas-entre-la-juventud-de-la-isla\/\",\"name\":\"El Cabildo impulsa las vocaciones cient\u00edficas entre la juventud de la Isla &#8902; Stars Island La Palma\",\"isPartOf\":{\"@id\":\"https:\/\/www.starsislandlapalma.es\/#website\"},\"primaryImageOfPage\":{\"@id\":\"https:\/\/www.starsislandlapalma.es\/en\/el-cabildo-impulsa-las-vocaciones-cientificas-entre-la-juventud-de-la-isla\/#primaryimage\"},\"image\":{\"@id\":\"https:\/\/www.starsislandlapalma.es\/en\/el-cabildo-impulsa-las-vocaciones-cientificas-entre-la-juventud-de-la-isla\/#primaryimage\"},\"thumbnailUrl\":\"https:\/\/www.starsislandlapalma.es\/wp-content\/uploads\/2022\/08\/Cartel-Mes-Vocacional.jpg\",\"datePublished\":\"2022-08-31T13:28:34+00:00\",\"dateModified\":\"2023-02-23T11:22:53+00:00\",\"breadcrumb\":{\"@id\":\"https:\/\/www.starsislandlapalma.es\/en\/el-cabildo-impulsa-las-vocaciones-cientificas-entre-la-juventud-de-la-isla\/#breadcrumb\"},\"inLanguage\":\"en-US\",\"potentialAction\":[{\"@type\":\"ReadAction\",\"target\":[\"https:\/\/www.starsislandlapalma.es\/en\/el-cabildo-impulsa-las-vocaciones-cientificas-entre-la-juventud-de-la-isla\/\"]}]},{\"@type\":\"ImageObject\",\"inLanguage\":\"en-US\",\"@id\":\"https:\/\/www.starsislandlapalma.es\/en\/el-cabildo-impulsa-las-vocaciones-cientificas-entre-la-juventud-de-la-isla\/#primaryimage\",\"url\":\"https:\/\/www.starsislandlapalma.es\/wp-content\/uploads\/2022\/08\/Cartel-Mes-Vocacional.jpg\",\"contentUrl\":\"https:\/\/www.starsislandlapalma.es\/wp-content\/uploads\/2022\/08\/Cartel-Mes-Vocacional.jpg\",\"width\":1024,\"height\":724},{\"@type\":\"BreadcrumbList\",\"@id\":\"https:\/\/www.starsislandlapalma.es\/en\/el-cabildo-impulsa-las-vocaciones-cientificas-entre-la-juventud-de-la-isla\/#breadcrumb\",\"itemListElement\":[{\"@type\":\"ListItem\",\"position\":1,\"name\":\"Portada\",\"item\":\"https:\/\/www.starsislandlapalma.es\/en\/\"},{\"@type\":\"ListItem\",\"position\":2,\"name\":\"El Cabildo impulsa las vocaciones cient\u00edficas entre la juventud de la Isla\"}]},{\"@type\":\"WebSite\",\"@id\":\"https:\/\/www.starsislandlapalma.es\/#website\",\"url\":\"https:\/\/www.starsislandlapalma.es\/\",\"name\":\"Stars Island La Palma\",\"description\":\"La Palma, el lugar perfecto para disfrutar del universo. Primera Reserva Starlight del mundo, en 2012 se reconoce como Destino Tur\u00edstico Starlight\",\"publisher\":{\"@id\":\"https:\/\/www.starsislandlapalma.es\/#organization\"},\"potentialAction\":[{\"@type\":\"SearchAction\",\"target\":{\"@type\":\"EntryPoint\",\"urlTemplate\":\"https:\/\/www.starsislandlapalma.es\/?s={search_term_string}\"},\"query-input\":{\"@type\":\"PropertyValueSpecification\",\"valueRequired\":true,\"valueName\":\"search_term_string\"}}],\"inLanguage\":\"en-US\"},{\"@type\":\"Organization\",\"@id\":\"https:\/\/www.starsislandlapalma.es\/#organization\",\"name\":\"Star Island La Palma\",\"url\":\"https:\/\/www.starsislandlapalma.es\/\",\"logo\":{\"@type\":\"ImageObject\",\"inLanguage\":\"en-US\",\"@id\":\"https:\/\/www.starsislandlapalma.es\/#\/schema\/logo\/image\/\",\"url\":\"https:\/\/www.starsislandlapalma.es\/wp-content\/uploads\/2022\/01\/logo_starisland.png\",\"contentUrl\":\"https:\/\/www.starsislandlapalma.es\/wp-content\/uploads\/2022\/01\/logo_starisland.png\",\"width\":172,\"height\":139,\"caption\":\"Star Island La Palma\"},\"image\":{\"@id\":\"https:\/\/www.starsislandlapalma.es\/#\/schema\/logo\/image\/\"},\"sameAs\":[\"https:\/\/www.facebook.com\/pages\/Starsisland-La-Palma\/210888162375006?ref=hl\",\"https:\/\/x.com\/starsislandlapa\",\"https:\/\/www.pinterest.com\/astroturismo\/\",\"https:\/\/www.youtube.com\/channel\/UCV7sju1ggcBpJG39HQCBtsA\"]},{\"@type\":\"Person\",\"@id\":\"https:\/\/www.starsislandlapalma.es\/#\/schema\/person\/d2618b46c3dc5c031ddd56a658f9ab25\",\"name\":\"StarsIsland\",\"image\":{\"@type\":\"ImageObject\",\"inLanguage\":\"en-US\",\"@id\":\"https:\/\/www.starsislandlapalma.es\/#\/schema\/person\/image\/\",\"url\":\"https:\/\/secure.gravatar.com\/avatar\/30a35f2b7b8f976566433f1ab7d6402f?s=96&d=mm&r=g\",\"contentUrl\":\"https:\/\/secure.gravatar.com\/avatar\/30a35f2b7b8f976566433f1ab7d6402f?s=96&d=mm&r=g\",\"caption\":\"StarsIsland\"},\"url\":\"https:\/\/www.starsislandlapalma.es\/en\/author\/starsisland\/\"}]}<\/script>\n<!-- \/ Yoast SEO plugin. -->","yoast_head_json":{"title":"El Cabildo impulsa las vocaciones cient\u00edficas entre la juventud de la Isla &#8902; Stars Island La Palma","robots":{"index":"index","follow":"follow","max-snippet":"max-snippet:-1","max-image-preview":"max-image-preview:large","max-video-preview":"max-video-preview:-1"},"canonical":"https:\/\/www.starsislandlapalma.es\/en\/el-cabildo-impulsa-las-vocaciones-cientificas-entre-la-juventud-de-la-isla\/","og_locale":"en_US","og_type":"article","og_title":"El Cabildo impulsa las vocaciones cient\u00edficas entre la juventud de la Isla","og_description":"Las acciones, enmarcadas en el programa de Astrofest 2022, se desarrollar\u00e1n entre el 7 de septiembre y el 7 de octubre","og_url":"https:\/\/www.starsislandlapalma.es\/en\/el-cabildo-impulsa-las-vocaciones-cientificas-entre-la-juventud-de-la-isla\/","og_site_name":"Stars Island La Palma","article_publisher":"https:\/\/www.facebook.com\/pages\/Starsisland-La-Palma\/210888162375006?ref=hl","article_published_time":"2022-08-31T13:28:34+00:00","article_modified_time":"2023-02-23T11:22:53+00:00","og_image":[{"width":1024,"height":724,"url":"https:\/\/www.starsislandlapalma.es\/wp-content\/uploads\/2022\/08\/Cartel-Mes-Vocacional.jpg","type":"image\/jpeg"}],"author":"StarsIsland","twitter_misc":{"Written by":"StarsIsland","Est. reading time":"3 minutes"},"schema":{"@context":"https:\/\/schema.org","@graph":[{"@type":"Article","@id":"https:\/\/www.starsislandlapalma.es\/en\/el-cabildo-impulsa-las-vocaciones-cientificas-entre-la-juventud-de-la-isla\/#article","isPartOf":{"@id":"https:\/\/www.starsislandlapalma.es\/en\/el-cabildo-impulsa-las-vocaciones-cientificas-entre-la-juventud-de-la-isla\/"},"author":{"name":"StarsIsland","@id":"https:\/\/www.starsislandlapalma.es\/#\/schema\/person\/d2618b46c3dc5c031ddd56a658f9ab25"},"headline":"El Cabildo impulsa las vocaciones cient\u00edficas entre la juventud de la Isla","datePublished":"2022-08-31T13:28:34+00:00","dateModified":"2023-02-23T11:22:53+00:00","mainEntityOfPage":{"@id":"https:\/\/www.starsislandlapalma.es\/en\/el-cabildo-impulsa-las-vocaciones-cientificas-entre-la-juventud-de-la-isla\/"},"wordCount":601,"commentCount":0,"publisher":{"@id":"https:\/\/www.starsislandlapalma.es\/#organization"},"image":{"@id":"https:\/\/www.starsislandlapalma.es\/en\/el-cabildo-impulsa-las-vocaciones-cientificas-entre-la-juventud-de-la-isla\/#primaryimage"},"thumbnailUrl":"https:\/\/www.starsislandlapalma.es\/wp-content\/uploads\/2022\/08\/Cartel-Mes-Vocacional.jpg","articleSection":["News"],"inLanguage":"en-US","potentialAction":[{"@type":"CommentAction","name":"Comment","target":["https:\/\/www.starsislandlapalma.es\/en\/el-cabildo-impulsa-las-vocaciones-cientificas-entre-la-juventud-de-la-isla\/#respond"]}]},{"@type":"WebPage","@id":"https:\/\/www.starsislandlapalma.es\/en\/el-cabildo-impulsa-las-vocaciones-cientificas-entre-la-juventud-de-la-isla\/","url":"https:\/\/www.starsislandlapalma.es\/en\/el-cabildo-impulsa-las-vocaciones-cientificas-entre-la-juventud-de-la-isla\/","name":"El Cabildo impulsa las vocaciones cient\u00edficas entre la juventud de la Isla &#8902; Stars Island La Palma","isPartOf":{"@id":"https:\/\/www.starsislandlapalma.es\/#website"},"primaryImageOfPage":{"@id":"https:\/\/www.starsislandlapalma.es\/en\/el-cabildo-impulsa-las-vocaciones-cientificas-entre-la-juventud-de-la-isla\/#primaryimage"},"image":{"@id":"https:\/\/www.starsislandlapalma.es\/en\/el-cabildo-impulsa-las-vocaciones-cientificas-entre-la-juventud-de-la-isla\/#primaryimage"},"thumbnailUrl":"https:\/\/www.starsislandlapalma.es\/wp-content\/uploads\/2022\/08\/Cartel-Mes-Vocacional.jpg","datePublished":"2022-08-31T13:28:34+00:00","dateModified":"2023-02-23T11:22:53+00:00","breadcrumb":{"@id":"https:\/\/www.starsislandlapalma.es\/en\/el-cabildo-impulsa-las-vocaciones-cientificas-entre-la-juventud-de-la-isla\/#breadcrumb"},"inLanguage":"en-US","potentialAction":[{"@type":"ReadAction","target":["https:\/\/www.starsislandlapalma.es\/en\/el-cabildo-impulsa-las-vocaciones-cientificas-entre-la-juventud-de-la-isla\/"]}]},{"@type":"ImageObject","inLanguage":"en-US","@id":"https:\/\/www.starsislandlapalma.es\/en\/el-cabildo-impulsa-las-vocaciones-cientificas-entre-la-juventud-de-la-isla\/#primaryimage","url":"https:\/\/www.starsislandlapalma.es\/wp-content\/uploads\/2022\/08\/Cartel-Mes-Vocacional.jpg","contentUrl":"https:\/\/www.starsislandlapalma.es\/wp-content\/uploads\/2022\/08\/Cartel-Mes-Vocacional.jpg","width":1024,"height":724},{"@type":"BreadcrumbList","@id":"https:\/\/www.starsislandlapalma.es\/en\/el-cabildo-impulsa-las-vocaciones-cientificas-entre-la-juventud-de-la-isla\/#breadcrumb","itemListElement":[{"@type":"ListItem","position":1,"name":"Portada","item":"https:\/\/www.starsislandlapalma.es\/en\/"},{"@type":"ListItem","position":2,"name":"El Cabildo impulsa las vocaciones cient\u00edficas entre la juventud de la Isla"}]},{"@type":"WebSite","@id":"https:\/\/www.starsislandlapalma.es\/#website","url":"https:\/\/www.starsislandlapalma.es\/","name":"Stars Island La Palma","description":"La Palma, el lugar perfecto para disfrutar del universo. Primera Reserva Starlight del mundo, en 2012 se reconoce como Destino Tur\u00edstico Starlight","publisher":{"@id":"https:\/\/www.starsislandlapalma.es\/#organization"},"potentialAction":[{"@type":"SearchAction","target":{"@type":"EntryPoint","urlTemplate":"https:\/\/www.starsislandlapalma.es\/?s={search_term_string}"},"query-input":{"@type":"PropertyValueSpecification","valueRequired":true,"valueName":"search_term_string"}}],"inLanguage":"en-US"},{"@type":"Organization","@id":"https:\/\/www.starsislandlapalma.es\/#organization","name":"Star Island La Palma","url":"https:\/\/www.starsislandlapalma.es\/","logo":{"@type":"ImageObject","inLanguage":"en-US","@id":"https:\/\/www.starsislandlapalma.es\/#\/schema\/logo\/image\/","url":"https:\/\/www.starsislandlapalma.es\/wp-content\/uploads\/2022\/01\/logo_starisland.png","contentUrl":"https:\/\/www.starsislandlapalma.es\/wp-content\/uploads\/2022\/01\/logo_starisland.png","width":172,"height":139,"caption":"Star Island La Palma"},"image":{"@id":"https:\/\/www.starsislandlapalma.es\/#\/schema\/logo\/image\/"},"sameAs":["https:\/\/www.facebook.com\/pages\/Starsisland-La-Palma\/210888162375006?ref=hl","https:\/\/x.com\/starsislandlapa","https:\/\/www.pinterest.com\/astroturismo\/","https:\/\/www.youtube.com\/channel\/UCV7sju1ggcBpJG39HQCBtsA"]},{"@type":"Person","@id":"https:\/\/www.starsislandlapalma.es\/#\/schema\/person\/d2618b46c3dc5c031ddd56a658f9ab25","name":"StarsIsland","image":{"@type":"ImageObject","inLanguage":"en-US","@id":"https:\/\/www.starsislandlapalma.es\/#\/schema\/person\/image\/","url":"https:\/\/secure.gravatar.com\/avatar\/30a35f2b7b8f976566433f1ab7d6402f?s=96&d=mm&r=g","contentUrl":"https:\/\/secure.gravatar.com\/avatar\/30a35f2b7b8f976566433f1ab7d6402f?s=96&d=mm&r=g","caption":"StarsIsland"},"url":"https:\/\/www.starsislandlapalma.es\/en\/author\/starsisland\/"}]}},"_links":{"self":[{"href":"https:\/\/www.starsislandlapalma.es\/en\/wp-json\/wp\/v2\/posts\/25441\/"}],"collection":[{"href":"https:\/\/www.starsislandlapalma.es\/en\/wp-json\/wp\/v2\/posts\/"}],"about":[{"href":"https:\/\/www.starsislandlapalma.es\/en\/wp-json\/wp\/v2\/types\/post\/"}],"author":[{"embeddable":true,"href":"https:\/\/www.starsislandlapalma.es\/en\/wp-json\/wp\/v2\/users\/4\/"}],"replies":[{"embeddable":true,"href":"https:\/\/www.starsislandlapalma.es\/en\/wp-json\/wp\/v2\/comments\/?post=25441"}],"version-history":[{"count":1,"href":"https:\/\/www.starsislandlapalma.es\/en\/wp-json\/wp\/v2\/posts\/25441\/revisions\/"}],"predecessor-version":[{"id":25443,"href":"https:\/\/www.starsislandlapalma.es\/en\/wp-json\/wp\/v2\/posts\/25441\/revisions\/25443\/"}],"wp:featuredmedia":[{"embeddable":true,"href":"https:\/\/www.starsislandlapalma.es\/en\/wp-json\/wp\/v2\/media\/25109\/"}],"wp:attachment":[{"href":"https:\/\/www.starsislandlapalma.es\/en\/wp-json\/wp\/v2\/media\/?parent=25441"}],"wp:term":[{"taxonomy":"category","embeddable":true,"href":"https:\/\/www.starsislandlapalma.es\/en\/wp-json\/wp\/v2\/categories\/?post=25441"},{"taxonomy":"post_tag","embeddable":true,"href":"https:\/\/www.starsislandlapalma.es\/en\/wp-json\/wp\/v2\/tags\/?post=25441"}],"curies":[{"name":"wp","href":"https:\/\/api.w.org\/{rel}","templated":true}]}}