{"id":25453,"date":"2022-07-25T07:03:54","date_gmt":"2022-07-25T07:03:54","guid":{"rendered":"https:\/\/www.starsislandlapalma.es\/i-rally-fotografico-nocturno-la-palma-isla-de-las-estrellas-28-de-julio-y-el-20-de-agosto\/"},"modified":"2023-02-23T11:30:08","modified_gmt":"2023-02-23T11:30:08","slug":"i-rally-fotografico-nocturno-la-palma-isla-de-las-estrellas-28-de-julio-y-el-20-de-agosto","status":"publish","type":"post","link":"https:\/\/www.starsislandlapalma.es\/en\/i-rally-fotografico-nocturno-la-palma-isla-de-las-estrellas-28-de-julio-y-el-20-de-agosto\/","title":{"rendered":"I Rally Fotogr\u00e1fico Nocturno La Palma isla de las estrellas \/ 28 de julio y el 20 de agosto"},"content":{"rendered":"<div class=\"field field--name-field-noticias-entradilla field--type-text-long field--label-hidden field--item\">\n<p>La iniciativa, enmarcada en el programa de Astrofest 2022, recorrer\u00e1 todos los municipios de La Palma<\/p>\n<p>Las obras ganadoras y seleccionadas participar\u00e1n en una exposici\u00f3n colectiva<\/p>\n<\/div>\n<div class=\"field field--name-body field--type-text-with-summary field--label-hidden field--item\">\n<p>El Cabildo de La Palma, a trav\u00e9s de la Consejer\u00eda de Turismo que dirige Ra\u00fal Camacho, en colaboraci\u00f3n con la Asociaci\u00f3n Afoto La Palma, present\u00f3 este viernes la celebraci\u00f3n del primer rally fotogr\u00e1fico \u2018La Palma, isla de las estrellas\u2019, con el que se pretende poner en valor los cielos de la isla.<\/p>\n<p>Camacho explic\u00f3 que esta primera edici\u00f3n, que se enmarca en el programa de actividades desarrolladas con motivo de Astrofest 2022, recorrer\u00e1 los 14 municipios de la Isla y cuenta con 28 retos que las personas que se inscriban deber\u00e1n fotografiar entre el 28 de julio y el 20 de agosto.<\/p>\n<p>En un acto en el que tambi\u00e9n participaron el presidente de la asociaci\u00f3n, Rub\u00e9n L\u00f3pez, y el coordinador del evento, Miguel Calero, el consejero destac\u00f3 que este \u2018rally de fotograf\u00eda\u2019 consistir\u00e1 en una actividad de varios d\u00edas en una relaci\u00f3n de hitos predefinidos para tomar fotograf\u00edas entre el atardecer y amanecer, incluyendo la noche, que pongan de manifiesto el valor del Cielo de la Isla de La Palma como Reserva Starlight.<\/p>\n<div id=\"attachment_25083\" style=\"width: 994px\" class=\"wp-caption aligncenter\"><img decoding=\"async\" aria-describedby=\"caption-attachment-25083\" class=\"wp-image-25083 size-full\" src=\"https:\/\/www.starsislandlapalma.es\/wp-content\/uploads\/2022\/07\/35-CielosLaPalma-Fuencaliente-210619-N1412.jpg\" alt=\"\" width=\"984\" height=\"608\" srcset=\"https:\/\/www.starsislandlapalma.es\/wp-content\/uploads\/2022\/07\/35-CielosLaPalma-Fuencaliente-210619-N1412.jpg 984w, https:\/\/www.starsislandlapalma.es\/wp-content\/uploads\/2022\/07\/35-CielosLaPalma-Fuencaliente-210619-N1412-300x185.jpg 300w, https:\/\/www.starsislandlapalma.es\/wp-content\/uploads\/2022\/07\/35-CielosLaPalma-Fuencaliente-210619-N1412-768x475.jpg 768w, https:\/\/www.starsislandlapalma.es\/wp-content\/uploads\/2022\/07\/35-CielosLaPalma-Fuencaliente-210619-N1412-700x433.jpg 700w\" sizes=\"(max-width: 984px) 100vw, 984px\" \/><p id=\"caption-attachment-25083\" class=\"wp-caption-text\">\u00a9 Antonio Gonz\u00e1lez<\/p><\/div>\n<p>Esta actividad tendr\u00e1 formato de concurso, en el que cada participante podr\u00e1 presentar una fotograf\u00eda de cada uno de los lugares propuestos en el rut\u00f3metro, siendo sometidas la valoraci\u00f3n de un jurado para decidir cu\u00e1l es la fotograf\u00eda ganadora del concurso, adem\u00e1s de establecer otros premios para las mejores fotograf\u00edas urbanas, de paisaje o art\u00edstica.<\/p>\n<p>Adem\u00e1s, Ra\u00fal Camacho destaca que este concurso tendr\u00e1 varios premios que consistir\u00e1n en accesorios relacionados con la fotograf\u00eda, permitiendo tambi\u00e9n a una selecci\u00f3n de las obras participar en una exposici\u00f3n colectiva que se mostrar\u00e1 p\u00fablicamente, al menos, en Santa Cruz de La Palma y Los Llanos de Aridane.<\/p>\n<p>El rut\u00f3metro incluye lugares, parajes o rincones ya sean geogr\u00e1ficos, arquitect\u00f3nicos o bot\u00e1nicos, que contengan hitos visuales reconocibles de los 14 municipios de la Isla, que sean elementos ic\u00f3nicos importantes por su belleza paisaj\u00edstica o por su singularidad.\u00a0 Tambi\u00e9n se pretende poner en valor el esfuerzo de la aplicaci\u00f3n de la Ley del Cielo en relaci\u00f3n a la iluminaci\u00f3n p\u00fablica, de ah\u00ed que se hayan elegido emplazamientos dentro de los cascos urbanos.<\/p>\n<p>Por su parte, Rub\u00e9n L\u00f3pez defini\u00f3 que la prueba se desarrollar\u00e1 durante las pr\u00f3ximas tres semanas, dando libertad a los participantes de elegir la jornada en la que desarrollar\u00e1 su actividad fotogr\u00e1fica.<\/p>\n<p>Fue Miguel Calero el encargado de definir la metodolog\u00eda de la prueba, adem\u00e1s de explicar que cada participante contar\u00e1 con una acreditaci\u00f3n y podr\u00e1 utilizar diferentes t\u00e9cnicas fotogr\u00e1ficas, aunque no est\u00e1 permitido el uso de t\u00e9cnicas de blending, overlays y otras, as\u00ed como tampoco el uso de programas para a\u00f1adir elementos que no est\u00e1n en la composici\u00f3n.<\/p>\n<p>Por \u00faltimo, Ra\u00fal Camacho invit\u00f3 a los amantes de la fotograf\u00eda de La Palma a participar en este evento, cuya inscripci\u00f3n es abierta y gratuita, que contribuye a poner en valor el recurso tur\u00edstico que supone el cielo nocturno de la Isla.<\/p>\n<\/div>\n<a  itemprop=\"url\" href=\"https:\/\/www.starsislandlapalma.es\/wp-content\/uploads\/2022\/07\/bases.pdf\" target=\"_blank\"  class=\"qbutton  default\" style=\"\">CONSULTAR BASES<i class=\"qode_icon_font_awesome fa fa-file-pdf-o qode_button_icon_element\" style=\"\" ><\/i><\/a>\n<a  itemprop=\"url\" href=\"https:\/\/www.starsislandlapalma.es\/wp-content\/uploads\/2022\/07\/MAPA.pdf\" target=\"_blank\"  class=\"qbutton  default\" style=\"\">CONSULTAR MAPA<i class=\"qode_icon_font_awesome fa fa-file-pdf-o qode_button_icon_element\" style=\"\" ><\/i><\/a>\n<p>&nbsp;<\/p>\n<p><img decoding=\"async\" class=\"aligncenter wp-image-25094 size-full\" src=\"https:\/\/www.starsislandlapalma.es\/wp-content\/uploads\/2022\/07\/IRALLY-FOTOGRAFICO.jpg\" alt=\"\" width=\"600\" height=\"849\" srcset=\"https:\/\/www.starsislandlapalma.es\/wp-content\/uploads\/2022\/07\/IRALLY-FOTOGRAFICO.jpg 600w, https:\/\/www.starsislandlapalma.es\/wp-content\/uploads\/2022\/07\/IRALLY-FOTOGRAFICO-212x300.jpg 212w\" sizes=\"(max-width: 600px) 100vw, 600px\" \/><\/p>\n<p>&nbsp;<\/p>\n<p>&nbsp;<\/p>\n","protected":false},"excerpt":{"rendered":"<p>La iniciativa, enmarcada en el programa de Astrofest 2022, recorrer\u00e1 todos los municipios de La Palma Las obras ganadoras y seleccionadas participar\u00e1n en una exposici\u00f3n colectiva El Cabildo de La Palma, a trav\u00e9s de la Consejer\u00eda de Turismo que dirige Ra\u00fal Camacho, en colaboraci\u00f3n con&#8230;<\/p>\n","protected":false},"author":1,"featured_media":25095,"comment_status":"open","ping_status":"open","sticky":false,"template":"","format":"standard","meta":{"footnotes":""},"categories":[139,136],"tags":[475,1030],"yoast_head":"<!-- This site is optimized with the Yoast SEO plugin v24.5 - https:\/\/yoast.com\/wordpress\/plugins\/seo\/ -->\n<title>I Rally Fotogr\u00e1fico Nocturno La Palma isla de las estrellas \/ 28 de julio y el 20 de agosto &#8902; Stars Island La Palma<\/title>\n<meta name=\"robots\" content=\"index, follow, max-snippet:-1, max-image-preview:large, max-video-preview:-1\" \/>\n<link rel=\"canonical\" href=\"https:\/\/www.starsislandlapalma.es\/en\/i-rally-fotografico-nocturno-la-palma-isla-de-las-estrellas-28-de-julio-y-el-20-de-agosto\/\" \/>\n<meta property=\"og:locale\" content=\"en_US\" \/>\n<meta property=\"og:type\" content=\"article\" \/>\n<meta property=\"og:title\" content=\"I Rally Fotogr\u00e1fico Nocturno La Palma isla de las estrellas \/ 28 de julio y el 20 de agosto &#8902; Stars Island La Palma\" \/>\n<meta property=\"og:description\" content=\"La iniciativa, enmarcada en el programa de Astrofest 2022, recorrer\u00e1 todos los municipios de La Palma Las obras ganadoras y seleccionadas participar\u00e1n en una exposici\u00f3n colectiva El Cabildo de La Palma, a trav\u00e9s de la Consejer\u00eda de Turismo que dirige Ra\u00fal Camacho, en colaboraci\u00f3n con...\" \/>\n<meta property=\"og:url\" content=\"https:\/\/www.starsislandlapalma.es\/en\/i-rally-fotografico-nocturno-la-palma-isla-de-las-estrellas-28-de-julio-y-el-20-de-agosto\/\" \/>\n<meta property=\"og:site_name\" content=\"Stars Island La Palma\" \/>\n<meta property=\"article:publisher\" content=\"https:\/\/www.facebook.com\/pages\/Starsisland-La-Palma\/210888162375006?ref=hl\" \/>\n<meta property=\"article:published_time\" content=\"2022-07-25T07:03:54+00:00\" \/>\n<meta property=\"article:modified_time\" content=\"2023-02-23T11:30:08+00:00\" \/>\n<meta property=\"og:image\" content=\"https:\/\/www.starsislandlapalma.es\/wp-content\/uploads\/2022\/07\/IRALLY-FOTOGRAFICO.jpg\" \/>\n\t<meta property=\"og:image:width\" content=\"600\" \/>\n\t<meta property=\"og:image:height\" content=\"849\" \/>\n\t<meta property=\"og:image:type\" content=\"image\/jpeg\" \/>\n<meta name=\"author\" content=\"Stars Island La Palma\" \/>\n<meta name=\"twitter:label1\" content=\"Written by\" \/>\n\t<meta name=\"twitter:data1\" content=\"Stars Island La Palma\" \/>\n\t<meta name=\"twitter:label2\" content=\"Est. reading time\" \/>\n\t<meta name=\"twitter:data2\" content=\"3 minutes\" \/>\n<script type=\"application\/ld+json\" class=\"yoast-schema-graph\">{\"@context\":\"https:\/\/schema.org\",\"@graph\":[{\"@type\":\"Article\",\"@id\":\"https:\/\/www.starsislandlapalma.es\/en\/i-rally-fotografico-nocturno-la-palma-isla-de-las-estrellas-28-de-julio-y-el-20-de-agosto\/#article\",\"isPartOf\":{\"@id\":\"https:\/\/www.starsislandlapalma.es\/en\/i-rally-fotografico-nocturno-la-palma-isla-de-las-estrellas-28-de-julio-y-el-20-de-agosto\/\"},\"author\":{\"name\":\"Stars Island La Palma\",\"@id\":\"https:\/\/www.starsislandlapalma.es\/#\/schema\/person\/9043f5bd4f379ca7532bf525fa88073b\"},\"headline\":\"I Rally Fotogr\u00e1fico Nocturno La Palma isla de las estrellas \/ 28 de julio y el 20 de agosto\",\"datePublished\":\"2022-07-25T07:03:54+00:00\",\"dateModified\":\"2023-02-23T11:30:08+00:00\",\"mainEntityOfPage\":{\"@id\":\"https:\/\/www.starsislandlapalma.es\/en\/i-rally-fotografico-nocturno-la-palma-isla-de-las-estrellas-28-de-julio-y-el-20-de-agosto\/\"},\"wordCount\":701,\"commentCount\":0,\"publisher\":{\"@id\":\"https:\/\/www.starsislandlapalma.es\/#organization\"},\"image\":{\"@id\":\"https:\/\/www.starsislandlapalma.es\/en\/i-rally-fotografico-nocturno-la-palma-isla-de-las-estrellas-28-de-julio-y-el-20-de-agosto\/#primaryimage\"},\"thumbnailUrl\":\"https:\/\/www.starsislandlapalma.es\/wp-content\/uploads\/2022\/07\/IRALLY-FOTOGRAFICO.jpg\",\"keywords\":[\"astroturismo en la palma\",\"I RALLY FOTOGR\u00c1FICO\"],\"articleSection\":[\"Events\",\"News\"],\"inLanguage\":\"en-US\",\"potentialAction\":[{\"@type\":\"CommentAction\",\"name\":\"Comment\",\"target\":[\"https:\/\/www.starsislandlapalma.es\/en\/i-rally-fotografico-nocturno-la-palma-isla-de-las-estrellas-28-de-julio-y-el-20-de-agosto\/#respond\"]}]},{\"@type\":\"WebPage\",\"@id\":\"https:\/\/www.starsislandlapalma.es\/en\/i-rally-fotografico-nocturno-la-palma-isla-de-las-estrellas-28-de-julio-y-el-20-de-agosto\/\",\"url\":\"https:\/\/www.starsislandlapalma.es\/en\/i-rally-fotografico-nocturno-la-palma-isla-de-las-estrellas-28-de-julio-y-el-20-de-agosto\/\",\"name\":\"I Rally Fotogr\u00e1fico Nocturno La Palma isla de las estrellas \/ 28 de julio y el 20 de agosto &#8902; Stars Island La Palma\",\"isPartOf\":{\"@id\":\"https:\/\/www.starsislandlapalma.es\/#website\"},\"primaryImageOfPage\":{\"@id\":\"https:\/\/www.starsislandlapalma.es\/en\/i-rally-fotografico-nocturno-la-palma-isla-de-las-estrellas-28-de-julio-y-el-20-de-agosto\/#primaryimage\"},\"image\":{\"@id\":\"https:\/\/www.starsislandlapalma.es\/en\/i-rally-fotografico-nocturno-la-palma-isla-de-las-estrellas-28-de-julio-y-el-20-de-agosto\/#primaryimage\"},\"thumbnailUrl\":\"https:\/\/www.starsislandlapalma.es\/wp-content\/uploads\/2022\/07\/IRALLY-FOTOGRAFICO.jpg\",\"datePublished\":\"2022-07-25T07:03:54+00:00\",\"dateModified\":\"2023-02-23T11:30:08+00:00\",\"breadcrumb\":{\"@id\":\"https:\/\/www.starsislandlapalma.es\/en\/i-rally-fotografico-nocturno-la-palma-isla-de-las-estrellas-28-de-julio-y-el-20-de-agosto\/#breadcrumb\"},\"inLanguage\":\"en-US\",\"potentialAction\":[{\"@type\":\"ReadAction\",\"target\":[\"https:\/\/www.starsislandlapalma.es\/en\/i-rally-fotografico-nocturno-la-palma-isla-de-las-estrellas-28-de-julio-y-el-20-de-agosto\/\"]}]},{\"@type\":\"ImageObject\",\"inLanguage\":\"en-US\",\"@id\":\"https:\/\/www.starsislandlapalma.es\/en\/i-rally-fotografico-nocturno-la-palma-isla-de-las-estrellas-28-de-julio-y-el-20-de-agosto\/#primaryimage\",\"url\":\"https:\/\/www.starsislandlapalma.es\/wp-content\/uploads\/2022\/07\/IRALLY-FOTOGRAFICO.jpg\",\"contentUrl\":\"https:\/\/www.starsislandlapalma.es\/wp-content\/uploads\/2022\/07\/IRALLY-FOTOGRAFICO.jpg\",\"width\":600,\"height\":849},{\"@type\":\"BreadcrumbList\",\"@id\":\"https:\/\/www.starsislandlapalma.es\/en\/i-rally-fotografico-nocturno-la-palma-isla-de-las-estrellas-28-de-julio-y-el-20-de-agosto\/#breadcrumb\",\"itemListElement\":[{\"@type\":\"ListItem\",\"position\":1,\"name\":\"Portada\",\"item\":\"https:\/\/www.starsislandlapalma.es\/en\/\"},{\"@type\":\"ListItem\",\"position\":2,\"name\":\"I Rally Fotogr\u00e1fico Nocturno La Palma isla de las estrellas \/ 28 de julio y el 20 de agosto\"}]},{\"@type\":\"WebSite\",\"@id\":\"https:\/\/www.starsislandlapalma.es\/#website\",\"url\":\"https:\/\/www.starsislandlapalma.es\/\",\"name\":\"Stars Island La Palma\",\"description\":\"La Palma, el lugar perfecto para disfrutar del universo. Primera Reserva Starlight del mundo, en 2012 se reconoce como Destino Tur\u00edstico Starlight\",\"publisher\":{\"@id\":\"https:\/\/www.starsislandlapalma.es\/#organization\"},\"potentialAction\":[{\"@type\":\"SearchAction\",\"target\":{\"@type\":\"EntryPoint\",\"urlTemplate\":\"https:\/\/www.starsislandlapalma.es\/?s={search_term_string}\"},\"query-input\":{\"@type\":\"PropertyValueSpecification\",\"valueRequired\":true,\"valueName\":\"search_term_string\"}}],\"inLanguage\":\"en-US\"},{\"@type\":\"Organization\",\"@id\":\"https:\/\/www.starsislandlapalma.es\/#organization\",\"name\":\"Star Island La Palma\",\"url\":\"https:\/\/www.starsislandlapalma.es\/\",\"logo\":{\"@type\":\"ImageObject\",\"inLanguage\":\"en-US\",\"@id\":\"https:\/\/www.starsislandlapalma.es\/#\/schema\/logo\/image\/\",\"url\":\"https:\/\/www.starsislandlapalma.es\/wp-content\/uploads\/2022\/01\/logo_starisland.png\",\"contentUrl\":\"https:\/\/www.starsislandlapalma.es\/wp-content\/uploads\/2022\/01\/logo_starisland.png\",\"width\":172,\"height\":139,\"caption\":\"Star Island La Palma\"},\"image\":{\"@id\":\"https:\/\/www.starsislandlapalma.es\/#\/schema\/logo\/image\/\"},\"sameAs\":[\"https:\/\/www.facebook.com\/pages\/Starsisland-La-Palma\/210888162375006?ref=hl\",\"https:\/\/x.com\/starsislandlapa\",\"https:\/\/www.pinterest.com\/astroturismo\/\",\"https:\/\/www.youtube.com\/channel\/UCV7sju1ggcBpJG39HQCBtsA\"]},{\"@type\":\"Person\",\"@id\":\"https:\/\/www.starsislandlapalma.es\/#\/schema\/person\/9043f5bd4f379ca7532bf525fa88073b\",\"name\":\"Stars Island La Palma\",\"image\":{\"@type\":\"ImageObject\",\"inLanguage\":\"en-US\",\"@id\":\"https:\/\/www.starsislandlapalma.es\/#\/schema\/person\/image\/\",\"url\":\"https:\/\/secure.gravatar.com\/avatar\/214edfeae37af83662fa1058aeebfb41?s=96&d=mm&r=g\",\"contentUrl\":\"https:\/\/secure.gravatar.com\/avatar\/214edfeae37af83662fa1058aeebfb41?s=96&d=mm&r=g\",\"caption\":\"Stars Island La Palma\"},\"url\":\"https:\/\/www.starsislandlapalma.es\/en\/author\/star\/\"}]}<\/script>\n<!-- \/ Yoast SEO plugin. -->","yoast_head_json":{"title":"I Rally Fotogr\u00e1fico Nocturno La Palma isla de las estrellas \/ 28 de julio y el 20 de agosto &#8902; Stars Island La Palma","robots":{"index":"index","follow":"follow","max-snippet":"max-snippet:-1","max-image-preview":"max-image-preview:large","max-video-preview":"max-video-preview:-1"},"canonical":"https:\/\/www.starsislandlapalma.es\/en\/i-rally-fotografico-nocturno-la-palma-isla-de-las-estrellas-28-de-julio-y-el-20-de-agosto\/","og_locale":"en_US","og_type":"article","og_title":"I Rally Fotogr\u00e1fico Nocturno La Palma isla de las estrellas \/ 28 de julio y el 20 de agosto &#8902; Stars Island La Palma","og_description":"La iniciativa, enmarcada en el programa de Astrofest 2022, recorrer\u00e1 todos los municipios de La Palma Las obras ganadoras y seleccionadas participar\u00e1n en una exposici\u00f3n colectiva El Cabildo de La Palma, a trav\u00e9s de la Consejer\u00eda de Turismo que dirige Ra\u00fal Camacho, en colaboraci\u00f3n con...","og_url":"https:\/\/www.starsislandlapalma.es\/en\/i-rally-fotografico-nocturno-la-palma-isla-de-las-estrellas-28-de-julio-y-el-20-de-agosto\/","og_site_name":"Stars Island La Palma","article_publisher":"https:\/\/www.facebook.com\/pages\/Starsisland-La-Palma\/210888162375006?ref=hl","article_published_time":"2022-07-25T07:03:54+00:00","article_modified_time":"2023-02-23T11:30:08+00:00","og_image":[{"width":600,"height":849,"url":"https:\/\/www.starsislandlapalma.es\/wp-content\/uploads\/2022\/07\/IRALLY-FOTOGRAFICO.jpg","type":"image\/jpeg"}],"author":"Stars Island La Palma","twitter_misc":{"Written by":"Stars Island La Palma","Est. reading time":"3 minutes"},"schema":{"@context":"https:\/\/schema.org","@graph":[{"@type":"Article","@id":"https:\/\/www.starsislandlapalma.es\/en\/i-rally-fotografico-nocturno-la-palma-isla-de-las-estrellas-28-de-julio-y-el-20-de-agosto\/#article","isPartOf":{"@id":"https:\/\/www.starsislandlapalma.es\/en\/i-rally-fotografico-nocturno-la-palma-isla-de-las-estrellas-28-de-julio-y-el-20-de-agosto\/"},"author":{"name":"Stars Island La Palma","@id":"https:\/\/www.starsislandlapalma.es\/#\/schema\/person\/9043f5bd4f379ca7532bf525fa88073b"},"headline":"I Rally Fotogr\u00e1fico Nocturno La Palma isla de las estrellas \/ 28 de julio y el 20 de agosto","datePublished":"2022-07-25T07:03:54+00:00","dateModified":"2023-02-23T11:30:08+00:00","mainEntityOfPage":{"@id":"https:\/\/www.starsislandlapalma.es\/en\/i-rally-fotografico-nocturno-la-palma-isla-de-las-estrellas-28-de-julio-y-el-20-de-agosto\/"},"wordCount":701,"commentCount":0,"publisher":{"@id":"https:\/\/www.starsislandlapalma.es\/#organization"},"image":{"@id":"https:\/\/www.starsislandlapalma.es\/en\/i-rally-fotografico-nocturno-la-palma-isla-de-las-estrellas-28-de-julio-y-el-20-de-agosto\/#primaryimage"},"thumbnailUrl":"https:\/\/www.starsislandlapalma.es\/wp-content\/uploads\/2022\/07\/IRALLY-FOTOGRAFICO.jpg","keywords":["astroturismo en la palma","I RALLY FOTOGR\u00c1FICO"],"articleSection":["Events","News"],"inLanguage":"en-US","potentialAction":[{"@type":"CommentAction","name":"Comment","target":["https:\/\/www.starsislandlapalma.es\/en\/i-rally-fotografico-nocturno-la-palma-isla-de-las-estrellas-28-de-julio-y-el-20-de-agosto\/#respond"]}]},{"@type":"WebPage","@id":"https:\/\/www.starsislandlapalma.es\/en\/i-rally-fotografico-nocturno-la-palma-isla-de-las-estrellas-28-de-julio-y-el-20-de-agosto\/","url":"https:\/\/www.starsislandlapalma.es\/en\/i-rally-fotografico-nocturno-la-palma-isla-de-las-estrellas-28-de-julio-y-el-20-de-agosto\/","name":"I Rally Fotogr\u00e1fico Nocturno La Palma isla de las estrellas \/ 28 de julio y el 20 de agosto &#8902; Stars Island La Palma","isPartOf":{"@id":"https:\/\/www.starsislandlapalma.es\/#website"},"primaryImageOfPage":{"@id":"https:\/\/www.starsislandlapalma.es\/en\/i-rally-fotografico-nocturno-la-palma-isla-de-las-estrellas-28-de-julio-y-el-20-de-agosto\/#primaryimage"},"image":{"@id":"https:\/\/www.starsislandlapalma.es\/en\/i-rally-fotografico-nocturno-la-palma-isla-de-las-estrellas-28-de-julio-y-el-20-de-agosto\/#primaryimage"},"thumbnailUrl":"https:\/\/www.starsislandlapalma.es\/wp-content\/uploads\/2022\/07\/IRALLY-FOTOGRAFICO.jpg","datePublished":"2022-07-25T07:03:54+00:00","dateModified":"2023-02-23T11:30:08+00:00","breadcrumb":{"@id":"https:\/\/www.starsislandlapalma.es\/en\/i-rally-fotografico-nocturno-la-palma-isla-de-las-estrellas-28-de-julio-y-el-20-de-agosto\/#breadcrumb"},"inLanguage":"en-US","potentialAction":[{"@type":"ReadAction","target":["https:\/\/www.starsislandlapalma.es\/en\/i-rally-fotografico-nocturno-la-palma-isla-de-las-estrellas-28-de-julio-y-el-20-de-agosto\/"]}]},{"@type":"ImageObject","inLanguage":"en-US","@id":"https:\/\/www.starsislandlapalma.es\/en\/i-rally-fotografico-nocturno-la-palma-isla-de-las-estrellas-28-de-julio-y-el-20-de-agosto\/#primaryimage","url":"https:\/\/www.starsislandlapalma.es\/wp-content\/uploads\/2022\/07\/IRALLY-FOTOGRAFICO.jpg","contentUrl":"https:\/\/www.starsislandlapalma.es\/wp-content\/uploads\/2022\/07\/IRALLY-FOTOGRAFICO.jpg","width":600,"height":849},{"@type":"BreadcrumbList","@id":"https:\/\/www.starsislandlapalma.es\/en\/i-rally-fotografico-nocturno-la-palma-isla-de-las-estrellas-28-de-julio-y-el-20-de-agosto\/#breadcrumb","itemListElement":[{"@type":"ListItem","position":1,"name":"Portada","item":"https:\/\/www.starsislandlapalma.es\/en\/"},{"@type":"ListItem","position":2,"name":"I Rally Fotogr\u00e1fico Nocturno La Palma isla de las estrellas \/ 28 de julio y el 20 de agosto"}]},{"@type":"WebSite","@id":"https:\/\/www.starsislandlapalma.es\/#website","url":"https:\/\/www.starsislandlapalma.es\/","name":"Stars Island La Palma","description":"La Palma, el lugar perfecto para disfrutar del universo. Primera Reserva Starlight del mundo, en 2012 se reconoce como Destino Tur\u00edstico Starlight","publisher":{"@id":"https:\/\/www.starsislandlapalma.es\/#organization"},"potentialAction":[{"@type":"SearchAction","target":{"@type":"EntryPoint","urlTemplate":"https:\/\/www.starsislandlapalma.es\/?s={search_term_string}"},"query-input":{"@type":"PropertyValueSpecification","valueRequired":true,"valueName":"search_term_string"}}],"inLanguage":"en-US"},{"@type":"Organization","@id":"https:\/\/www.starsislandlapalma.es\/#organization","name":"Star Island La Palma","url":"https:\/\/www.starsislandlapalma.es\/","logo":{"@type":"ImageObject","inLanguage":"en-US","@id":"https:\/\/www.starsislandlapalma.es\/#\/schema\/logo\/image\/","url":"https:\/\/www.starsislandlapalma.es\/wp-content\/uploads\/2022\/01\/logo_starisland.png","contentUrl":"https:\/\/www.starsislandlapalma.es\/wp-content\/uploads\/2022\/01\/logo_starisland.png","width":172,"height":139,"caption":"Star Island La Palma"},"image":{"@id":"https:\/\/www.starsislandlapalma.es\/#\/schema\/logo\/image\/"},"sameAs":["https:\/\/www.facebook.com\/pages\/Starsisland-La-Palma\/210888162375006?ref=hl","https:\/\/x.com\/starsislandlapa","https:\/\/www.pinterest.com\/astroturismo\/","https:\/\/www.youtube.com\/channel\/UCV7sju1ggcBpJG39HQCBtsA"]},{"@type":"Person","@id":"https:\/\/www.starsislandlapalma.es\/#\/schema\/person\/9043f5bd4f379ca7532bf525fa88073b","name":"Stars Island La Palma","image":{"@type":"ImageObject","inLanguage":"en-US","@id":"https:\/\/www.starsislandlapalma.es\/#\/schema\/person\/image\/","url":"https:\/\/secure.gravatar.com\/avatar\/214edfeae37af83662fa1058aeebfb41?s=96&d=mm&r=g","contentUrl":"https:\/\/secure.gravatar.com\/avatar\/214edfeae37af83662fa1058aeebfb41?s=96&d=mm&r=g","caption":"Stars Island La Palma"},"url":"https:\/\/www.starsislandlapalma.es\/en\/author\/star\/"}]}},"_links":{"self":[{"href":"https:\/\/www.starsislandlapalma.es\/en\/wp-json\/wp\/v2\/posts\/25453\/"}],"collection":[{"href":"https:\/\/www.starsislandlapalma.es\/en\/wp-json\/wp\/v2\/posts\/"}],"about":[{"href":"https:\/\/www.starsislandlapalma.es\/en\/wp-json\/wp\/v2\/types\/post\/"}],"author":[{"embeddable":true,"href":"https:\/\/www.starsislandlapalma.es\/en\/wp-json\/wp\/v2\/users\/1\/"}],"replies":[{"embeddable":true,"href":"https:\/\/www.starsislandlapalma.es\/en\/wp-json\/wp\/v2\/comments\/?post=25453"}],"version-history":[{"count":1,"href":"https:\/\/www.starsislandlapalma.es\/en\/wp-json\/wp\/v2\/posts\/25453\/revisions\/"}],"predecessor-version":[{"id":25455,"href":"https:\/\/www.starsislandlapalma.es\/en\/wp-json\/wp\/v2\/posts\/25453\/revisions\/25455\/"}],"wp:featuredmedia":[{"embeddable":true,"href":"https:\/\/www.starsislandlapalma.es\/en\/wp-json\/wp\/v2\/media\/25095\/"}],"wp:attachment":[{"href":"https:\/\/www.starsislandlapalma.es\/en\/wp-json\/wp\/v2\/media\/?parent=25453"}],"wp:term":[{"taxonomy":"category","embeddable":true,"href":"https:\/\/www.starsislandlapalma.es\/en\/wp-json\/wp\/v2\/categories\/?post=25453"},{"taxonomy":"post_tag","embeddable":true,"href":"https:\/\/www.starsislandlapalma.es\/en\/wp-json\/wp\/v2\/tags\/?post=25453"}],"curies":[{"name":"wp","href":"https:\/\/api.w.org\/{rel}","templated":true}]}}