{"id":25477,"date":"2022-06-21T12:42:09","date_gmt":"2022-06-21T12:42:09","guid":{"rendered":"https:\/\/www.starsislandlapalma.es\/ayuntamiento-de-brena-baja-y-ad-astra-descubriran-las-leyendas-del-cielo-a-los-amantes-del-astroturismo\/"},"modified":"2023-02-23T12:02:06","modified_gmt":"2023-02-23T12:02:06","slug":"ayuntamiento-de-brena-baja-y-ad-astra-descubriran-las-leyendas-del-cielo-a-los-amantes-del-astroturismo","status":"publish","type":"post","link":"https:\/\/www.starsislandlapalma.es\/en\/ayuntamiento-de-brena-baja-y-ad-astra-descubriran-las-leyendas-del-cielo-a-los-amantes-del-astroturismo\/","title":{"rendered":"Ayuntamiento de Bre\u00f1a Baja y Ad Astra descubrir\u00e1n las \u201cLeyendas del cielo\u201d a los amantes del astroturismo"},"content":{"rendered":"<blockquote><p><em>La novedosa representaci\u00f3n se<\/em> estrenar\u00e1 el pr\u00f3ximo 9 de julio a las 21:30 horas en Las Salinas de Los Cancajos, Bre\u00f1a Baja con plazas limitadas<\/p><\/blockquote>\n<p>&nbsp;<\/p>\n<p>Las personas aficionadas con el astroturismo tienen una cita con una noche m\u00e1gica en Las Salinas de Los Cancajos el pr\u00f3ximo 9 de julio a las 21:30 horas. Ayuntamiento de Bre\u00f1a Baja y Ad Astra La Palma descubrir\u00e1n las <em>Leyendas del cielo bajo la luz de la luna<\/em> a los asistentes, un verdadero deleite para los sentidos y el alma de la mano de una narradora oral, una pianista y una astr\u00f3noma.<\/p>\n<p>En <em>Leyendas del Cielo bajo la luz de la Luna,<\/em> la astr\u00f3noma Elena Nordio introducir\u00e1 las constelaciones que dieron origen a los mitos y leyendas del cielo, explicando c\u00f3mo encontrarlas en la b\u00f3veda celeste. La actriz y narradora Mar\u00eda J. Batista contar\u00e1 las historias, aportando frescura, intriga y diversi\u00f3n a\u00a0 antiguos mitos y leyendas que se cuentan alrededor del mundo. La pianista Blanca Quevedo aderezar\u00e1 el conjunto, de forma inspiradora y envolvente, con su m\u00fasica.<\/p>\n<p>Las tres guiar\u00e1n a los y las asistentes por un viaje celestial con la imaginaci\u00f3n. El evento concluir\u00e1 con la observaci\u00f3n de la Luna a trav\u00e9s del telescopio, con la exploraci\u00f3n de los cr\u00e1teres y mares de la Luna mientras la observamos, siempre guiados por Elena Nordio.<\/p>\n<p>La representaci\u00f3n de <em>Leyendas del Cielo bajo la luz de la Luna<\/em> contar\u00e1 con aforo limitado por lo que se recomienda la reserva previa de la plaza a trav\u00e9s de la p\u00e1gina web <a href=\"http:\/\/www.adastralapalma.com\/leyendas\">www.adastralapalma.com\/leyendas<\/a>. No obstante, Ayuntamiento y Ad Astra La Palma estudian nuevas fechas para la puesta en escena.<\/p>\n<p>Elena Nordio es astrof\u00edsica y gu\u00eda Starlight. En 2009 llega a Canarias atra\u00edda por el maravilloso cielo de La Palma. En 2010 empieza a dedicarse al astroturismo y en marzo de 2015 funda la empresa <em>Ad Astra La Palma<\/em>. Desde entonces sigue ense\u00f1ando con mucha ilusi\u00f3n y dedicaci\u00f3n nuestros cielos estrellados a locales y turistas de todo el mundo.<\/p>\n<p>Mar\u00eda Jes\u00fas Batista, creadora de iniciativas art\u00edsticas (Comedia teatral, narraci\u00f3n oral, teatro musical, microteatro y video blog) es, desde 1998, directora y actriz de la Compa\u00f1\u00eda de Teatro <em>Cruzado M\u00e1gico<\/em>, de la isla de La Palma, con la que ha recorrido los escenarios de Canarias y participado en Festivales de Teatro y Narraci\u00f3n Oral.<\/p>\n<p>Blanca Quevedo es profesora de la Escuela Insular de M\u00fasica de La Palma desde 2004. Gracias a su extensa formaci\u00f3n e inquietudes art\u00edsticas, participa en proyectos musicales, po\u00e9ticos y teatrales que demuestran su versatilidad esc\u00e9nica. Recientemente ha visto la luz su \u00faltimo trabajo discogr\u00e1fico titulado \u201cIntempesta\u201d junto al chelista Miguel \u00c1ngel Vilari\u00f1o. (Nocturnos para cello y piano).<\/p>\n","protected":false},"excerpt":{"rendered":"<p>La novedosa representaci\u00f3n se estrenar\u00e1 el pr\u00f3ximo 9 de julio a las 21:30 horas en Las Salinas de Los Cancajos, Bre\u00f1a Baja con plazas limitadas<\/p>\n","protected":false},"author":4,"featured_media":24964,"comment_status":"open","ping_status":"open","sticky":false,"template":"","format":"standard","meta":{"footnotes":""},"categories":[139,136],"tags":[1038],"yoast_head":"<!-- This site is optimized with the Yoast SEO plugin v24.5 - https:\/\/yoast.com\/wordpress\/plugins\/seo\/ -->\n<title>Ayuntamiento de Bre\u00f1a Baja y Ad Astra descubrir\u00e1n las \u201cLeyendas del cielo\u201d a los amantes del astroturismo &#8902; Stars Island La Palma<\/title>\n<meta name=\"robots\" content=\"index, follow, max-snippet:-1, max-image-preview:large, max-video-preview:-1\" \/>\n<link rel=\"canonical\" href=\"https:\/\/www.starsislandlapalma.es\/en\/ayuntamiento-de-brena-baja-y-ad-astra-descubriran-las-leyendas-del-cielo-a-los-amantes-del-astroturismo\/\" \/>\n<meta property=\"og:locale\" content=\"en_US\" \/>\n<meta property=\"og:type\" content=\"article\" \/>\n<meta property=\"og:title\" content=\"Ayuntamiento de Bre\u00f1a Baja y Ad Astra descubrir\u00e1n las \u201cLeyendas del cielo\u201d a los amantes del astroturismo\" \/>\n<meta property=\"og:description\" content=\"La novedosa representaci\u00f3n se estrenar\u00e1 el pr\u00f3ximo 9 de julio a las 21:30 horas en Las Salinas de Los Cancajos, Bre\u00f1a Baja con plazas limitadas\" \/>\n<meta property=\"og:url\" content=\"https:\/\/www.starsislandlapalma.es\/en\/ayuntamiento-de-brena-baja-y-ad-astra-descubriran-las-leyendas-del-cielo-a-los-amantes-del-astroturismo\/\" \/>\n<meta property=\"og:site_name\" content=\"Stars Island La Palma\" \/>\n<meta property=\"article:publisher\" content=\"https:\/\/www.facebook.com\/pages\/Starsisland-La-Palma\/210888162375006?ref=hl\" \/>\n<meta property=\"article:published_time\" content=\"2022-06-21T12:42:09+00:00\" \/>\n<meta property=\"article:modified_time\" content=\"2023-02-23T12:02:06+00:00\" \/>\n<meta property=\"og:image\" content=\"https:\/\/www.starsislandlapalma.es\/wp-content\/uploads\/2022\/06\/Leyendas-del-Cielo.jpg\" \/>\n\t<meta property=\"og:image:width\" content=\"1440\" \/>\n\t<meta property=\"og:image:height\" content=\"2036\" \/>\n\t<meta property=\"og:image:type\" content=\"image\/jpeg\" \/>\n<meta name=\"author\" content=\"StarsIsland\" \/>\n<meta name=\"twitter:label1\" content=\"Written by\" \/>\n\t<meta name=\"twitter:data1\" content=\"StarsIsland\" \/>\n\t<meta name=\"twitter:label2\" content=\"Est. reading time\" \/>\n\t<meta name=\"twitter:data2\" content=\"3 minutes\" \/>\n<script type=\"application\/ld+json\" class=\"yoast-schema-graph\">{\"@context\":\"https:\/\/schema.org\",\"@graph\":[{\"@type\":\"Article\",\"@id\":\"https:\/\/www.starsislandlapalma.es\/en\/ayuntamiento-de-brena-baja-y-ad-astra-descubriran-las-leyendas-del-cielo-a-los-amantes-del-astroturismo\/#article\",\"isPartOf\":{\"@id\":\"https:\/\/www.starsislandlapalma.es\/en\/ayuntamiento-de-brena-baja-y-ad-astra-descubriran-las-leyendas-del-cielo-a-los-amantes-del-astroturismo\/\"},\"author\":{\"name\":\"StarsIsland\",\"@id\":\"https:\/\/www.starsislandlapalma.es\/#\/schema\/person\/d2618b46c3dc5c031ddd56a658f9ab25\"},\"headline\":\"Ayuntamiento de Bre\u00f1a Baja y Ad Astra descubrir\u00e1n las \u201cLeyendas del cielo\u201d a los amantes del astroturismo\",\"datePublished\":\"2022-06-21T12:42:09+00:00\",\"dateModified\":\"2023-02-23T12:02:06+00:00\",\"mainEntityOfPage\":{\"@id\":\"https:\/\/www.starsislandlapalma.es\/en\/ayuntamiento-de-brena-baja-y-ad-astra-descubriran-las-leyendas-del-cielo-a-los-amantes-del-astroturismo\/\"},\"wordCount\":496,\"commentCount\":0,\"publisher\":{\"@id\":\"https:\/\/www.starsislandlapalma.es\/#organization\"},\"image\":{\"@id\":\"https:\/\/www.starsislandlapalma.es\/en\/ayuntamiento-de-brena-baja-y-ad-astra-descubriran-las-leyendas-del-cielo-a-los-amantes-del-astroturismo\/#primaryimage\"},\"thumbnailUrl\":\"https:\/\/www.starsislandlapalma.es\/wp-content\/uploads\/2022\/06\/Leyendas-del-Cielo.jpg\",\"keywords\":[\"Leyendas del cielo\"],\"articleSection\":[\"Events\",\"News\"],\"inLanguage\":\"en-US\",\"potentialAction\":[{\"@type\":\"CommentAction\",\"name\":\"Comment\",\"target\":[\"https:\/\/www.starsislandlapalma.es\/en\/ayuntamiento-de-brena-baja-y-ad-astra-descubriran-las-leyendas-del-cielo-a-los-amantes-del-astroturismo\/#respond\"]}]},{\"@type\":\"WebPage\",\"@id\":\"https:\/\/www.starsislandlapalma.es\/en\/ayuntamiento-de-brena-baja-y-ad-astra-descubriran-las-leyendas-del-cielo-a-los-amantes-del-astroturismo\/\",\"url\":\"https:\/\/www.starsislandlapalma.es\/en\/ayuntamiento-de-brena-baja-y-ad-astra-descubriran-las-leyendas-del-cielo-a-los-amantes-del-astroturismo\/\",\"name\":\"Ayuntamiento de Bre\u00f1a Baja y Ad Astra descubrir\u00e1n las \u201cLeyendas del cielo\u201d a los amantes del astroturismo &#8902; Stars Island La Palma\",\"isPartOf\":{\"@id\":\"https:\/\/www.starsislandlapalma.es\/#website\"},\"primaryImageOfPage\":{\"@id\":\"https:\/\/www.starsislandlapalma.es\/en\/ayuntamiento-de-brena-baja-y-ad-astra-descubriran-las-leyendas-del-cielo-a-los-amantes-del-astroturismo\/#primaryimage\"},\"image\":{\"@id\":\"https:\/\/www.starsislandlapalma.es\/en\/ayuntamiento-de-brena-baja-y-ad-astra-descubriran-las-leyendas-del-cielo-a-los-amantes-del-astroturismo\/#primaryimage\"},\"thumbnailUrl\":\"https:\/\/www.starsislandlapalma.es\/wp-content\/uploads\/2022\/06\/Leyendas-del-Cielo.jpg\",\"datePublished\":\"2022-06-21T12:42:09+00:00\",\"dateModified\":\"2023-02-23T12:02:06+00:00\",\"breadcrumb\":{\"@id\":\"https:\/\/www.starsislandlapalma.es\/en\/ayuntamiento-de-brena-baja-y-ad-astra-descubriran-las-leyendas-del-cielo-a-los-amantes-del-astroturismo\/#breadcrumb\"},\"inLanguage\":\"en-US\",\"potentialAction\":[{\"@type\":\"ReadAction\",\"target\":[\"https:\/\/www.starsislandlapalma.es\/en\/ayuntamiento-de-brena-baja-y-ad-astra-descubriran-las-leyendas-del-cielo-a-los-amantes-del-astroturismo\/\"]}]},{\"@type\":\"ImageObject\",\"inLanguage\":\"en-US\",\"@id\":\"https:\/\/www.starsislandlapalma.es\/en\/ayuntamiento-de-brena-baja-y-ad-astra-descubriran-las-leyendas-del-cielo-a-los-amantes-del-astroturismo\/#primaryimage\",\"url\":\"https:\/\/www.starsislandlapalma.es\/wp-content\/uploads\/2022\/06\/Leyendas-del-Cielo.jpg\",\"contentUrl\":\"https:\/\/www.starsislandlapalma.es\/wp-content\/uploads\/2022\/06\/Leyendas-del-Cielo.jpg\",\"width\":1440,\"height\":2036},{\"@type\":\"BreadcrumbList\",\"@id\":\"https:\/\/www.starsislandlapalma.es\/en\/ayuntamiento-de-brena-baja-y-ad-astra-descubriran-las-leyendas-del-cielo-a-los-amantes-del-astroturismo\/#breadcrumb\",\"itemListElement\":[{\"@type\":\"ListItem\",\"position\":1,\"name\":\"Portada\",\"item\":\"https:\/\/www.starsislandlapalma.es\/en\/\"},{\"@type\":\"ListItem\",\"position\":2,\"name\":\"Ayuntamiento de Bre\u00f1a Baja y Ad Astra descubrir\u00e1n las \u201cLeyendas del cielo\u201d a los amantes del astroturismo\"}]},{\"@type\":\"WebSite\",\"@id\":\"https:\/\/www.starsislandlapalma.es\/#website\",\"url\":\"https:\/\/www.starsislandlapalma.es\/\",\"name\":\"Stars Island La Palma\",\"description\":\"La Palma, el lugar perfecto para disfrutar del universo. Primera Reserva Starlight del mundo, en 2012 se reconoce como Destino Tur\u00edstico Starlight\",\"publisher\":{\"@id\":\"https:\/\/www.starsislandlapalma.es\/#organization\"},\"potentialAction\":[{\"@type\":\"SearchAction\",\"target\":{\"@type\":\"EntryPoint\",\"urlTemplate\":\"https:\/\/www.starsislandlapalma.es\/?s={search_term_string}\"},\"query-input\":{\"@type\":\"PropertyValueSpecification\",\"valueRequired\":true,\"valueName\":\"search_term_string\"}}],\"inLanguage\":\"en-US\"},{\"@type\":\"Organization\",\"@id\":\"https:\/\/www.starsislandlapalma.es\/#organization\",\"name\":\"Star Island La Palma\",\"url\":\"https:\/\/www.starsislandlapalma.es\/\",\"logo\":{\"@type\":\"ImageObject\",\"inLanguage\":\"en-US\",\"@id\":\"https:\/\/www.starsislandlapalma.es\/#\/schema\/logo\/image\/\",\"url\":\"https:\/\/www.starsislandlapalma.es\/wp-content\/uploads\/2022\/01\/logo_starisland.png\",\"contentUrl\":\"https:\/\/www.starsislandlapalma.es\/wp-content\/uploads\/2022\/01\/logo_starisland.png\",\"width\":172,\"height\":139,\"caption\":\"Star Island La Palma\"},\"image\":{\"@id\":\"https:\/\/www.starsislandlapalma.es\/#\/schema\/logo\/image\/\"},\"sameAs\":[\"https:\/\/www.facebook.com\/pages\/Starsisland-La-Palma\/210888162375006?ref=hl\",\"https:\/\/x.com\/starsislandlapa\",\"https:\/\/www.pinterest.com\/astroturismo\/\",\"https:\/\/www.youtube.com\/channel\/UCV7sju1ggcBpJG39HQCBtsA\"]},{\"@type\":\"Person\",\"@id\":\"https:\/\/www.starsislandlapalma.es\/#\/schema\/person\/d2618b46c3dc5c031ddd56a658f9ab25\",\"name\":\"StarsIsland\",\"image\":{\"@type\":\"ImageObject\",\"inLanguage\":\"en-US\",\"@id\":\"https:\/\/www.starsislandlapalma.es\/#\/schema\/person\/image\/\",\"url\":\"https:\/\/secure.gravatar.com\/avatar\/30a35f2b7b8f976566433f1ab7d6402f?s=96&d=mm&r=g\",\"contentUrl\":\"https:\/\/secure.gravatar.com\/avatar\/30a35f2b7b8f976566433f1ab7d6402f?s=96&d=mm&r=g\",\"caption\":\"StarsIsland\"},\"url\":\"https:\/\/www.starsislandlapalma.es\/en\/author\/starsisland\/\"}]}<\/script>\n<!-- \/ Yoast SEO plugin. -->","yoast_head_json":{"title":"Ayuntamiento de Bre\u00f1a Baja y Ad Astra descubrir\u00e1n las \u201cLeyendas del cielo\u201d a los amantes del astroturismo &#8902; Stars Island La Palma","robots":{"index":"index","follow":"follow","max-snippet":"max-snippet:-1","max-image-preview":"max-image-preview:large","max-video-preview":"max-video-preview:-1"},"canonical":"https:\/\/www.starsislandlapalma.es\/en\/ayuntamiento-de-brena-baja-y-ad-astra-descubriran-las-leyendas-del-cielo-a-los-amantes-del-astroturismo\/","og_locale":"en_US","og_type":"article","og_title":"Ayuntamiento de Bre\u00f1a Baja y Ad Astra descubrir\u00e1n las \u201cLeyendas del cielo\u201d a los amantes del astroturismo","og_description":"La novedosa representaci\u00f3n se estrenar\u00e1 el pr\u00f3ximo 9 de julio a las 21:30 horas en Las Salinas de Los Cancajos, Bre\u00f1a Baja con plazas limitadas","og_url":"https:\/\/www.starsislandlapalma.es\/en\/ayuntamiento-de-brena-baja-y-ad-astra-descubriran-las-leyendas-del-cielo-a-los-amantes-del-astroturismo\/","og_site_name":"Stars Island La Palma","article_publisher":"https:\/\/www.facebook.com\/pages\/Starsisland-La-Palma\/210888162375006?ref=hl","article_published_time":"2022-06-21T12:42:09+00:00","article_modified_time":"2023-02-23T12:02:06+00:00","og_image":[{"width":1440,"height":2036,"url":"https:\/\/www.starsislandlapalma.es\/wp-content\/uploads\/2022\/06\/Leyendas-del-Cielo.jpg","type":"image\/jpeg"}],"author":"StarsIsland","twitter_misc":{"Written by":"StarsIsland","Est. reading time":"3 minutes"},"schema":{"@context":"https:\/\/schema.org","@graph":[{"@type":"Article","@id":"https:\/\/www.starsislandlapalma.es\/en\/ayuntamiento-de-brena-baja-y-ad-astra-descubriran-las-leyendas-del-cielo-a-los-amantes-del-astroturismo\/#article","isPartOf":{"@id":"https:\/\/www.starsislandlapalma.es\/en\/ayuntamiento-de-brena-baja-y-ad-astra-descubriran-las-leyendas-del-cielo-a-los-amantes-del-astroturismo\/"},"author":{"name":"StarsIsland","@id":"https:\/\/www.starsislandlapalma.es\/#\/schema\/person\/d2618b46c3dc5c031ddd56a658f9ab25"},"headline":"Ayuntamiento de Bre\u00f1a Baja y Ad Astra descubrir\u00e1n las \u201cLeyendas del cielo\u201d a los amantes del astroturismo","datePublished":"2022-06-21T12:42:09+00:00","dateModified":"2023-02-23T12:02:06+00:00","mainEntityOfPage":{"@id":"https:\/\/www.starsislandlapalma.es\/en\/ayuntamiento-de-brena-baja-y-ad-astra-descubriran-las-leyendas-del-cielo-a-los-amantes-del-astroturismo\/"},"wordCount":496,"commentCount":0,"publisher":{"@id":"https:\/\/www.starsislandlapalma.es\/#organization"},"image":{"@id":"https:\/\/www.starsislandlapalma.es\/en\/ayuntamiento-de-brena-baja-y-ad-astra-descubriran-las-leyendas-del-cielo-a-los-amantes-del-astroturismo\/#primaryimage"},"thumbnailUrl":"https:\/\/www.starsislandlapalma.es\/wp-content\/uploads\/2022\/06\/Leyendas-del-Cielo.jpg","keywords":["Leyendas del cielo"],"articleSection":["Events","News"],"inLanguage":"en-US","potentialAction":[{"@type":"CommentAction","name":"Comment","target":["https:\/\/www.starsislandlapalma.es\/en\/ayuntamiento-de-brena-baja-y-ad-astra-descubriran-las-leyendas-del-cielo-a-los-amantes-del-astroturismo\/#respond"]}]},{"@type":"WebPage","@id":"https:\/\/www.starsislandlapalma.es\/en\/ayuntamiento-de-brena-baja-y-ad-astra-descubriran-las-leyendas-del-cielo-a-los-amantes-del-astroturismo\/","url":"https:\/\/www.starsislandlapalma.es\/en\/ayuntamiento-de-brena-baja-y-ad-astra-descubriran-las-leyendas-del-cielo-a-los-amantes-del-astroturismo\/","name":"Ayuntamiento de Bre\u00f1a Baja y Ad Astra descubrir\u00e1n las \u201cLeyendas del cielo\u201d a los amantes del astroturismo &#8902; Stars Island La Palma","isPartOf":{"@id":"https:\/\/www.starsislandlapalma.es\/#website"},"primaryImageOfPage":{"@id":"https:\/\/www.starsislandlapalma.es\/en\/ayuntamiento-de-brena-baja-y-ad-astra-descubriran-las-leyendas-del-cielo-a-los-amantes-del-astroturismo\/#primaryimage"},"image":{"@id":"https:\/\/www.starsislandlapalma.es\/en\/ayuntamiento-de-brena-baja-y-ad-astra-descubriran-las-leyendas-del-cielo-a-los-amantes-del-astroturismo\/#primaryimage"},"thumbnailUrl":"https:\/\/www.starsislandlapalma.es\/wp-content\/uploads\/2022\/06\/Leyendas-del-Cielo.jpg","datePublished":"2022-06-21T12:42:09+00:00","dateModified":"2023-02-23T12:02:06+00:00","breadcrumb":{"@id":"https:\/\/www.starsislandlapalma.es\/en\/ayuntamiento-de-brena-baja-y-ad-astra-descubriran-las-leyendas-del-cielo-a-los-amantes-del-astroturismo\/#breadcrumb"},"inLanguage":"en-US","potentialAction":[{"@type":"ReadAction","target":["https:\/\/www.starsislandlapalma.es\/en\/ayuntamiento-de-brena-baja-y-ad-astra-descubriran-las-leyendas-del-cielo-a-los-amantes-del-astroturismo\/"]}]},{"@type":"ImageObject","inLanguage":"en-US","@id":"https:\/\/www.starsislandlapalma.es\/en\/ayuntamiento-de-brena-baja-y-ad-astra-descubriran-las-leyendas-del-cielo-a-los-amantes-del-astroturismo\/#primaryimage","url":"https:\/\/www.starsislandlapalma.es\/wp-content\/uploads\/2022\/06\/Leyendas-del-Cielo.jpg","contentUrl":"https:\/\/www.starsislandlapalma.es\/wp-content\/uploads\/2022\/06\/Leyendas-del-Cielo.jpg","width":1440,"height":2036},{"@type":"BreadcrumbList","@id":"https:\/\/www.starsislandlapalma.es\/en\/ayuntamiento-de-brena-baja-y-ad-astra-descubriran-las-leyendas-del-cielo-a-los-amantes-del-astroturismo\/#breadcrumb","itemListElement":[{"@type":"ListItem","position":1,"name":"Portada","item":"https:\/\/www.starsislandlapalma.es\/en\/"},{"@type":"ListItem","position":2,"name":"Ayuntamiento de Bre\u00f1a Baja y Ad Astra descubrir\u00e1n las \u201cLeyendas del cielo\u201d a los amantes del astroturismo"}]},{"@type":"WebSite","@id":"https:\/\/www.starsislandlapalma.es\/#website","url":"https:\/\/www.starsislandlapalma.es\/","name":"Stars Island La Palma","description":"La Palma, el lugar perfecto para disfrutar del universo. Primera Reserva Starlight del mundo, en 2012 se reconoce como Destino Tur\u00edstico Starlight","publisher":{"@id":"https:\/\/www.starsislandlapalma.es\/#organization"},"potentialAction":[{"@type":"SearchAction","target":{"@type":"EntryPoint","urlTemplate":"https:\/\/www.starsislandlapalma.es\/?s={search_term_string}"},"query-input":{"@type":"PropertyValueSpecification","valueRequired":true,"valueName":"search_term_string"}}],"inLanguage":"en-US"},{"@type":"Organization","@id":"https:\/\/www.starsislandlapalma.es\/#organization","name":"Star Island La Palma","url":"https:\/\/www.starsislandlapalma.es\/","logo":{"@type":"ImageObject","inLanguage":"en-US","@id":"https:\/\/www.starsislandlapalma.es\/#\/schema\/logo\/image\/","url":"https:\/\/www.starsislandlapalma.es\/wp-content\/uploads\/2022\/01\/logo_starisland.png","contentUrl":"https:\/\/www.starsislandlapalma.es\/wp-content\/uploads\/2022\/01\/logo_starisland.png","width":172,"height":139,"caption":"Star Island La Palma"},"image":{"@id":"https:\/\/www.starsislandlapalma.es\/#\/schema\/logo\/image\/"},"sameAs":["https:\/\/www.facebook.com\/pages\/Starsisland-La-Palma\/210888162375006?ref=hl","https:\/\/x.com\/starsislandlapa","https:\/\/www.pinterest.com\/astroturismo\/","https:\/\/www.youtube.com\/channel\/UCV7sju1ggcBpJG39HQCBtsA"]},{"@type":"Person","@id":"https:\/\/www.starsislandlapalma.es\/#\/schema\/person\/d2618b46c3dc5c031ddd56a658f9ab25","name":"StarsIsland","image":{"@type":"ImageObject","inLanguage":"en-US","@id":"https:\/\/www.starsislandlapalma.es\/#\/schema\/person\/image\/","url":"https:\/\/secure.gravatar.com\/avatar\/30a35f2b7b8f976566433f1ab7d6402f?s=96&d=mm&r=g","contentUrl":"https:\/\/secure.gravatar.com\/avatar\/30a35f2b7b8f976566433f1ab7d6402f?s=96&d=mm&r=g","caption":"StarsIsland"},"url":"https:\/\/www.starsislandlapalma.es\/en\/author\/starsisland\/"}]}},"_links":{"self":[{"href":"https:\/\/www.starsislandlapalma.es\/en\/wp-json\/wp\/v2\/posts\/25477\/"}],"collection":[{"href":"https:\/\/www.starsislandlapalma.es\/en\/wp-json\/wp\/v2\/posts\/"}],"about":[{"href":"https:\/\/www.starsislandlapalma.es\/en\/wp-json\/wp\/v2\/types\/post\/"}],"author":[{"embeddable":true,"href":"https:\/\/www.starsislandlapalma.es\/en\/wp-json\/wp\/v2\/users\/4\/"}],"replies":[{"embeddable":true,"href":"https:\/\/www.starsislandlapalma.es\/en\/wp-json\/wp\/v2\/comments\/?post=25477"}],"version-history":[{"count":1,"href":"https:\/\/www.starsislandlapalma.es\/en\/wp-json\/wp\/v2\/posts\/25477\/revisions\/"}],"predecessor-version":[{"id":25479,"href":"https:\/\/www.starsislandlapalma.es\/en\/wp-json\/wp\/v2\/posts\/25477\/revisions\/25479\/"}],"wp:featuredmedia":[{"embeddable":true,"href":"https:\/\/www.starsislandlapalma.es\/en\/wp-json\/wp\/v2\/media\/24964\/"}],"wp:attachment":[{"href":"https:\/\/www.starsislandlapalma.es\/en\/wp-json\/wp\/v2\/media\/?parent=25477"}],"wp:term":[{"taxonomy":"category","embeddable":true,"href":"https:\/\/www.starsislandlapalma.es\/en\/wp-json\/wp\/v2\/categories\/?post=25477"},{"taxonomy":"post_tag","embeddable":true,"href":"https:\/\/www.starsislandlapalma.es\/en\/wp-json\/wp\/v2\/tags\/?post=25477"}],"curies":[{"name":"wp","href":"https:\/\/api.w.org\/{rel}","templated":true}]}}